{"id":87724,"date":"2025-05-16T15:40:00","date_gmt":"2025-05-16T18:40:00","guid":{"rendered":"https:\/\/blogdoeloiltoncajuhy.com.br\/site\/?p=87724"},"modified":"2025-05-16T15:40:02","modified_gmt":"2025-05-16T18:40:02","slug":"prefeito-garante-novas-estruturas-para-a-educacao-de-filadelfia-em-dialogo-com-o-governo-do-estado","status":"publish","type":"post","link":"https:\/\/blogdoeloiltoncajuhy.com.br\/site\/prefeito-garante-novas-estruturas-para-a-educacao-de-filadelfia-em-dialogo-com-o-governo-do-estado\/","title":{"rendered":"Prefeito garante novas estruturas para a educa\u00e7\u00e3o de Filad\u00e9lfia em di\u00e1logo com o Governo do Estado"},"content":{"rendered":"\n<p><strong>Blog do Eloilton Cajuhy \u2013 BEC<\/strong><\/p>\n\n\n\n<figure class=\"wp-block-image aligncenter size-full\"><a href=\"https:\/\/i0.wp.com\/blogdoeloiltoncajuhy.com.br\/site\/wp-content\/uploads\/2025\/05\/Filadelfia-16-05-2025.jpg?ssl=1\"><img data-recalc-dims=\"1\" fetchpriority=\"high\" decoding=\"async\" width=\"760\" height=\"428\" src=\"https:\/\/i0.wp.com\/blogdoeloiltoncajuhy.com.br\/site\/wp-content\/uploads\/2025\/05\/Filadelfia-16-05-2025.jpg?resize=760%2C428&#038;ssl=1\" alt=\"\" class=\"wp-image-87725\" srcset=\"https:\/\/i0.wp.com\/blogdoeloiltoncajuhy.com.br\/site\/wp-content\/uploads\/2025\/05\/Filadelfia-16-05-2025.jpg?w=760&amp;ssl=1 760w, https:\/\/i0.wp.com\/blogdoeloiltoncajuhy.com.br\/site\/wp-content\/uploads\/2025\/05\/Filadelfia-16-05-2025.jpg?resize=300%2C169&amp;ssl=1 300w\" sizes=\"(max-width: 760px) 100vw, 760px\" \/><\/a><figcaption class=\"wp-element-caption\"><sub>Dr. Andr\u00e9 foi a salvador dialogar com o Governado do Estado para estruturar a educa\u00e7\u00e3o de Filad\u00e9lfia &#8211; Foto: Assessoria de Comunica\u00e7\u00e3o da Prefeitura de Filad\u00e9lfia<\/sub><\/figcaption><\/figure>\n\n\n\n<p>Em agenda oficial em Salvador, o prefeito de Filad\u00e9lfia, Dr. Andr\u00e9, garantiu importantes avan\u00e7os para a educa\u00e7\u00e3o do munic\u00edpio por meio de articula\u00e7\u00f5es com o Governo do Estado e a Secretaria de Educa\u00e7\u00e3o da Bahia.<\/p>\n\n\n\n<p>Entre as conquistas, est\u00e1 a estrutura do Col\u00e9gio Cecentino Maia, que passa a ser incorporada \u00e0 rede municipal, ampliando o atendimento aos alunos e fortalecendo a organiza\u00e7\u00e3o da rede de ensino.<\/p>\n\n\n\n<p><a href=\"https:\/\/whatsapp.com\/channel\/0029VaAT7tDLI8Yfj5y9Z50Z\"><strong><mark style=\"background-color:rgba(0, 0, 0, 0)\" class=\"has-inline-color has-vivid-red-color\">>> Siga nosso canal no WhatsApp e veja mais not\u00edcias<\/mark><\/strong><\/a><\/p>\n\n\n\n<p>Dr. Andr\u00e9 tamb\u00e9m confirmou que o munic\u00edpio recebeu a estrutura do Col\u00e9gio Estadual localizado no povoado de Aguadas. O pr\u00e9dio, que ainda n\u00e3o havia sido utilizado, agora ser\u00e1 reformado e ampliado para atender a educa\u00e7\u00e3o infantil, incluindo ber\u00e7\u00e1rio, beneficiando diretamente as fam\u00edlias da regi\u00e3o.<\/p>\n\n\n\n<p>Outra a\u00e7\u00e3o em andamento \u00e9 o protocolo de solicita\u00e7\u00e3o de uma nova creche para a sede de Filad\u00e9lfia, junto \u00e0 Secretaria de Educa\u00e7\u00e3o do Estado. A proposta ser\u00e1 apresentada nos pr\u00f3ximos dias, refor\u00e7ando o compromisso da gest\u00e3o com a amplia\u00e7\u00e3o da oferta de vagas para a primeira inf\u00e2ncia.<\/p>\n\n\n\n<blockquote class=\"wp-block-quote is-layout-flow wp-block-quote-is-layout-flow\">\n<p><strong><mark style=\"background-color:rgba(0, 0, 0, 0)\" class=\"has-inline-color has-black-color\">\u201cEstamos avan\u00e7ando com planejamento e di\u00e1logo. Nossa prioridade \u00e9 garantir mais acesso, estrutura e qualidade para a educa\u00e7\u00e3o de Filad\u00e9lfia\u201d, destacou Dr. Andr\u00e9.<\/mark><\/strong><\/p>\n<\/blockquote>\n\n\n\n<p>As a\u00e7\u00f5es fazem parte de um pacote de projetos e solicita\u00e7\u00f5es que somam mais de R$ 30 milh\u00f5es em investimentos pleiteados pela gest\u00e3o municipal, demonstrando o empenho do prefeito em buscar solu\u00e7\u00f5es concretas para o desenvolvimento da cidade.<\/p>\n","protected":false},"excerpt":{"rendered":"<p>Blog do Eloilton Cajuhy \u2013 BEC Em agenda oficial em Salvador, o prefeito de Filad\u00e9lfia, Dr. Andr\u00e9, garantiu importantes avan\u00e7os para a educa\u00e7\u00e3o do munic\u00edpio por meio de articula\u00e7\u00f5es com o Governo do Estado e a Secretaria de Educa\u00e7\u00e3o da Bahia. Entre as conquistas, est\u00e1 a estrutura do Col\u00e9gio Cecentino Maia, que passa a ser [&hellip;]<\/p>\n","protected":false},"author":2,"featured_media":87725,"comment_status":"open","ping_status":"open","sticky":false,"template":"","format":"standard","meta":{"_acf_changed":false,"_monsterinsights_skip_tracking":false,"_monsterinsights_sitenote_active":false,"_monsterinsights_sitenote_note":"","_monsterinsights_sitenote_category":0,"_jetpack_memberships_contains_paid_content":false,"footnotes":"","jetpack_publicize_message":"","jetpack_publicize_feature_enabled":true,"jetpack_social_post_already_shared":false,"jetpack_social_options":{"image_generator_settings":{"template":"highway","enabled":false},"version":2}},"categories":[11],"tags":[],"class_list":["post-87724","post","type-post","status-publish","format-standard","has-post-thumbnail","hentry","category-regional"],"acf":[],"jetpack_publicize_connections":[],"jetpack_featured_media_url":"https:\/\/i0.wp.com\/blogdoeloiltoncajuhy.com.br\/site\/wp-content\/uploads\/2025\/05\/Filadelfia-16-05-2025.jpg?fit=760%2C428&ssl=1","jetpack_sharing_enabled":true,"publishpress_future_workflow_manual_trigger":{"enabledWorkflows":[]},"_links":{"self":[{"href":"https:\/\/blogdoeloiltoncajuhy.com.br\/site\/wp-json\/wp\/v2\/posts\/87724","targetHints":{"allow":["GET"]}}],"collection":[{"href":"https:\/\/blogdoeloiltoncajuhy.com.br\/site\/wp-json\/wp\/v2\/posts"}],"about":[{"href":"https:\/\/blogdoeloiltoncajuhy.com.br\/site\/wp-json\/wp\/v2\/types\/post"}],"author":[{"embeddable":true,"href":"https:\/\/blogdoeloiltoncajuhy.com.br\/site\/wp-json\/wp\/v2\/users\/2"}],"replies":[{"embeddable":true,"href":"https:\/\/blogdoeloiltoncajuhy.com.br\/site\/wp-json\/wp\/v2\/comments?post=87724"}],"version-history":[{"count":1,"href":"https:\/\/blogdoeloiltoncajuhy.com.br\/site\/wp-json\/wp\/v2\/posts\/87724\/revisions"}],"predecessor-version":[{"id":87726,"href":"https:\/\/blogdoeloiltoncajuhy.com.br\/site\/wp-json\/wp\/v2\/posts\/87724\/revisions\/87726"}],"wp:featuredmedia":[{"embeddable":true,"href":"https:\/\/blogdoeloiltoncajuhy.com.br\/site\/wp-json\/wp\/v2\/media\/87725"}],"wp:attachment":[{"href":"https:\/\/blogdoeloiltoncajuhy.com.br\/site\/wp-json\/wp\/v2\/media?parent=87724"}],"wp:term":[{"taxonomy":"category","embeddable":true,"href":"https:\/\/blogdoeloiltoncajuhy.com.br\/site\/wp-json\/wp\/v2\/categories?post=87724"},{"taxonomy":"post_tag","embeddable":true,"href":"https:\/\/blogdoeloiltoncajuhy.com.br\/site\/wp-json\/wp\/v2\/tags?post=87724"}],"curies":[{"name":"wp","href":"https:\/\/api.w.org\/{rel}","templated":true}]}}