{"id":87715,"date":"2025-05-16T13:38:29","date_gmt":"2025-05-16T16:38:29","guid":{"rendered":"https:\/\/blogdoeloiltoncajuhy.com.br\/site\/?p=87715"},"modified":"2025-05-16T13:38:31","modified_gmt":"2025-05-16T16:38:31","slug":"deputado-bobo-propoe-politica-estadual-de-assistencia-a-saude-para-pessoas-com-doenca-celiaca","status":"publish","type":"post","link":"https:\/\/blogdoeloiltoncajuhy.com.br\/site\/deputado-bobo-propoe-politica-estadual-de-assistencia-a-saude-para-pessoas-com-doenca-celiaca\/","title":{"rendered":"Deputado Bob\u00f4 prop\u00f5e pol\u00edtica estadual de assist\u00eancia \u00e0 sa\u00fade para pessoas com doen\u00e7a cel\u00edaca"},"content":{"rendered":"\n<p><strong>Ascom Deputado Bob\u00f4<\/strong><\/p>\n\n\n\n<figure class=\"wp-block-image aligncenter size-full is-resized\"><a href=\"https:\/\/i0.wp.com\/blogdoeloiltoncajuhy.com.br\/site\/wp-content\/uploads\/2025\/05\/Foto-Bobo-Sala-de-Comissoes.jpg?ssl=1\"><img data-recalc-dims=\"1\" fetchpriority=\"high\" decoding=\"async\" width=\"601\" height=\"720\" src=\"https:\/\/i0.wp.com\/blogdoeloiltoncajuhy.com.br\/site\/wp-content\/uploads\/2025\/05\/Foto-Bobo-Sala-de-Comissoes.jpg?resize=601%2C720&#038;ssl=1\" alt=\"\" class=\"wp-image-87716\" style=\"width:471px;height:auto\" srcset=\"https:\/\/i0.wp.com\/blogdoeloiltoncajuhy.com.br\/site\/wp-content\/uploads\/2025\/05\/Foto-Bobo-Sala-de-Comissoes.jpg?w=601&amp;ssl=1 601w, https:\/\/i0.wp.com\/blogdoeloiltoncajuhy.com.br\/site\/wp-content\/uploads\/2025\/05\/Foto-Bobo-Sala-de-Comissoes.jpg?resize=250%2C300&amp;ssl=1 250w\" sizes=\"(max-width: 601px) 100vw, 601px\" \/><\/a><figcaption class=\"wp-element-caption\"><sub>Deputado Bob\u00f4 prop\u00f5e pol\u00edtica estadual de assist\u00eancia \u00e0 sa\u00fade para pessoas com doen\u00e7a cel\u00edaca<\/sub><\/figcaption><\/figure>\n\n\n\n<p>O deputado estadual Bob\u00f4 (PCdoB) apresentou na Assembleia Legislativa da Bahia um projeto de lei que institui a pol\u00edtica estadual de assist\u00eancia \u00e0 sa\u00fade a portadores de doen\u00e7a cel\u00edaca. A proposta assegura exames gratuitos, atendimento especializado e a\u00e7\u00f5es educativas voltadas ao diagn\u00f3stico precoce e ao tratamento adequado da doen\u00e7a.<\/p>\n\n\n\n<p><a href=\"https:\/\/whatsapp.com\/channel\/0029VaAT7tDLI8Yfj5y9Z50Z\"><strong><mark style=\"background-color:rgba(0, 0, 0, 0)\" class=\"has-inline-color has-vivid-red-color\">>> Siga nosso canal no WhatsApp e veja mais not\u00edcias<\/mark><\/strong><\/a><\/p>\n\n\n\n<p>A doen\u00e7a cel\u00edaca \u00e9 uma condi\u00e7\u00e3o autoimune causada pela intoler\u00e2ncia permanente ao gl\u00faten, presente no trigo, cevada e centeio. Embora n\u00e3o existam dados consolidados sobre sua preval\u00eancia na Bahia, estima-se que mais de 150 mil baianos convivam com a enfermidade, que pode causar complica\u00e7\u00f5es graves quando n\u00e3o tratada de forma adequada.<\/p>\n\n\n\n<p>De acordo com o projeto, a rede p\u00fablica de sa\u00fade dever\u00e1 oferecer exames como anticorpos sorol\u00f3gicos, IgA total e bi\u00f3psia do intestino delgado, al\u00e9m de acompanhamento com nutricionistas, gastroenterologistas e outros profissionais especializados.<\/p>\n\n\n\n<blockquote class=\"wp-block-quote is-layout-flow wp-block-quote-is-layout-flow\">\n<p><strong><mark style=\"background-color:rgba(0, 0, 0, 0)\" class=\"has-inline-color has-black-color\">\u201cA aus\u00eancia de diagn\u00f3stico e acompanhamento pode levar a complica\u00e7\u00f5es s\u00e9rias, como desnutri\u00e7\u00e3o, infertilidade e at\u00e9 linfoma intestinal. Nosso objetivo \u00e9 ajudar a fortalecer as a\u00e7\u00f5es do Estado no cuidado com essas pessoas\u201d, afirma Bob\u00f4.<\/mark><\/strong><\/p>\n<\/blockquote>\n\n\n\n<p>O texto tamb\u00e9m prev\u00ea campanhas de conscientiza\u00e7\u00e3o, capacita\u00e7\u00e3o cont\u00ednua dos profissionais de sa\u00fade e a cria\u00e7\u00e3o de um cadastro estadual de pacientes, permitindo a formula\u00e7\u00e3o de pol\u00edticas p\u00fablicas baseadas em dados epidemiol\u00f3gicos.<\/p>\n\n\n\n<p>Na justificativa, o parlamentar destaca que a proposta busca ampliar o acesso a direitos e garantir dignidade \u00e0s pessoas cel\u00edacas. \u201c\u00c9 uma iniciativa respons\u00e1vel, preventiva e sens\u00edvel \u00e0s necessidades de milhares de baianos que convivem com a doen\u00e7a muitas vezes sem diagn\u00f3stico nem suporte adequado\u201d, conclui.<\/p>\n","protected":false},"excerpt":{"rendered":"<p>Ascom Deputado Bob\u00f4 O deputado estadual Bob\u00f4 (PCdoB) apresentou na Assembleia Legislativa da Bahia um projeto de lei que institui a pol\u00edtica estadual de assist\u00eancia \u00e0 sa\u00fade a portadores de doen\u00e7a cel\u00edaca. A proposta assegura exames gratuitos, atendimento especializado e a\u00e7\u00f5es educativas voltadas ao diagn\u00f3stico precoce e ao tratamento adequado da doen\u00e7a. >> Siga nosso [&hellip;]<\/p>\n","protected":false},"author":2,"featured_media":87716,"comment_status":"open","ping_status":"open","sticky":false,"template":"","format":"standard","meta":{"_acf_changed":false,"_monsterinsights_skip_tracking":false,"_monsterinsights_sitenote_active":false,"_monsterinsights_sitenote_note":"","_monsterinsights_sitenote_category":0,"_jetpack_memberships_contains_paid_content":false,"footnotes":"","jetpack_publicize_message":"","jetpack_publicize_feature_enabled":true,"jetpack_social_post_already_shared":true,"jetpack_social_options":{"image_generator_settings":{"template":"highway","default_image_id":0,"font":"","enabled":false},"version":2}},"categories":[3],"tags":[],"class_list":["post-87715","post","type-post","status-publish","format-standard","has-post-thumbnail","hentry","category-politica"],"acf":[],"jetpack_publicize_connections":[],"jetpack_featured_media_url":"https:\/\/i0.wp.com\/blogdoeloiltoncajuhy.com.br\/site\/wp-content\/uploads\/2025\/05\/Foto-Bobo-Sala-de-Comissoes.jpg?fit=601%2C720&ssl=1","jetpack_sharing_enabled":true,"publishpress_future_workflow_manual_trigger":{"enabledWorkflows":[]},"_links":{"self":[{"href":"https:\/\/blogdoeloiltoncajuhy.com.br\/site\/wp-json\/wp\/v2\/posts\/87715","targetHints":{"allow":["GET"]}}],"collection":[{"href":"https:\/\/blogdoeloiltoncajuhy.com.br\/site\/wp-json\/wp\/v2\/posts"}],"about":[{"href":"https:\/\/blogdoeloiltoncajuhy.com.br\/site\/wp-json\/wp\/v2\/types\/post"}],"author":[{"embeddable":true,"href":"https:\/\/blogdoeloiltoncajuhy.com.br\/site\/wp-json\/wp\/v2\/users\/2"}],"replies":[{"embeddable":true,"href":"https:\/\/blogdoeloiltoncajuhy.com.br\/site\/wp-json\/wp\/v2\/comments?post=87715"}],"version-history":[{"count":1,"href":"https:\/\/blogdoeloiltoncajuhy.com.br\/site\/wp-json\/wp\/v2\/posts\/87715\/revisions"}],"predecessor-version":[{"id":87717,"href":"https:\/\/blogdoeloiltoncajuhy.com.br\/site\/wp-json\/wp\/v2\/posts\/87715\/revisions\/87717"}],"wp:featuredmedia":[{"embeddable":true,"href":"https:\/\/blogdoeloiltoncajuhy.com.br\/site\/wp-json\/wp\/v2\/media\/87716"}],"wp:attachment":[{"href":"https:\/\/blogdoeloiltoncajuhy.com.br\/site\/wp-json\/wp\/v2\/media?parent=87715"}],"wp:term":[{"taxonomy":"category","embeddable":true,"href":"https:\/\/blogdoeloiltoncajuhy.com.br\/site\/wp-json\/wp\/v2\/categories?post=87715"},{"taxonomy":"post_tag","embeddable":true,"href":"https:\/\/blogdoeloiltoncajuhy.com.br\/site\/wp-json\/wp\/v2\/tags?post=87715"}],"curies":[{"name":"wp","href":"https:\/\/api.w.org\/{rel}","templated":true}]}}