{"id":87709,"date":"2025-05-16T08:51:37","date_gmt":"2025-05-16T11:51:37","guid":{"rendered":"https:\/\/blogdoeloiltoncajuhy.com.br\/site\/?p=87709"},"modified":"2025-05-16T08:51:38","modified_gmt":"2025-05-16T11:51:38","slug":"corregedoria-geral-do-tj-ba-fara-inspecao-ordinaria-em-comarca-de-senhor-do-bonfim","status":"publish","type":"post","link":"https:\/\/blogdoeloiltoncajuhy.com.br\/site\/corregedoria-geral-do-tj-ba-fara-inspecao-ordinaria-em-comarca-de-senhor-do-bonfim\/","title":{"rendered":"Corregedoria Geral do TJ-BA far\u00e1 inspe\u00e7\u00e3o ordin\u00e1ria em Comarca de Senhor do Bonfim"},"content":{"rendered":"\n<p class=\"has-medium-font-size\"><strong>A iniciativa visa assegurar a qualidade e a efici\u00eancia dos servi\u00e7os prestados nas unidades judiciais da regi\u00e3o.<\/strong><\/p>\n\n\n\n<p><strong>Por Pol\u00edtica Livre<\/strong><\/p>\n\n\n\n<figure class=\"wp-block-image aligncenter size-full is-resized\"><a href=\"https:\/\/i0.wp.com\/blogdoeloiltoncajuhy.com.br\/site\/wp-content\/uploads\/2021\/07\/Forum-Edgar-Simoes-Bonfim.jpg\"><img data-recalc-dims=\"1\" fetchpriority=\"high\" decoding=\"async\" width=\"640\" height=\"640\" src=\"https:\/\/i0.wp.com\/blogdoeloiltoncajuhy.com.br\/site\/wp-content\/uploads\/2021\/07\/Forum-Edgar-Simoes-Bonfim.jpg?resize=640%2C640\" alt=\"\" class=\"wp-image-58050\" style=\"width:556px;height:auto\" srcset=\"https:\/\/i0.wp.com\/blogdoeloiltoncajuhy.com.br\/site\/wp-content\/uploads\/2021\/07\/Forum-Edgar-Simoes-Bonfim.jpg?w=640&amp;ssl=1 640w, https:\/\/i0.wp.com\/blogdoeloiltoncajuhy.com.br\/site\/wp-content\/uploads\/2021\/07\/Forum-Edgar-Simoes-Bonfim.jpg?resize=300%2C300&amp;ssl=1 300w, https:\/\/i0.wp.com\/blogdoeloiltoncajuhy.com.br\/site\/wp-content\/uploads\/2021\/07\/Forum-Edgar-Simoes-Bonfim.jpg?resize=150%2C150&amp;ssl=1 150w\" sizes=\"(max-width: 640px) 100vw, 640px\" \/><\/a><figcaption class=\"wp-element-caption\"><sub>Corregedoria Geral do TJ-BA far\u00e1 inspe\u00e7\u00e3o ordin\u00e1ria em Comarca de Senhor do Bonfim<\/sub><\/figcaption><\/figure>\n\n\n\n<p>O desembargador Roberto Maynard Frank, corregedor geral da Justi\u00e7a do Estado da Bahia, anunciou a realiza\u00e7\u00e3o de uma inspe\u00e7\u00e3o ordin\u00e1ria na Comarca de Senhor do Bonfim, a ser realizada entre os dias 2 e 6 de junho de 2025. A iniciativa visa assegurar a qualidade e a efici\u00eancia dos servi\u00e7os prestados nas unidades judiciais da regi\u00e3o.<\/p>\n\n\n\n<p>As unidades que passar\u00e3o por inspe\u00e7\u00e3o incluem o Cart\u00f3rio Distribuidor, as Varas de Feitos de Rela\u00e7\u00f5es de Consumo, C\u00edveis e Comerciais, a Vara do Sistema dos Juizados Especiais, a 1\u00aa Vara Criminal, J\u00fari e de Execu\u00e7\u00f5es Penais, al\u00e9m das unidades administrativas como a Administra\u00e7\u00e3o do F\u00f3rum e a Central de Cumprimento de Mandados, e a Casa Lar.<\/p>\n\n\n\n<p><a href=\"https:\/\/whatsapp.com\/channel\/0029VaAT7tDLI8Yfj5y9Z50Z\"><strong><mark style=\"background-color:rgba(0, 0, 0, 0)\" class=\"has-inline-color has-vivid-red-color\">>> Siga nosso canal no WhatsApp e veja mais not\u00edcias<\/mark><\/strong><\/a><\/p>\n\n\n\n<p>A fiscaliza\u00e7\u00e3o ser\u00e1 conduzida de forma presencial pelas ju\u00edzas auxiliares da Corregedoria, Maria Helena Lordelo de Salles Ribeiro e J\u00fania Ara\u00fajo Ribeiro Dias, juntamente com o juiz auxiliar Eduardo Carlos de Carvalho. As equipes de trabalho s\u00e3o compostas por profissionais com diversas matr\u00edculas, prontos para avaliar o funcionamento das unidades e garantir que os servi\u00e7os oferecidos \u00e0 popula\u00e7\u00e3o atendam aos padr\u00f5es exigidos.<\/p>\n\n\n\n<p>Os respons\u00e1veis pelas unidades inspecionadas devem garantir o acesso da equipe da Corregedoria a todos os recintos e fornecer, se necess\u00e1rio, documentos relevantes, sejam eles sigilosos ou n\u00e3o. Al\u00e9m disso, \u00e9 fundamental que disponibilizem locais e equipamentos adequados para o desenvolvimento dos trabalhos.<\/p>\n\n\n\n<p>Durante o per\u00edodo de inspe\u00e7\u00e3o, a popula\u00e7\u00e3o poder\u00e1 contribuir com o processo, apresentando informa\u00e7\u00f5es, demandas ou queixas sobre os servi\u00e7os prestados, seja de forma presencial ou atrav\u00e9s do e-mail corregedoriageral@tjba.jus.br. Essa abertura ao di\u00e1logo demonstra o compromisso da Justi\u00e7a da Bahia em ouvir e atender \u00e0s necessidades dos cidad\u00e3os.<\/p>\n","protected":false},"excerpt":{"rendered":"<p>A iniciativa visa assegurar a qualidade e a efici\u00eancia dos servi\u00e7os prestados nas unidades judiciais da regi\u00e3o. Por Pol\u00edtica Livre O desembargador Roberto Maynard Frank, corregedor geral da Justi\u00e7a do Estado da Bahia, anunciou a realiza\u00e7\u00e3o de uma inspe\u00e7\u00e3o ordin\u00e1ria na Comarca de Senhor do Bonfim, a ser realizada entre os dias 2 e 6 [&hellip;]<\/p>\n","protected":false},"author":2,"featured_media":87710,"comment_status":"open","ping_status":"open","sticky":false,"template":"","format":"standard","meta":{"_acf_changed":false,"_monsterinsights_skip_tracking":false,"_monsterinsights_sitenote_active":false,"_monsterinsights_sitenote_note":"","_monsterinsights_sitenote_category":0,"_jetpack_memberships_contains_paid_content":false,"footnotes":"","jetpack_publicize_message":"","jetpack_publicize_feature_enabled":true,"jetpack_social_post_already_shared":true,"jetpack_social_options":{"image_generator_settings":{"template":"highway","default_image_id":0,"font":"","enabled":false},"version":2}},"categories":[4],"tags":[],"class_list":["post-87709","post","type-post","status-publish","format-standard","has-post-thumbnail","hentry","category-local"],"acf":[],"jetpack_publicize_connections":[],"jetpack_featured_media_url":"https:\/\/i0.wp.com\/blogdoeloiltoncajuhy.com.br\/site\/wp-content\/uploads\/2025\/05\/Forum-Edgar-Simoes_16-05-2025.jpeg?fit=760%2C528&ssl=1","jetpack_sharing_enabled":true,"publishpress_future_workflow_manual_trigger":{"enabledWorkflows":[]},"_links":{"self":[{"href":"https:\/\/blogdoeloiltoncajuhy.com.br\/site\/wp-json\/wp\/v2\/posts\/87709","targetHints":{"allow":["GET"]}}],"collection":[{"href":"https:\/\/blogdoeloiltoncajuhy.com.br\/site\/wp-json\/wp\/v2\/posts"}],"about":[{"href":"https:\/\/blogdoeloiltoncajuhy.com.br\/site\/wp-json\/wp\/v2\/types\/post"}],"author":[{"embeddable":true,"href":"https:\/\/blogdoeloiltoncajuhy.com.br\/site\/wp-json\/wp\/v2\/users\/2"}],"replies":[{"embeddable":true,"href":"https:\/\/blogdoeloiltoncajuhy.com.br\/site\/wp-json\/wp\/v2\/comments?post=87709"}],"version-history":[{"count":1,"href":"https:\/\/blogdoeloiltoncajuhy.com.br\/site\/wp-json\/wp\/v2\/posts\/87709\/revisions"}],"predecessor-version":[{"id":87711,"href":"https:\/\/blogdoeloiltoncajuhy.com.br\/site\/wp-json\/wp\/v2\/posts\/87709\/revisions\/87711"}],"wp:featuredmedia":[{"embeddable":true,"href":"https:\/\/blogdoeloiltoncajuhy.com.br\/site\/wp-json\/wp\/v2\/media\/87710"}],"wp:attachment":[{"href":"https:\/\/blogdoeloiltoncajuhy.com.br\/site\/wp-json\/wp\/v2\/media?parent=87709"}],"wp:term":[{"taxonomy":"category","embeddable":true,"href":"https:\/\/blogdoeloiltoncajuhy.com.br\/site\/wp-json\/wp\/v2\/categories?post=87709"},{"taxonomy":"post_tag","embeddable":true,"href":"https:\/\/blogdoeloiltoncajuhy.com.br\/site\/wp-json\/wp\/v2\/tags?post=87709"}],"curies":[{"name":"wp","href":"https:\/\/api.w.org\/{rel}","templated":true}]}}