{"id":87707,"date":"2025-05-16T08:13:48","date_gmt":"2025-05-16T11:13:48","guid":{"rendered":"https:\/\/blogdoeloiltoncajuhy.com.br\/site\/?p=87707"},"modified":"2025-05-16T08:13:50","modified_gmt":"2025-05-16T11:13:50","slug":"camara-aprova-projeto-de-lei-de-utilidade-publica-para-a-associacao-dos-espadeiros-de-senhor-do-bonfim","status":"publish","type":"post","link":"https:\/\/blogdoeloiltoncajuhy.com.br\/site\/camara-aprova-projeto-de-lei-de-utilidade-publica-para-a-associacao-dos-espadeiros-de-senhor-do-bonfim\/","title":{"rendered":"C\u00e2mara aprova projeto de lei de utilidade p\u00fablica para a Associa\u00e7\u00e3o dos Espadeiros de Senhor do Bonfim"},"content":{"rendered":"\n<p><strong>Blog do Eloilton Cajuhy \u2013 BEC<\/strong><\/p>\n\n\n\n<figure class=\"wp-block-image aligncenter size-full is-resized\"><a href=\"https:\/\/i0.wp.com\/blogdoeloiltoncajuhy.com.br\/site\/wp-content\/uploads\/2017\/05\/geurra-de-espadas_213.jpg\"><img data-recalc-dims=\"1\" fetchpriority=\"high\" decoding=\"async\" width=\"275\" height=\"183\" src=\"https:\/\/i0.wp.com\/blogdoeloiltoncajuhy.com.br\/site\/wp-content\/uploads\/2017\/05\/geurra-de-espadas_213.jpg?resize=275%2C183\" alt=\"\" class=\"wp-image-17208\" style=\"width:500px;height:auto\" srcset=\"https:\/\/i0.wp.com\/blogdoeloiltoncajuhy.com.br\/site\/wp-content\/uploads\/2017\/05\/geurra-de-espadas_213.jpg?w=275&amp;ssl=1 275w, https:\/\/i0.wp.com\/blogdoeloiltoncajuhy.com.br\/site\/wp-content\/uploads\/2017\/05\/geurra-de-espadas_213.jpg?resize=250%2C166&amp;ssl=1 250w\" sizes=\"(max-width: 275px) 100vw, 275px\" \/><\/a><figcaption class=\"wp-element-caption\"><sub>C\u00e2mara aprova projeto de lei de utilidade p\u00fablica para a Associa\u00e7\u00e3o dos Espadeiros de Senhor do Bonfim<\/sub><\/figcaption><\/figure>\n\n\n\n<p>O <strong>Projeto de Lei n\u00ba 003\/2025<\/strong>, que declara a <strong>Associa\u00e7\u00e3o Cultural dos Espadeiros de Senhor do Bonfim como de Utilidade P\u00fablica Municipal<\/strong>, foi aprovado por unanimidade na C\u00e2mara de Vereadores, em sess\u00e3o realizada na noite desta quinta-feira (15).<\/p>\n\n\n\n<p>A proposta, de autoria do vereador Ary Urbano, representa um importante reconhecimento ao trabalho da Acesb na preserva\u00e7\u00e3o da tradi\u00e7\u00e3o e na busca por solu\u00e7\u00f5es legais e seguras para a Guerra de Espadas.<\/p>\n\n\n\n<p>O t\u00edtulo fortalece a entidade institucionalmente, permitindo o acesso a parcerias, conv\u00eanios e pol\u00edticas p\u00fablicas fundamentais para a implanta\u00e7\u00e3o da f\u00e1brica de espadas no munic\u00edpio.<\/p>\n\n\n\n<p>O plen\u00e1rio Joaquim Muricy Sobrinho ficou repleto de espadeiros e espadeiras, demonstrando a for\u00e7a de uma cultura que resiste e se organiza para garantir seu futuro com responsabilidade.<\/p>\n\n\n\n<p><a href=\"https:\/\/whatsapp.com\/channel\/0029VaAT7tDLI8Yfj5y9Z50Z\"><strong><mark style=\"background-color:rgba(0, 0, 0, 0)\" class=\"has-inline-color has-vivid-red-color\">>> Siga nosso canal no WhatsApp e veja mais not\u00edcias<\/mark><\/strong><\/a><\/p>\n","protected":false},"excerpt":{"rendered":"<p>Blog do Eloilton Cajuhy \u2013 BEC O Projeto de Lei n\u00ba 003\/2025, que declara a Associa\u00e7\u00e3o Cultural dos Espadeiros de Senhor do Bonfim como de Utilidade P\u00fablica Municipal, foi aprovado por unanimidade na C\u00e2mara de Vereadores, em sess\u00e3o realizada na noite desta quinta-feira (15). A proposta, de autoria do vereador Ary Urbano, representa um importante [&hellip;]<\/p>\n","protected":false},"author":2,"featured_media":74363,"comment_status":"open","ping_status":"open","sticky":false,"template":"","format":"standard","meta":{"_acf_changed":false,"_monsterinsights_skip_tracking":false,"_monsterinsights_sitenote_active":false,"_monsterinsights_sitenote_note":"","_monsterinsights_sitenote_category":0,"_jetpack_memberships_contains_paid_content":false,"footnotes":"","jetpack_publicize_message":"","jetpack_publicize_feature_enabled":true,"jetpack_social_post_already_shared":false,"jetpack_social_options":{"image_generator_settings":{"template":"highway","enabled":false},"version":2}},"categories":[4],"tags":[],"class_list":["post-87707","post","type-post","status-publish","format-standard","has-post-thumbnail","hentry","category-local"],"acf":[],"jetpack_publicize_connections":[],"jetpack_featured_media_url":"https:\/\/i0.wp.com\/blogdoeloiltoncajuhy.com.br\/site\/wp-content\/uploads\/2023\/05\/Bonfim_Guerra-de-Espadas_Mauro-Coelho.png?fit=509%2C649&ssl=1","jetpack_sharing_enabled":true,"publishpress_future_workflow_manual_trigger":{"enabledWorkflows":[]},"_links":{"self":[{"href":"https:\/\/blogdoeloiltoncajuhy.com.br\/site\/wp-json\/wp\/v2\/posts\/87707","targetHints":{"allow":["GET"]}}],"collection":[{"href":"https:\/\/blogdoeloiltoncajuhy.com.br\/site\/wp-json\/wp\/v2\/posts"}],"about":[{"href":"https:\/\/blogdoeloiltoncajuhy.com.br\/site\/wp-json\/wp\/v2\/types\/post"}],"author":[{"embeddable":true,"href":"https:\/\/blogdoeloiltoncajuhy.com.br\/site\/wp-json\/wp\/v2\/users\/2"}],"replies":[{"embeddable":true,"href":"https:\/\/blogdoeloiltoncajuhy.com.br\/site\/wp-json\/wp\/v2\/comments?post=87707"}],"version-history":[{"count":1,"href":"https:\/\/blogdoeloiltoncajuhy.com.br\/site\/wp-json\/wp\/v2\/posts\/87707\/revisions"}],"predecessor-version":[{"id":87708,"href":"https:\/\/blogdoeloiltoncajuhy.com.br\/site\/wp-json\/wp\/v2\/posts\/87707\/revisions\/87708"}],"wp:featuredmedia":[{"embeddable":true,"href":"https:\/\/blogdoeloiltoncajuhy.com.br\/site\/wp-json\/wp\/v2\/media\/74363"}],"wp:attachment":[{"href":"https:\/\/blogdoeloiltoncajuhy.com.br\/site\/wp-json\/wp\/v2\/media?parent=87707"}],"wp:term":[{"taxonomy":"category","embeddable":true,"href":"https:\/\/blogdoeloiltoncajuhy.com.br\/site\/wp-json\/wp\/v2\/categories?post=87707"},{"taxonomy":"post_tag","embeddable":true,"href":"https:\/\/blogdoeloiltoncajuhy.com.br\/site\/wp-json\/wp\/v2\/tags?post=87707"}],"curies":[{"name":"wp","href":"https:\/\/api.w.org\/{rel}","templated":true}]}}