{"id":87538,"date":"2025-05-07T17:45:15","date_gmt":"2025-05-07T20:45:15","guid":{"rendered":"https:\/\/blogdoeloiltoncajuhy.com.br\/site\/?p=87538"},"modified":"2025-05-07T17:45:17","modified_gmt":"2025-05-07T20:45:17","slug":"eu-nao-te-criei-para-isso-e-o-presente-que-me-deu-no-dia-das-maes-chora-mulher-ao-ver-filho-preso-apos-assalto-a-onibus","status":"publish","type":"post","link":"https:\/\/blogdoeloiltoncajuhy.com.br\/site\/eu-nao-te-criei-para-isso-e-o-presente-que-me-deu-no-dia-das-maes-chora-mulher-ao-ver-filho-preso-apos-assalto-a-onibus\/","title":{"rendered":"\u2018Eu n\u00e3o te criei para isso. \u00c9 o presente que me deu no Dia das M\u00e3es?\u2019, chora mulher ao ver filho preso ap\u00f3s assalto a \u00f4nibus"},"content":{"rendered":"\n<p class=\"has-medium-font-size\"><strong>Dilson Pimenta Ramos da Silva Costa, de 18 anos, e Marcelo Barbosa de Oliveira, de 19, assaltaram passageiros que estavam em um fresc\u00e3o, em Iraj\u00e1, que seguia para o Centro do Rio.<\/strong><\/p>\n\n\n\n<p><strong>Por Anna Beatriz Louren\u00e7o, RJ1<\/strong><\/p>\n\n\n\n<figure class=\"wp-block-image aligncenter size-full\"><a href=\"https:\/\/i0.wp.com\/blogdoeloiltoncajuhy.com.br\/site\/wp-content\/uploads\/2025\/05\/Mae-se-desespera-ao-saber-de-prisao-de-jovem-durante-assalto-a-onibus-Foto-Reproducao-TV-Globo.png?ssl=1\"><img data-recalc-dims=\"1\" fetchpriority=\"high\" decoding=\"async\" width=\"742\" height=\"369\" src=\"https:\/\/i0.wp.com\/blogdoeloiltoncajuhy.com.br\/site\/wp-content\/uploads\/2025\/05\/Mae-se-desespera-ao-saber-de-prisao-de-jovem-durante-assalto-a-onibus-Foto-Reproducao-TV-Globo.png?resize=742%2C369&#038;ssl=1\" alt=\"\" class=\"wp-image-87539\" srcset=\"https:\/\/i0.wp.com\/blogdoeloiltoncajuhy.com.br\/site\/wp-content\/uploads\/2025\/05\/Mae-se-desespera-ao-saber-de-prisao-de-jovem-durante-assalto-a-onibus-Foto-Reproducao-TV-Globo.png?w=742&amp;ssl=1 742w, https:\/\/i0.wp.com\/blogdoeloiltoncajuhy.com.br\/site\/wp-content\/uploads\/2025\/05\/Mae-se-desespera-ao-saber-de-prisao-de-jovem-durante-assalto-a-onibus-Foto-Reproducao-TV-Globo.png?resize=300%2C149&amp;ssl=1 300w\" sizes=\"(max-width: 742px) 100vw, 742px\" \/><\/a><figcaption class=\"wp-element-caption\"><sub>M\u00e3e se desespera ao saber de pris\u00e3o de jovem durante assalto a \u00f4nibus &#8211; Foto: Reprodu\u00e7\u00e3o \/ TV Globo<\/sub><\/figcaption><\/figure>\n\n\n\n<p>A m\u00e3e de um dos criminosos preso ap\u00f3s um assalto a \u00f4nibus na Avenida Brasil, no Rio de Janeiro, na manh\u00e3 desta quarta-feira (7), se desesperou ao saber da pris\u00e3o do filho.<\/p>\n\n\n\n<blockquote class=\"wp-block-quote is-layout-flow wp-block-quote-is-layout-flow\">\n<p><strong><mark style=\"background-color:rgba(0, 0, 0, 0)\" class=\"has-inline-color has-black-color\">&#8220;Eu n\u00e3o te criei para isso. Por que voc\u00ea faz isso? \u00c9 o presente que me deu no dia das m\u00e3es?&#8221;, dizia a mulher aos prantos.<\/mark><\/strong><\/p>\n<\/blockquote>\n\n\n\n<p>Em frente \u00e0 38\u00aaDP (Br\u00e1s de Pina), ela tamb\u00e9m pediu desculpas \u00e0s v\u00edtimas.<\/p>\n\n\n\n<p>Ele e um outro homem renderam um motorista de um fresc\u00e3o e roubaram passageiros quando o ve\u00edculo passava pela via expressa na altura de Iraj\u00e1, Zona Norte do Rio.<\/p>\n\n\n\n<p>Um passageiro filmou o assalto. O v\u00eddeo mostra o desespero das v\u00edtimas e s\u00faplicas para que os ladr\u00f5es se rendessem. Havia ao menos 25 pessoas no coletivo.<\/p>\n\n\n\n<blockquote class=\"wp-block-quote is-layout-flow wp-block-quote-is-layout-flow\">\n<p><strong><mark style=\"background-color:rgba(0, 0, 0, 0)\" class=\"has-inline-color has-black-color\">\u201cSe entrega a\u00ed, man\u00e9! A pol\u00edcia t\u00e1 aqui com fuzil na frente!\u201d, disse um.<\/mark><\/strong><\/p>\n<\/blockquote>\n\n\n\n<figure class=\"wp-block-image aligncenter size-full is-resized\"><a href=\"https:\/\/i0.wp.com\/blogdoeloiltoncajuhy.com.br\/site\/wp-content\/uploads\/2025\/05\/Dilson-e-Marcelo-Barbosa-%E2%80%94-Foto-Reproducao-TV-Globo.jpeg?ssl=1\"><img data-recalc-dims=\"1\" decoding=\"async\" width=\"800\" height=\"450\" src=\"https:\/\/i0.wp.com\/blogdoeloiltoncajuhy.com.br\/site\/wp-content\/uploads\/2025\/05\/Dilson-e-Marcelo-Barbosa-%E2%80%94-Foto-Reproducao-TV-Globo.jpeg?resize=800%2C450&#038;ssl=1\" alt=\"\" class=\"wp-image-87540\" style=\"width:604px;height:auto\" srcset=\"https:\/\/i0.wp.com\/blogdoeloiltoncajuhy.com.br\/site\/wp-content\/uploads\/2025\/05\/Dilson-e-Marcelo-Barbosa-%E2%80%94-Foto-Reproducao-TV-Globo.jpeg?w=984&amp;ssl=1 984w, https:\/\/i0.wp.com\/blogdoeloiltoncajuhy.com.br\/site\/wp-content\/uploads\/2025\/05\/Dilson-e-Marcelo-Barbosa-%E2%80%94-Foto-Reproducao-TV-Globo.jpeg?resize=300%2C169&amp;ssl=1 300w, https:\/\/i0.wp.com\/blogdoeloiltoncajuhy.com.br\/site\/wp-content\/uploads\/2025\/05\/Dilson-e-Marcelo-Barbosa-%E2%80%94-Foto-Reproducao-TV-Globo.jpeg?resize=768%2C432&amp;ssl=1 768w\" sizes=\"(max-width: 800px) 100vw, 800px\" \/><\/a><figcaption class=\"wp-element-caption\"><sub>Dilson Silva Costa, de 18 anos, e Marcelo Barbosa, de 19, foram presos em flagrante \u2014 Foto: Reprodu\u00e7\u00e3o\/TV Globo<\/sub><\/figcaption><\/figure>\n\n\n\n<p>Nas imagens, tamb\u00e9m \u00e9 poss\u00edvel ver que alguns passageiros se deitaram no piso do coletivo, temendo tiroteio. Mas n\u00e3o houve troca de tiros, e os dois 2 homens acabaram presos. A pol\u00edcia recuperou 9 celulares e apreendeu 1 rev\u00f3lver. Durante a pris\u00e3o, a Avenida Brasil chegou a ser fechada.<\/p>\n\n\n\n<p>Segundo testemunhas, os bandidos apareceram no congestionamento pr\u00f3ximo ao Shopping Via Brasil, na altura de Parada de Lucas, quando anunciaram o assalto. Eles apontaram uma arma para o motorista e exigiram que a porta fosse aberta.<\/p>\n\n\n\n<p>Os presos s\u00e3o: Dilson Pimenta Ramos da Silva Costa, de 18 anos, e Marcelo Barbosa de Oliveira, de 19.<\/p>\n\n\n\n<p>Em nota, a Federa\u00e7\u00e3o das Empresas de Mobilidade do Estado do Rio de Janeiro (Semove) lamentou que, mais uma vez, motorista e passageiros tenham vivenciado amea\u00e7as e momentos de viol\u00eancia dentro do transporte p\u00fablico.<\/p>\n\n\n\n<p><a href=\"https:\/\/whatsapp.com\/channel\/0029VaAT7tDLI8Yfj5y9Z50Z\"><strong><mark style=\"background-color:rgba(0, 0, 0, 0)\" class=\"has-inline-color has-vivid-red-color\">Siga nosso canal no WhatsApp e veja mais not\u00edcias<\/mark><\/strong><\/a><\/p>\n","protected":false},"excerpt":{"rendered":"<p>Dilson Pimenta Ramos da Silva Costa, de 18 anos, e Marcelo Barbosa de Oliveira, de 19, assaltaram passageiros que estavam em um fresc\u00e3o, em Iraj\u00e1, que seguia para o Centro do Rio. Por Anna Beatriz Louren\u00e7o, RJ1 A m\u00e3e de um dos criminosos preso ap\u00f3s um assalto a \u00f4nibus na Avenida Brasil, no Rio de [&hellip;]<\/p>\n","protected":false},"author":2,"featured_media":87539,"comment_status":"open","ping_status":"open","sticky":false,"template":"","format":"standard","meta":{"_acf_changed":false,"_monsterinsights_skip_tracking":false,"_monsterinsights_sitenote_active":false,"_monsterinsights_sitenote_note":"","_monsterinsights_sitenote_category":0,"_jetpack_memberships_contains_paid_content":false,"footnotes":"","jetpack_publicize_message":"","jetpack_publicize_feature_enabled":true,"jetpack_social_post_already_shared":true,"jetpack_social_options":{"image_generator_settings":{"template":"highway","default_image_id":0,"font":"","enabled":false},"version":2}},"categories":[15],"tags":[],"class_list":["post-87538","post","type-post","status-publish","format-standard","has-post-thumbnail","hentry","category-policia"],"acf":[],"jetpack_publicize_connections":[],"jetpack_featured_media_url":"https:\/\/i0.wp.com\/blogdoeloiltoncajuhy.com.br\/site\/wp-content\/uploads\/2025\/05\/Mae-se-desespera-ao-saber-de-prisao-de-jovem-durante-assalto-a-onibus-Foto-Reproducao-TV-Globo.png?fit=742%2C369&ssl=1","jetpack_sharing_enabled":true,"publishpress_future_workflow_manual_trigger":{"enabledWorkflows":[]},"_links":{"self":[{"href":"https:\/\/blogdoeloiltoncajuhy.com.br\/site\/wp-json\/wp\/v2\/posts\/87538","targetHints":{"allow":["GET"]}}],"collection":[{"href":"https:\/\/blogdoeloiltoncajuhy.com.br\/site\/wp-json\/wp\/v2\/posts"}],"about":[{"href":"https:\/\/blogdoeloiltoncajuhy.com.br\/site\/wp-json\/wp\/v2\/types\/post"}],"author":[{"embeddable":true,"href":"https:\/\/blogdoeloiltoncajuhy.com.br\/site\/wp-json\/wp\/v2\/users\/2"}],"replies":[{"embeddable":true,"href":"https:\/\/blogdoeloiltoncajuhy.com.br\/site\/wp-json\/wp\/v2\/comments?post=87538"}],"version-history":[{"count":1,"href":"https:\/\/blogdoeloiltoncajuhy.com.br\/site\/wp-json\/wp\/v2\/posts\/87538\/revisions"}],"predecessor-version":[{"id":87541,"href":"https:\/\/blogdoeloiltoncajuhy.com.br\/site\/wp-json\/wp\/v2\/posts\/87538\/revisions\/87541"}],"wp:featuredmedia":[{"embeddable":true,"href":"https:\/\/blogdoeloiltoncajuhy.com.br\/site\/wp-json\/wp\/v2\/media\/87539"}],"wp:attachment":[{"href":"https:\/\/blogdoeloiltoncajuhy.com.br\/site\/wp-json\/wp\/v2\/media?parent=87538"}],"wp:term":[{"taxonomy":"category","embeddable":true,"href":"https:\/\/blogdoeloiltoncajuhy.com.br\/site\/wp-json\/wp\/v2\/categories?post=87538"},{"taxonomy":"post_tag","embeddable":true,"href":"https:\/\/blogdoeloiltoncajuhy.com.br\/site\/wp-json\/wp\/v2\/tags?post=87538"}],"curies":[{"name":"wp","href":"https:\/\/api.w.org\/{rel}","templated":true}]}}