{"id":87533,"date":"2025-05-07T09:18:16","date_gmt":"2025-05-07T12:18:16","guid":{"rendered":"https:\/\/blogdoeloiltoncajuhy.com.br\/site\/?p=87533"},"modified":"2025-05-07T09:18:18","modified_gmt":"2025-05-07T12:18:18","slug":"corredor-vermelho-abre-o-conclave-1o-voto-sai-as-14h","status":"publish","type":"post","link":"https:\/\/blogdoeloiltoncajuhy.com.br\/site\/corredor-vermelho-abre-o-conclave-1o-voto-sai-as-14h\/","title":{"rendered":"&#8216;Corredor vermelho&#8217; abre o conclave; 1\u00ba voto sai \u00e0s 14h"},"content":{"rendered":"\n<p class=\"has-medium-font-size\"><strong>Celebra\u00e7\u00e3o na Bas\u00edlica de S\u00e3o Pedro abre caminho para vota\u00e7\u00f5es. Novo papa precisa de ao menos 89 votos para ser escolhido.<\/strong><\/p>\n\n\n\n<p><strong>Por g1<\/strong> \u2014 S\u00e3o Paulo<\/p>\n\n\n\n<figure class=\"wp-block-image aligncenter size-full\"><a href=\"https:\/\/i0.wp.com\/blogdoeloiltoncajuhy.com.br\/site\/wp-content\/uploads\/2025\/05\/Cardeais-eleitores-do-conclave-entram-na-Basilica-de-Sao-Pedro-%E2%80%94-Foto-Vaticano.png?ssl=1\"><img data-recalc-dims=\"1\" fetchpriority=\"high\" decoding=\"async\" width=\"800\" height=\"452\" src=\"https:\/\/i0.wp.com\/blogdoeloiltoncajuhy.com.br\/site\/wp-content\/uploads\/2025\/05\/Cardeais-eleitores-do-conclave-entram-na-Basilica-de-Sao-Pedro-%E2%80%94-Foto-Vaticano.png?resize=800%2C452&#038;ssl=1\" alt=\"\" class=\"wp-image-87534\" srcset=\"https:\/\/i0.wp.com\/blogdoeloiltoncajuhy.com.br\/site\/wp-content\/uploads\/2025\/05\/Cardeais-eleitores-do-conclave-entram-na-Basilica-de-Sao-Pedro-%E2%80%94-Foto-Vaticano.png?w=816&amp;ssl=1 816w, https:\/\/i0.wp.com\/blogdoeloiltoncajuhy.com.br\/site\/wp-content\/uploads\/2025\/05\/Cardeais-eleitores-do-conclave-entram-na-Basilica-de-Sao-Pedro-%E2%80%94-Foto-Vaticano.png?resize=300%2C169&amp;ssl=1 300w, https:\/\/i0.wp.com\/blogdoeloiltoncajuhy.com.br\/site\/wp-content\/uploads\/2025\/05\/Cardeais-eleitores-do-conclave-entram-na-Basilica-de-Sao-Pedro-%E2%80%94-Foto-Vaticano.png?resize=768%2C434&amp;ssl=1 768w\" sizes=\"(max-width: 800px) 100vw, 800px\" \/><\/a><figcaption class=\"wp-element-caption\"><sub>Cardeais eleitores do conclave entram na Bas\u00edlica de S\u00e3o Pedro para missa que abre o conclave em 7 de maio de 2025 \u2014 Foto: Vaticano<\/sub><\/figcaption><\/figure>\n\n\n\n<p>A entrada dos cardeais do conclave na missa Pro Eligendo Pontifice formou um &#8220;corredor vermelho&#8221; entre os fi\u00e9is na Bas\u00edlica de S\u00e3o Pedro e representou um momento solene para abrir as cerim\u00f4nias de elei\u00e7\u00e3o do novo papa.<\/p>\n\n\n\n<p>A missa desta quarta-feira (7) abriu oficialmente o conclave e antecede as vota\u00e7\u00f5es dos cardeais. A primeira vota\u00e7\u00e3o deve ocorrer a partir das 14h, tamb\u00e9m no fuso de Bras\u00edlia.<\/p>\n\n\n\n<p><a href=\"https:\/\/whatsapp.com\/channel\/0029VaAT7tDLI8Yfj5y9Z50Z\"><strong><mark style=\"background-color:rgba(0, 0, 0, 0)\" class=\"has-inline-color has-vivid-red-color\">Siga nosso canal no WhatsApp e veja mais not\u00edcias<\/mark><\/strong><\/a><\/p>\n\n\n\n<p>A celebra\u00e7\u00e3o foi aberta ao p\u00fablico, e os cardeais entraram na bas\u00edlica por \u00faltimo, em um corredor isolado dos fi\u00e9is. Eles foram at\u00e9 a frente da igreja e se sentaram em cadeiras perto do altar, em formato de semic\u00edrculo. Esta foi a \u00faltima apari\u00e7\u00e3o p\u00fablica dos cl\u00e9rigos eleitores do novo papa antes da reclus\u00e3o para o conclave.<\/p>\n\n\n\n<p>Durante a entrada dos cardeais, um dos religiosos do Vaticano segurava uma imagem sagrada de Jesus Cristo. Ao chegar ao altar, o decano cardeal Giovanni Batista Re, que celebra a missa, queimou incenso e jogou fuma\u00e7a em imagens sacras e no altar.<\/p>\n\n\n\n<p>A missa teve cantos, rezas e a homilia para inspirar os cardeais em sua escolha para o novo papa. O rito tamb\u00e9m teve passagens em homenagem ao papa Francisco, morto aos 88 anos em abril, como &#8220;oremos pelo falecido romano pont\u00edfice Francisco&#8221;.<\/p>\n\n\n\n<p>A expectativa \u00e9 de que a escolha do novo pont\u00edfice dure de dois a tr\u00eas dias.<\/p>\n\n\n\n<p>A palavra conclave vem do latim cum clavis e significa &#8220;fechado \u00e0 chave&#8221;. Ao todo, 133 cardeais com menos de 80 anos ir\u00e3o eleger o novo pont\u00edfice. Sete deles s\u00e3o brasileiros.<\/p>\n\n\n\n<figure class=\"wp-block-image aligncenter size-full\"><a href=\"https:\/\/i0.wp.com\/blogdoeloiltoncajuhy.com.br\/site\/wp-content\/uploads\/2025\/05\/Cardeais-eleitores-do-conclave-%E2%80%94-Foto-Vaticano.jpeg?ssl=1\"><img data-recalc-dims=\"1\" decoding=\"async\" width=\"800\" height=\"533\" src=\"https:\/\/i0.wp.com\/blogdoeloiltoncajuhy.com.br\/site\/wp-content\/uploads\/2025\/05\/Cardeais-eleitores-do-conclave-%E2%80%94-Foto-Vaticano.jpeg?resize=800%2C533&#038;ssl=1\" alt=\"\" class=\"wp-image-87535\" srcset=\"https:\/\/i0.wp.com\/blogdoeloiltoncajuhy.com.br\/site\/wp-content\/uploads\/2025\/05\/Cardeais-eleitores-do-conclave-%E2%80%94-Foto-Vaticano.jpeg?w=984&amp;ssl=1 984w, https:\/\/i0.wp.com\/blogdoeloiltoncajuhy.com.br\/site\/wp-content\/uploads\/2025\/05\/Cardeais-eleitores-do-conclave-%E2%80%94-Foto-Vaticano.jpeg?resize=300%2C200&amp;ssl=1 300w, https:\/\/i0.wp.com\/blogdoeloiltoncajuhy.com.br\/site\/wp-content\/uploads\/2025\/05\/Cardeais-eleitores-do-conclave-%E2%80%94-Foto-Vaticano.jpeg?resize=768%2C512&amp;ssl=1 768w\" sizes=\"(max-width: 800px) 100vw, 800px\" \/><\/a><figcaption class=\"wp-element-caption\"><sub>Cardeais eleitores do conclave participam de missa Pro Eligendo Pontifice na Bas\u00edlica de S\u00e3o Pedro em 7 de maio de 2025 \u2014 Foto: Vaticano<\/sub><\/figcaption><\/figure>\n","protected":false},"excerpt":{"rendered":"<p>Celebra\u00e7\u00e3o na Bas\u00edlica de S\u00e3o Pedro abre caminho para vota\u00e7\u00f5es. Novo papa precisa de ao menos 89 votos para ser escolhido. Por g1 \u2014 S\u00e3o Paulo A entrada dos cardeais do conclave na missa Pro Eligendo Pontifice formou um &#8220;corredor vermelho&#8221; entre os fi\u00e9is na Bas\u00edlica de S\u00e3o Pedro e representou um momento solene para [&hellip;]<\/p>\n","protected":false},"author":2,"featured_media":87534,"comment_status":"open","ping_status":"open","sticky":false,"template":"","format":"standard","meta":{"_acf_changed":false,"_monsterinsights_skip_tracking":false,"_monsterinsights_sitenote_active":false,"_monsterinsights_sitenote_note":"","_monsterinsights_sitenote_category":0,"_jetpack_memberships_contains_paid_content":false,"footnotes":"","jetpack_publicize_message":"","jetpack_publicize_feature_enabled":true,"jetpack_social_post_already_shared":true,"jetpack_social_options":{"image_generator_settings":{"template":"highway","default_image_id":0,"font":"","enabled":false},"version":2}},"categories":[1],"tags":[],"class_list":["post-87533","post","type-post","status-publish","format-standard","has-post-thumbnail","hentry","category-noticias"],"acf":[],"jetpack_publicize_connections":[],"jetpack_featured_media_url":"https:\/\/i0.wp.com\/blogdoeloiltoncajuhy.com.br\/site\/wp-content\/uploads\/2025\/05\/Cardeais-eleitores-do-conclave-entram-na-Basilica-de-Sao-Pedro-%E2%80%94-Foto-Vaticano.png?fit=816%2C461&ssl=1","jetpack_sharing_enabled":true,"publishpress_future_workflow_manual_trigger":{"enabledWorkflows":[]},"_links":{"self":[{"href":"https:\/\/blogdoeloiltoncajuhy.com.br\/site\/wp-json\/wp\/v2\/posts\/87533","targetHints":{"allow":["GET"]}}],"collection":[{"href":"https:\/\/blogdoeloiltoncajuhy.com.br\/site\/wp-json\/wp\/v2\/posts"}],"about":[{"href":"https:\/\/blogdoeloiltoncajuhy.com.br\/site\/wp-json\/wp\/v2\/types\/post"}],"author":[{"embeddable":true,"href":"https:\/\/blogdoeloiltoncajuhy.com.br\/site\/wp-json\/wp\/v2\/users\/2"}],"replies":[{"embeddable":true,"href":"https:\/\/blogdoeloiltoncajuhy.com.br\/site\/wp-json\/wp\/v2\/comments?post=87533"}],"version-history":[{"count":1,"href":"https:\/\/blogdoeloiltoncajuhy.com.br\/site\/wp-json\/wp\/v2\/posts\/87533\/revisions"}],"predecessor-version":[{"id":87536,"href":"https:\/\/blogdoeloiltoncajuhy.com.br\/site\/wp-json\/wp\/v2\/posts\/87533\/revisions\/87536"}],"wp:featuredmedia":[{"embeddable":true,"href":"https:\/\/blogdoeloiltoncajuhy.com.br\/site\/wp-json\/wp\/v2\/media\/87534"}],"wp:attachment":[{"href":"https:\/\/blogdoeloiltoncajuhy.com.br\/site\/wp-json\/wp\/v2\/media?parent=87533"}],"wp:term":[{"taxonomy":"category","embeddable":true,"href":"https:\/\/blogdoeloiltoncajuhy.com.br\/site\/wp-json\/wp\/v2\/categories?post=87533"},{"taxonomy":"post_tag","embeddable":true,"href":"https:\/\/blogdoeloiltoncajuhy.com.br\/site\/wp-json\/wp\/v2\/tags?post=87533"}],"curies":[{"name":"wp","href":"https:\/\/api.w.org\/{rel}","templated":true}]}}