{"id":87530,"date":"2025-05-07T08:57:03","date_gmt":"2025-05-07T11:57:03","guid":{"rendered":"https:\/\/blogdoeloiltoncajuhy.com.br\/site\/?p=87530"},"modified":"2025-05-07T08:57:05","modified_gmt":"2025-05-07T11:57:05","slug":"wagner-defende-a-renovacao-e-ajuda-a-construir-consensos-afirma-presidente-do-pt-bahia","status":"publish","type":"post","link":"https:\/\/blogdoeloiltoncajuhy.com.br\/site\/wagner-defende-a-renovacao-e-ajuda-a-construir-consensos-afirma-presidente-do-pt-bahia\/","title":{"rendered":"\u201dWagner defende a renova\u00e7\u00e3o e ajuda a construir consensos\u201d, afirma presidente do PT Bahia"},"content":{"rendered":"\n<p class=\"has-medium-font-size\"><strong>Para \u00c9den Valadares, a participa\u00e7\u00e3o do senador petista na elei\u00e7\u00e3o do partido \u00e9 \u2018mais do que leg\u00edtima e bem-vinda, \u00e9 fundamental\u2019.<\/strong><\/p>\n\n\n\n<p><strong>Blog do Eloilton Cajuhy \u2013 BEC<\/strong><\/p>\n\n\n\n<figure class=\"wp-block-image aligncenter size-full\"><a href=\"https:\/\/i0.wp.com\/blogdoeloiltoncajuhy.com.br\/site\/wp-content\/uploads\/2025\/05\/Eden-e-Wagner-2025-05-07-divulgacao.jpeg?ssl=1\"><img data-recalc-dims=\"1\" fetchpriority=\"high\" decoding=\"async\" width=\"740\" height=\"555\" src=\"https:\/\/i0.wp.com\/blogdoeloiltoncajuhy.com.br\/site\/wp-content\/uploads\/2025\/05\/Eden-e-Wagner-2025-05-07-divulgacao.jpeg?resize=740%2C555&#038;ssl=1\" alt=\"\" class=\"wp-image-87531\" srcset=\"https:\/\/i0.wp.com\/blogdoeloiltoncajuhy.com.br\/site\/wp-content\/uploads\/2025\/05\/Eden-e-Wagner-2025-05-07-divulgacao.jpeg?w=740&amp;ssl=1 740w, https:\/\/i0.wp.com\/blogdoeloiltoncajuhy.com.br\/site\/wp-content\/uploads\/2025\/05\/Eden-e-Wagner-2025-05-07-divulgacao.jpeg?resize=300%2C225&amp;ssl=1 300w\" sizes=\"(max-width: 740px) 100vw, 740px\" \/><\/a><figcaption class=\"wp-element-caption\"><sub>Foto: Divulga\u00e7\u00e3o<\/sub><\/figcaption><\/figure>\n\n\n\n<p>O presidente do Partido dos Trabalhadores da Bahia, \u00c9den Valadares, defendeu, nesta quarta-feira (07), como natural e importante a participa\u00e7\u00e3o do senador Jaques Wagner, a maior lideran\u00e7a do PT na Bahia e tamb\u00e9m o maior entusiasta da renova\u00e7\u00e3o da sigla, nas elei\u00e7\u00f5es para a presid\u00eancia do partido, que ser\u00e3o realizadas no dia 06 de julho deste ano. \u00c9den destacou que o senador \u00e9 sempre procurado e consultado por pol\u00edticos e pela milit\u00e2ncia por sua habilidade em construir concord\u00e2ncia de ideias.<\/p>\n\n\n\n<blockquote class=\"wp-block-quote is-layout-flow wp-block-quote-is-layout-flow\">\n<p><strong><mark style=\"background-color:rgba(0, 0, 0, 0)\" class=\"has-inline-color has-black-color\">\u201cO senador conversou comigo, v\u00e1rias vezes, e sei que est\u00e1 conversando com muita gente porque todo mundo est\u00e1 dialogando com todo mundo. Isso \u00e9 mais do que natural no PT. A participa\u00e7\u00e3o do senador \u00e9 mais do que leg\u00edtima e bem-vinda, \u00e9 fundamental. Assim como das bancadas de deputados, dos dirigentes das correntes, das lideran\u00e7as pol\u00edticas do partido, todos estamos conversando e n\u00e3o seria diferente com o senador\u201d, afirmou o presidente estadual do PT Bahia.<\/mark><\/strong><\/p>\n<\/blockquote>\n\n\n\n<p>\u00c9den refor\u00e7ou que a opini\u00e3o do senador, que tamb\u00e9m foi o primeiro presidente do PT estadual, \u00e9 fundamental no Processo de Elei\u00e7\u00e3o Direta para a escolha do pr\u00f3ximo presidente do PT Bahia. \u201cJaques Wagner \u00e9 nossa principal refer\u00eancia, maior lideran\u00e7a do PT, nosso primeiro presidente, ministro, governador, senador, e \u00e9 procurado pela milit\u00e2ncia do partido para dialogar e achar caminho. Ouvir e dar sua opini\u00e3o. Isso \u00e9 importante. Wagner defende a renova\u00e7\u00e3o e ajuda a construir consensos.\u201d<\/p>\n\n\n\n<p>Para o presidente do PT Bahia, o processo da elei\u00e7\u00e3o interna tem sido pautado por uma grande concord\u00e2ncia de ideias e objetivos das diversas correntes internas. \u201cNa minha opini\u00e3o, h\u00e1 mais pontos de converg\u00eancia do que de diverg\u00eancia. Isso \u00e9 importante destacar. Aproximar a dire\u00e7\u00e3o estadual dos territ\u00f3rios e da vida dos diret\u00f3rios municipais, ampliar as bancadas do PT na C\u00e2mara e na ALBA para fortalecer a luta dos movimentos sociais e da classe trabalhadora, reeleger Jer\u00f4nimo e ampliar a vota\u00e7\u00e3o de Lula na Bahia, tem muito acordo nestes pontos. Ent\u00e3o estou otimista que faremos n\u00e3o s\u00f3 o maior como o melhor processo de elei\u00e7\u00e3o interna do PT\u201d, concluiu.<\/p>\n\n\n\n<p><a href=\"https:\/\/whatsapp.com\/channel\/0029VaAT7tDLI8Yfj5y9Z50Z\"><strong><mark style=\"background-color:rgba(0, 0, 0, 0)\" class=\"has-inline-color has-vivid-red-color\">Siga nosso canal no WhatsApp e veja mais not\u00edcias<\/mark><\/strong><\/a><\/p>\n","protected":false},"excerpt":{"rendered":"<p>Para \u00c9den Valadares, a participa\u00e7\u00e3o do senador petista na elei\u00e7\u00e3o do partido \u00e9 \u2018mais do que leg\u00edtima e bem-vinda, \u00e9 fundamental\u2019. Blog do Eloilton Cajuhy \u2013 BEC O presidente do Partido dos Trabalhadores da Bahia, \u00c9den Valadares, defendeu, nesta quarta-feira (07), como natural e importante a participa\u00e7\u00e3o do senador Jaques Wagner, a maior lideran\u00e7a do [&hellip;]<\/p>\n","protected":false},"author":2,"featured_media":87531,"comment_status":"open","ping_status":"open","sticky":false,"template":"","format":"standard","meta":{"_acf_changed":false,"_monsterinsights_skip_tracking":false,"_monsterinsights_sitenote_active":false,"_monsterinsights_sitenote_note":"","_monsterinsights_sitenote_category":0,"_jetpack_memberships_contains_paid_content":false,"footnotes":"","jetpack_publicize_message":"","jetpack_publicize_feature_enabled":true,"jetpack_social_post_already_shared":false,"jetpack_social_options":{"image_generator_settings":{"template":"highway","enabled":false},"version":2}},"categories":[3],"tags":[],"class_list":["post-87530","post","type-post","status-publish","format-standard","has-post-thumbnail","hentry","category-politica"],"acf":[],"jetpack_publicize_connections":[],"jetpack_featured_media_url":"https:\/\/i0.wp.com\/blogdoeloiltoncajuhy.com.br\/site\/wp-content\/uploads\/2025\/05\/Eden-e-Wagner-2025-05-07-divulgacao.jpeg?fit=740%2C555&ssl=1","jetpack_sharing_enabled":true,"publishpress_future_workflow_manual_trigger":{"enabledWorkflows":[]},"_links":{"self":[{"href":"https:\/\/blogdoeloiltoncajuhy.com.br\/site\/wp-json\/wp\/v2\/posts\/87530","targetHints":{"allow":["GET"]}}],"collection":[{"href":"https:\/\/blogdoeloiltoncajuhy.com.br\/site\/wp-json\/wp\/v2\/posts"}],"about":[{"href":"https:\/\/blogdoeloiltoncajuhy.com.br\/site\/wp-json\/wp\/v2\/types\/post"}],"author":[{"embeddable":true,"href":"https:\/\/blogdoeloiltoncajuhy.com.br\/site\/wp-json\/wp\/v2\/users\/2"}],"replies":[{"embeddable":true,"href":"https:\/\/blogdoeloiltoncajuhy.com.br\/site\/wp-json\/wp\/v2\/comments?post=87530"}],"version-history":[{"count":1,"href":"https:\/\/blogdoeloiltoncajuhy.com.br\/site\/wp-json\/wp\/v2\/posts\/87530\/revisions"}],"predecessor-version":[{"id":87532,"href":"https:\/\/blogdoeloiltoncajuhy.com.br\/site\/wp-json\/wp\/v2\/posts\/87530\/revisions\/87532"}],"wp:featuredmedia":[{"embeddable":true,"href":"https:\/\/blogdoeloiltoncajuhy.com.br\/site\/wp-json\/wp\/v2\/media\/87531"}],"wp:attachment":[{"href":"https:\/\/blogdoeloiltoncajuhy.com.br\/site\/wp-json\/wp\/v2\/media?parent=87530"}],"wp:term":[{"taxonomy":"category","embeddable":true,"href":"https:\/\/blogdoeloiltoncajuhy.com.br\/site\/wp-json\/wp\/v2\/categories?post=87530"},{"taxonomy":"post_tag","embeddable":true,"href":"https:\/\/blogdoeloiltoncajuhy.com.br\/site\/wp-json\/wp\/v2\/tags?post=87530"}],"curies":[{"name":"wp","href":"https:\/\/api.w.org\/{rel}","templated":true}]}}