{"id":87528,"date":"2025-05-06T21:02:06","date_gmt":"2025-05-07T00:02:06","guid":{"rendered":"https:\/\/blogdoeloiltoncajuhy.com.br\/site\/?p=87528"},"modified":"2025-05-06T21:02:08","modified_gmt":"2025-05-07T00:02:08","slug":"rede-de-supermercados-oferece-275-vagas-de-emprego-em-bonfim-e-outras-cidades-da-bahia-saiba-como-se-inscrever","status":"publish","type":"post","link":"https:\/\/blogdoeloiltoncajuhy.com.br\/site\/rede-de-supermercados-oferece-275-vagas-de-emprego-em-bonfim-e-outras-cidades-da-bahia-saiba-como-se-inscrever\/","title":{"rendered":"Rede de supermercados oferece 275 vagas de emprego em Bonfim e outras cidades da Bahia; saiba como se inscrever"},"content":{"rendered":"\n<p class=\"has-medium-font-size\"><strong>Oportunidades s\u00e3o para fun\u00e7\u00f5es como a\u00e7ougueiro, atendente de loja, operador de caixa e padeiro.<\/strong><\/p>\n\n\n\n<p><strong>Blog do Eloilton Cajuhy \u2013 BEC<\/strong><\/p>\n\n\n\n<figure class=\"wp-block-image aligncenter size-large\"><a href=\"https:\/\/i0.wp.com\/blogdoeloiltoncajuhy.com.br\/site\/wp-content\/uploads\/2019\/12\/Assa%C3%AD-Inaugura%C3%A7%C3%A3o-01.jpg\"><img data-recalc-dims=\"1\" fetchpriority=\"high\" decoding=\"async\" width=\"800\" height=\"534\" src=\"https:\/\/i0.wp.com\/blogdoeloiltoncajuhy.com.br\/site\/wp-content\/uploads\/2019\/12\/Assa%C3%AD-Inaugura%C3%A7%C3%A3o-01.jpg?resize=800%2C534\" alt=\"\" class=\"wp-image-39574\" srcset=\"https:\/\/i0.wp.com\/blogdoeloiltoncajuhy.com.br\/site\/wp-content\/uploads\/2019\/12\/Assa%C3%AD-Inaugura%C3%A7%C3%A3o-01.jpg?resize=1024%2C683&amp;ssl=1 1024w, https:\/\/i0.wp.com\/blogdoeloiltoncajuhy.com.br\/site\/wp-content\/uploads\/2019\/12\/Assa%C3%AD-Inaugura%C3%A7%C3%A3o-01.jpg?resize=300%2C200&amp;ssl=1 300w, https:\/\/i0.wp.com\/blogdoeloiltoncajuhy.com.br\/site\/wp-content\/uploads\/2019\/12\/Assa%C3%AD-Inaugura%C3%A7%C3%A3o-01.jpg?resize=768%2C512&amp;ssl=1 768w, https:\/\/i0.wp.com\/blogdoeloiltoncajuhy.com.br\/site\/wp-content\/uploads\/2019\/12\/Assa%C3%AD-Inaugura%C3%A7%C3%A3o-01.jpg?resize=1536%2C1024&amp;ssl=1 1536w, https:\/\/i0.wp.com\/blogdoeloiltoncajuhy.com.br\/site\/wp-content\/uploads\/2019\/12\/Assa%C3%AD-Inaugura%C3%A7%C3%A3o-01.jpg?resize=250%2C167&amp;ssl=1 250w, https:\/\/i0.wp.com\/blogdoeloiltoncajuhy.com.br\/site\/wp-content\/uploads\/2019\/12\/Assa%C3%AD-Inaugura%C3%A7%C3%A3o-01.jpg?w=2048&amp;ssl=1 2048w, https:\/\/i0.wp.com\/blogdoeloiltoncajuhy.com.br\/site\/wp-content\/uploads\/2019\/12\/Assa%C3%AD-Inaugura%C3%A7%C3%A3o-01.jpg?w=1600 1600w\" sizes=\"(max-width: 800px) 100vw, 800px\" \/><\/a><figcaption class=\"wp-element-caption\"><sub>Assa\u00ed Atacadista Senhor do Bonfim &#8211; Foto: Jeferson Ribeiro<\/sub><\/figcaption><\/figure>\n\n\n\n<p>A rede de supermercados Assa\u00ed Atacadista oferece 275 vagas de emprego em Senhor do Bonfim, Salvador e outros munic\u00edpios do interior do estado. As oportunidades abrangem diversas \u00e1reas operacionais e est\u00e3o dispon\u00edveis para pessoas com defici\u00eancia.<\/p>\n\n\n\n<p>\u00c9 poss\u00edvel se candidatar a uma vaga em Barreiras, Cama\u00e7ari, Feira de Santana, Itapetinga, Jequi\u00e9, Juazeiro, Lauro de Freitas e Teixeira de Freitas. Entre as oportunidades oferecidas est\u00e3o vagas para os cargos de a\u00e7ougueiro, atendente de loja, operador de caixa, padeiro, entre outras.<\/p>\n\n\n\n<p>Os interessados devem se cadastrar no <a href=\"https:\/\/assai.gupy.io\/\"><strong><mark style=\"background-color:rgba(0, 0, 0, 0)\" class=\"has-inline-color has-vivid-cyan-blue-color\">banco de dados da rede<\/mark><\/strong><\/a>. Para isso, \u00e9 necess\u00e1rio ter mais de 18 anos e ter completado o Ensino M\u00e9dio.\u202f<\/p>\n\n\n\n<p>O processo seletivo ser\u00e1 realizado com etapas presenciais e online. Como a empresa vai manter o banco de dados aberto, n\u00e3o h\u00e1 prazo final para se inscrever.<\/p>\n\n\n\n<p><a href=\"https:\/\/whatsapp.com\/channel\/0029VaAT7tDLI8Yfj5y9Z50Z\"><strong><mark style=\"background-color:rgba(0, 0, 0, 0)\" class=\"has-inline-color has-vivid-red-color\">Siga nosso canal no WhatsApp e veja mais not\u00edcias<\/mark><\/strong><\/a><\/p>\n","protected":false},"excerpt":{"rendered":"<p>Oportunidades s\u00e3o para fun\u00e7\u00f5es como a\u00e7ougueiro, atendente de loja, operador de caixa e padeiro. Blog do Eloilton Cajuhy \u2013 BEC A rede de supermercados Assa\u00ed Atacadista oferece 275 vagas de emprego em Senhor do Bonfim, Salvador e outros munic\u00edpios do interior do estado. As oportunidades abrangem diversas \u00e1reas operacionais e est\u00e3o dispon\u00edveis para pessoas com [&hellip;]<\/p>\n","protected":false},"author":2,"featured_media":39574,"comment_status":"open","ping_status":"open","sticky":false,"template":"","format":"standard","meta":{"_acf_changed":false,"_monsterinsights_skip_tracking":false,"_monsterinsights_sitenote_active":false,"_monsterinsights_sitenote_note":"","_monsterinsights_sitenote_category":0,"_jetpack_memberships_contains_paid_content":false,"footnotes":"","jetpack_publicize_message":"","jetpack_publicize_feature_enabled":true,"jetpack_social_post_already_shared":false,"jetpack_social_options":{"image_generator_settings":{"template":"highway","enabled":false},"version":2}},"categories":[32],"tags":[],"class_list":["post-87528","post","type-post","status-publish","format-standard","has-post-thumbnail","hentry","category-emprego"],"acf":[],"jetpack_publicize_connections":[],"jetpack_featured_media_url":"https:\/\/i0.wp.com\/blogdoeloiltoncajuhy.com.br\/site\/wp-content\/uploads\/2019\/12\/Assa%C3%AD-Inaugura%C3%A7%C3%A3o-01.jpg?fit=2048%2C1365&ssl=1","jetpack_sharing_enabled":true,"publishpress_future_workflow_manual_trigger":{"enabledWorkflows":[]},"_links":{"self":[{"href":"https:\/\/blogdoeloiltoncajuhy.com.br\/site\/wp-json\/wp\/v2\/posts\/87528","targetHints":{"allow":["GET"]}}],"collection":[{"href":"https:\/\/blogdoeloiltoncajuhy.com.br\/site\/wp-json\/wp\/v2\/posts"}],"about":[{"href":"https:\/\/blogdoeloiltoncajuhy.com.br\/site\/wp-json\/wp\/v2\/types\/post"}],"author":[{"embeddable":true,"href":"https:\/\/blogdoeloiltoncajuhy.com.br\/site\/wp-json\/wp\/v2\/users\/2"}],"replies":[{"embeddable":true,"href":"https:\/\/blogdoeloiltoncajuhy.com.br\/site\/wp-json\/wp\/v2\/comments?post=87528"}],"version-history":[{"count":1,"href":"https:\/\/blogdoeloiltoncajuhy.com.br\/site\/wp-json\/wp\/v2\/posts\/87528\/revisions"}],"predecessor-version":[{"id":87529,"href":"https:\/\/blogdoeloiltoncajuhy.com.br\/site\/wp-json\/wp\/v2\/posts\/87528\/revisions\/87529"}],"wp:featuredmedia":[{"embeddable":true,"href":"https:\/\/blogdoeloiltoncajuhy.com.br\/site\/wp-json\/wp\/v2\/media\/39574"}],"wp:attachment":[{"href":"https:\/\/blogdoeloiltoncajuhy.com.br\/site\/wp-json\/wp\/v2\/media?parent=87528"}],"wp:term":[{"taxonomy":"category","embeddable":true,"href":"https:\/\/blogdoeloiltoncajuhy.com.br\/site\/wp-json\/wp\/v2\/categories?post=87528"},{"taxonomy":"post_tag","embeddable":true,"href":"https:\/\/blogdoeloiltoncajuhy.com.br\/site\/wp-json\/wp\/v2\/tags?post=87528"}],"curies":[{"name":"wp","href":"https:\/\/api.w.org\/{rel}","templated":true}]}}