{"id":87524,"date":"2025-05-07T00:10:00","date_gmt":"2025-05-07T03:10:00","guid":{"rendered":"https:\/\/blogdoeloiltoncajuhy.com.br\/site\/?p=87524"},"modified":"2025-05-06T20:42:46","modified_gmt":"2025-05-06T23:42:46","slug":"senadores-comecam-a-discutir-proposta-que-inclui-na-constituicao-a-garantia-da-educacao-inclusiva","status":"publish","type":"post","link":"https:\/\/blogdoeloiltoncajuhy.com.br\/site\/senadores-comecam-a-discutir-proposta-que-inclui-na-constituicao-a-garantia-da-educacao-inclusiva\/","title":{"rendered":"Senadores come\u00e7am a discutir proposta que inclui na Constitui\u00e7\u00e3o a garantia da educa\u00e7\u00e3o inclusiva"},"content":{"rendered":"\n<p class=\"has-medium-font-size\"><strong>PEC estabelece que o direito n\u00e3o estar\u00e1 restrito a pessoas com defici\u00eancia, mas a grupos vulner\u00e1veis.<\/strong><\/p>\n\n\n\n<p><strong>Blog do Eloilton Cajuhy \u2013 BEC<\/strong><\/p>\n\n\n\n<figure class=\"wp-block-image aligncenter size-full\"><a href=\"https:\/\/i0.wp.com\/blogdoeloiltoncajuhy.com.br\/site\/wp-content\/uploads\/2025\/05\/Educacao-inclusiva-Foto-Paulo-H-Carvalho-Agencia-Brasilia.jpeg?ssl=1\"><img data-recalc-dims=\"1\" fetchpriority=\"high\" decoding=\"async\" width=\"675\" height=\"450\" src=\"https:\/\/i0.wp.com\/blogdoeloiltoncajuhy.com.br\/site\/wp-content\/uploads\/2025\/05\/Educacao-inclusiva-Foto-Paulo-H-Carvalho-Agencia-Brasilia.jpeg?resize=675%2C450&#038;ssl=1\" alt=\"\" class=\"wp-image-87525\" srcset=\"https:\/\/i0.wp.com\/blogdoeloiltoncajuhy.com.br\/site\/wp-content\/uploads\/2025\/05\/Educacao-inclusiva-Foto-Paulo-H-Carvalho-Agencia-Brasilia.jpeg?w=675&amp;ssl=1 675w, https:\/\/i0.wp.com\/blogdoeloiltoncajuhy.com.br\/site\/wp-content\/uploads\/2025\/05\/Educacao-inclusiva-Foto-Paulo-H-Carvalho-Agencia-Brasilia.jpeg?resize=300%2C200&amp;ssl=1 300w\" sizes=\"(max-width: 675px) 100vw, 675px\" \/><\/a><figcaption class=\"wp-element-caption\"><sub>Foto: Paulo H Carvalho \/ Ag\u00eancia Bras\u00edlia<\/sub><\/figcaption><\/figure>\n\n\n\n<p>De autoria do senador Marcelo Castro, do MDB do Piau\u00ed, a proposta vai incluir na Constitui\u00e7\u00e3o a garantia do ensino inclusivo em todos os n\u00edveis e modalidades, da pr\u00e9-escola \u00e0 universidade. Para isso, ser\u00e3o consideradas as caracter\u00edsticas, interesses e necessidades de aprendizagem do aluno.<\/p>\n\n\n\n<p>Marcelo Castro destacou que a PEC n\u00e3o trata apenas das pessoas com defici\u00eancia, mas daquelas que vivem em situa\u00e7\u00e3o de vulnerabilidade, como minorias \u00e9ticas, culturais, religiosas e de g\u00eanero. Ele considera relevante tornar o ensino inclusivo um direito constitucional para obrigar o Poder P\u00fablico a atender esses alunos.<\/p>\n\n\n\n<p>&#8220;Acho que \u00e9 um passo significativo levarmos isso ao status de constitucional para que isso fa\u00e7a parte de toda legisla\u00e7\u00e3o, de toda regra e de tudo que se for fazer daqui por diante com rela\u00e7\u00e3o \u00e0 educa\u00e7\u00e3o no Brasil tenha esse princ\u00edpio da inclus\u00e3o dessas pessoas no ensino tanto p\u00fablico quanto privado&#8221;.<\/p>\n\n\n\n<p><a href=\"https:\/\/whatsapp.com\/channel\/0029VaAT7tDLI8Yfj5y9Z50Z\"><strong><mark style=\"background-color:rgba(0, 0, 0, 0)\" class=\"has-inline-color has-vivid-red-color\">Siga nosso canal no WhatsApp e veja mais not\u00edcias<\/mark><\/strong><\/a><\/p>\n\n\n\n<p>J\u00e1 a senadora, Zenaide Maia, do PSD do Rio Grande do Norte, que \u00e9 m\u00e9dica, lembrou que muitos alunos com defici\u00eancia, que frequentam escolas, n\u00e3o contam com ferramentas necess\u00e1rias para que possam de fato aprender.<\/p>\n\n\n\n<p>&#8220;\u00c9 claro que tem que ser o ensino inclusivo porque tudo passa pela educa\u00e7\u00e3o. Como pode ter um aluno numa sala de aula, por exemplo, com defici\u00eancia visual e n\u00e3o ter nada em Braille e muito menos em tecnologias assistivas que a gente sabe. Como pode ter um aluno na sala de aula que \u00e9 surdo e n\u00e3o ter um tradutor de Libras e n\u00e3o ter outras tecnologias que hoje a gente sabe que existe tecnologia assistiva.<\/p>\n\n\n\n<p>Segundo o IBGE, cerca de 19 milh\u00f5es de brasileiros possuem algum tipo de defici\u00eancia. Desses, 19,5% s\u00e3o analfabetos.<\/p>\n\n\n\n<p>Por mudar a Constitui\u00e7\u00e3o, a proposta ser\u00e1 discutida em cinco sess\u00f5es no Plen\u00e1rio antes da vota\u00e7\u00e3o em primeiro turno e em outras tr\u00eas para a aprecia\u00e7\u00e3o em segundo turno.<\/p>\n","protected":false},"excerpt":{"rendered":"<p>PEC estabelece que o direito n\u00e3o estar\u00e1 restrito a pessoas com defici\u00eancia, mas a grupos vulner\u00e1veis. Blog do Eloilton Cajuhy \u2013 BEC De autoria do senador Marcelo Castro, do MDB do Piau\u00ed, a proposta vai incluir na Constitui\u00e7\u00e3o a garantia do ensino inclusivo em todos os n\u00edveis e modalidades, da pr\u00e9-escola \u00e0 universidade. Para isso, [&hellip;]<\/p>\n","protected":false},"author":2,"featured_media":87525,"comment_status":"open","ping_status":"open","sticky":false,"template":"","format":"standard","meta":{"_acf_changed":false,"_monsterinsights_skip_tracking":false,"_monsterinsights_sitenote_active":false,"_monsterinsights_sitenote_note":"","_monsterinsights_sitenote_category":0,"_jetpack_memberships_contains_paid_content":false,"footnotes":"","jetpack_publicize_message":"","jetpack_publicize_feature_enabled":true,"jetpack_social_post_already_shared":true,"jetpack_social_options":{"image_generator_settings":{"template":"highway","enabled":false},"version":2}},"categories":[3],"tags":[],"class_list":["post-87524","post","type-post","status-publish","format-standard","has-post-thumbnail","hentry","category-politica"],"acf":[],"jetpack_publicize_connections":[],"jetpack_featured_media_url":"https:\/\/i0.wp.com\/blogdoeloiltoncajuhy.com.br\/site\/wp-content\/uploads\/2025\/05\/Educacao-inclusiva-Foto-Paulo-H-Carvalho-Agencia-Brasilia.jpeg?fit=675%2C450&ssl=1","jetpack_sharing_enabled":true,"publishpress_future_workflow_manual_trigger":{"enabledWorkflows":[]},"_links":{"self":[{"href":"https:\/\/blogdoeloiltoncajuhy.com.br\/site\/wp-json\/wp\/v2\/posts\/87524","targetHints":{"allow":["GET"]}}],"collection":[{"href":"https:\/\/blogdoeloiltoncajuhy.com.br\/site\/wp-json\/wp\/v2\/posts"}],"about":[{"href":"https:\/\/blogdoeloiltoncajuhy.com.br\/site\/wp-json\/wp\/v2\/types\/post"}],"author":[{"embeddable":true,"href":"https:\/\/blogdoeloiltoncajuhy.com.br\/site\/wp-json\/wp\/v2\/users\/2"}],"replies":[{"embeddable":true,"href":"https:\/\/blogdoeloiltoncajuhy.com.br\/site\/wp-json\/wp\/v2\/comments?post=87524"}],"version-history":[{"count":2,"href":"https:\/\/blogdoeloiltoncajuhy.com.br\/site\/wp-json\/wp\/v2\/posts\/87524\/revisions"}],"predecessor-version":[{"id":87527,"href":"https:\/\/blogdoeloiltoncajuhy.com.br\/site\/wp-json\/wp\/v2\/posts\/87524\/revisions\/87527"}],"wp:featuredmedia":[{"embeddable":true,"href":"https:\/\/blogdoeloiltoncajuhy.com.br\/site\/wp-json\/wp\/v2\/media\/87525"}],"wp:attachment":[{"href":"https:\/\/blogdoeloiltoncajuhy.com.br\/site\/wp-json\/wp\/v2\/media?parent=87524"}],"wp:term":[{"taxonomy":"category","embeddable":true,"href":"https:\/\/blogdoeloiltoncajuhy.com.br\/site\/wp-json\/wp\/v2\/categories?post=87524"},{"taxonomy":"post_tag","embeddable":true,"href":"https:\/\/blogdoeloiltoncajuhy.com.br\/site\/wp-json\/wp\/v2\/tags?post=87524"}],"curies":[{"name":"wp","href":"https:\/\/api.w.org\/{rel}","templated":true}]}}