{"id":87520,"date":"2025-05-07T00:10:00","date_gmt":"2025-05-07T03:10:00","guid":{"rendered":"https:\/\/blogdoeloiltoncajuhy.com.br\/site\/?p=87520"},"modified":"2025-05-06T20:29:01","modified_gmt":"2025-05-06T23:29:01","slug":"instituto-nacional-do-cancer-alerta-deputados-sobre-riscos-da-legalizacao-dos-cigarros-eletronicos","status":"publish","type":"post","link":"https:\/\/blogdoeloiltoncajuhy.com.br\/site\/instituto-nacional-do-cancer-alerta-deputados-sobre-riscos-da-legalizacao-dos-cigarros-eletronicos\/","title":{"rendered":"Instituto Nacional do C\u00e2ncer alerta deputados sobre riscos da legaliza\u00e7\u00e3o dos cigarros eletr\u00f4nicos"},"content":{"rendered":"\n<p class=\"has-medium-font-size\"><strong>Debate foi promovido pela Comiss\u00e3o de Previd\u00eancia, Assist\u00eancia Social, Inf\u00e2ncia, Adolesc\u00eancia e Fam\u00edlia da C\u00e2mara<\/strong><\/p>\n\n\n\n<p><strong>Blog do Eloilton Cajuhy \u2013 BEC<\/strong><\/p>\n\n\n\n<figure class=\"wp-block-image aligncenter size-full\"><a href=\"https:\/\/i0.wp.com\/blogdoeloiltoncajuhy.com.br\/site\/wp-content\/uploads\/2025\/05\/Especialistas-alertam-cigarros-eletronicos-Foto-Zeca-Ribeiro-Camara-dos-Deputados.jpg?ssl=1\"><img data-recalc-dims=\"1\" fetchpriority=\"high\" decoding=\"async\" width=\"768\" height=\"473\" src=\"https:\/\/i0.wp.com\/blogdoeloiltoncajuhy.com.br\/site\/wp-content\/uploads\/2025\/05\/Especialistas-alertam-cigarros-eletronicos-Foto-Zeca-Ribeiro-Camara-dos-Deputados.jpg?resize=768%2C473&#038;ssl=1\" alt=\"\" class=\"wp-image-87521\" srcset=\"https:\/\/i0.wp.com\/blogdoeloiltoncajuhy.com.br\/site\/wp-content\/uploads\/2025\/05\/Especialistas-alertam-cigarros-eletronicos-Foto-Zeca-Ribeiro-Camara-dos-Deputados.jpg?w=768&amp;ssl=1 768w, https:\/\/i0.wp.com\/blogdoeloiltoncajuhy.com.br\/site\/wp-content\/uploads\/2025\/05\/Especialistas-alertam-cigarros-eletronicos-Foto-Zeca-Ribeiro-Camara-dos-Deputados.jpg?resize=300%2C185&amp;ssl=1 300w\" sizes=\"(max-width: 768px) 100vw, 768px\" \/><\/a><figcaption class=\"wp-element-caption\"><sub>Os especialistas ouvidos alertaram tamb\u00e9m para projetos em an\u00e1lise no Congresso &#8211; Foto: Zeca Ribeiro\/C\u00e2mara dos Deputados<\/sub><\/figcaption><\/figure>\n\n\n\n<p>O representante do Instituto Nacional do C\u00e2ncer (Inca), Felipe Lacerda Mendes, alertou a deputados nesta quarta-feira (6) para os riscos do avan\u00e7o no Congresso de propostas que legalizam o com\u00e9rcio de cigarros eletr\u00f4nicos no Pa\u00eds. Ele participou de debate sobre o tema na Comiss\u00e3o de Previd\u00eancia, Assist\u00eancia Social, Inf\u00e2ncia, Adolesc\u00eancia e Fam\u00edlia da C\u00e2mara dos Deputados.<\/p>\n\n\n\n<blockquote class=\"wp-block-quote is-layout-flow wp-block-quote-is-layout-flow\">\n<p><strong><mark style=\"background-color:rgba(0, 0, 0, 0)\" class=\"has-inline-color has-black-color\">&#8220;No Inca estamos muito preocupados com alguns projetos de lei que t\u00eam sido apresentados a esta Casa e tamb\u00e9m ao Senado Federal propondo a libera\u00e7\u00e3o desses produtos no mercado brasileiro&#8221;, disse Mendes.<\/mark><\/strong><\/p>\n<\/blockquote>\n\n\n\n<p>Atualmente, tramita no Senado Federal o Projeto de Lei 5008\/23, da senadora Soraya Thronicke (Pode-MS), que regulamenta a produ\u00e7\u00e3o e a comercializa\u00e7\u00e3o desses produtos.<\/p>\n\n\n\n<p>Se esse texto for aprovado, a resolu\u00e7\u00e3o da Ag\u00eancia Nacional de Vigil\u00e2ncia Sanit\u00e1ria (Anvisa) que proibiu em 2009 os cigarros eletr\u00f4nicos deixaria de valer. A ag\u00eancia considera que esses cigarros, tamb\u00e9m chamados de vapes, s\u00e3o nocivos \u00e0 sa\u00fade e causam depend\u00eancia em seus usu\u00e1rios. Em 2024, uma nova decis\u00e3o manteve a proibi\u00e7\u00e3o.<\/p>\n\n\n\n<h4 class=\"wp-block-heading\"><strong><mark style=\"background-color:rgba(0, 0, 0, 0)\" class=\"has-inline-color has-black-color\">Jovens<\/mark><\/strong><\/h4>\n\n\n\n<p>O representante do Inca disse que a proibi\u00e7\u00e3o da Anvisa ajudou a conter a explos\u00e3o do uso entre jovens e adolescentes no Pa\u00eds. Segundo ele, em pa\u00edses como Inglaterra, Canad\u00e1 e Estados Unidos o consumo na popula\u00e7\u00e3o de 18 a 24 anos e entre jovens de 16 a 19 anos est\u00e1 em torno de 6%.<\/p>\n\n\n\n<p>No Brasil, os dados do Minist\u00e9rio da Sa\u00fade indicam o consumo de vapes s\u00f3 entre 1% dos jovens. &#8220;A decis\u00e3o da Anvisa foi extremamente acertada ao proibir o uso desses produtos e a libera\u00e7\u00e3o da sua comercializa\u00e7\u00e3o no Pa\u00eds&#8221;, refor\u00e7ou Felipe Mendes.<\/p>\n\n\n\n<p>O deputado Allan Garc\u00eas (PP-MA), que solicitou a audi\u00eancia, tamb\u00e9m se posicionou contr\u00e1rio \u00e0 legaliza\u00e7\u00e3o dos cigarros digitais. &#8220;Estamos conscientes do preju\u00edzo que os cigarros eletr\u00f4nicos trazem para a sa\u00fade e do compromisso de trabalhar por mais leis para coibir qualquer dano \u00e0 sa\u00fade&#8221;, refor\u00e7ou.<\/p>\n\n\n\n<p><a href=\"https:\/\/whatsapp.com\/channel\/0029VaAT7tDLI8Yfj5y9Z50Z\"><strong><mark style=\"background-color:rgba(0, 0, 0, 0)\" class=\"has-inline-color has-vivid-red-color\">Siga nosso canal no WhatsApp e veja mais not\u00edcias<\/mark><\/strong><\/a><\/p>\n\n\n\n<figure class=\"wp-block-image aligncenter size-full\"><a href=\"https:\/\/i0.wp.com\/blogdoeloiltoncajuhy.com.br\/site\/wp-content\/uploads\/2025\/05\/Especialistas-alertam-cigarros-eletronicos-02-Foto-Zeca-Ribeiro-Camara-dos-Deputados.jpg?ssl=1\"><img data-recalc-dims=\"1\" decoding=\"async\" width=\"768\" height=\"473\" src=\"https:\/\/i0.wp.com\/blogdoeloiltoncajuhy.com.br\/site\/wp-content\/uploads\/2025\/05\/Especialistas-alertam-cigarros-eletronicos-02-Foto-Zeca-Ribeiro-Camara-dos-Deputados.jpg?resize=768%2C473&#038;ssl=1\" alt=\"\" class=\"wp-image-87522\" srcset=\"https:\/\/i0.wp.com\/blogdoeloiltoncajuhy.com.br\/site\/wp-content\/uploads\/2025\/05\/Especialistas-alertam-cigarros-eletronicos-02-Foto-Zeca-Ribeiro-Camara-dos-Deputados.jpg?w=768&amp;ssl=1 768w, https:\/\/i0.wp.com\/blogdoeloiltoncajuhy.com.br\/site\/wp-content\/uploads\/2025\/05\/Especialistas-alertam-cigarros-eletronicos-02-Foto-Zeca-Ribeiro-Camara-dos-Deputados.jpg?resize=300%2C185&amp;ssl=1 300w\" sizes=\"(max-width: 768px) 100vw, 768px\" \/><\/a><figcaption class=\"wp-element-caption\"><sub>A pneumologista Maria Enedina criticou o marketing sedutor dos cigarros digitais nas redes sociais &#8211; Foto: Zeca Ribeiro\/C\u00e2mara dos Deputados<\/sub><\/figcaption><\/figure>\n\n\n\n<h4 class=\"wp-block-heading\"><strong><mark style=\"background-color:rgba(0, 0, 0, 0)\" class=\"has-inline-color has-black-color\">Depend\u00eancia<\/mark><\/strong><\/h4>\n\n\n\n<p>Ricardo Meireles, da Associa\u00e7\u00e3o M\u00e9dica Brasileira, falou do efeito viciante e do uso precoce dos vapes por adolescentes. Os fumantes de cigarro digital, sobretudo os adolescentes, disse ele, s\u00e3o os mais afetados pela depend\u00eancia da nicotina, por estarem em uma etapa de amplo desenvolvimento das fun\u00e7\u00f5es cognitivas.<\/p>\n\n\n\n<p>Segundo ele, a depend\u00eancia nessa etapa da vida prejudica o engajamento do jovem em atividades de aprendizagem, pois a nicotina modifica o funcionamento cerebral aumentando a ansiedade e os d\u00e9ficits de mem\u00f3ria e de aten\u00e7\u00e3o. &#8220;Essas altera\u00e7\u00f5es introduzidas pela nicotinas podem ser permanentes&#8221;, frisou.<\/p>\n\n\n\n<p>J\u00e1 a representante da Sociedade Brasileira de Pneumologia, Maria Enedina Claudino Aquino Scuarcialupi, criticou o marketing sedutor dos cigarros digitais&nbsp; nas redes sociais com o objetivo de atrair a Gera\u00e7\u00e3o Z, pessoas nascidas entre 1995 e 2010.<\/p>\n\n\n\n<p>Ela destacou o uso de saborizantes, como ma\u00e7\u00e3 e mentol, para mascarar o sabor do tabaco e causar a impress\u00e3o de que o cigarro eletr\u00f4nico \u00e9 menos prejudicial do que o tradicional. &#8220;A pr\u00f3pria subst\u00e2ncia qu\u00edmica &#8216;sabor ma\u00e7\u00e3 verde&#8217; provoca les\u00f5es cerebrais, o mentol provoca les\u00e3o cerebral e maior depend\u00eancia&#8221;, disse.<\/p>\n\n\n\n<h4 class=\"wp-block-heading\"><strong><mark style=\"background-color:rgba(0, 0, 0, 0)\" class=\"has-inline-color has-black-color\">Custos<\/mark><\/strong><\/h4>\n\n\n\n<p>Felipe Lacerda Mendes, do Inca, aproveitou para refutar a tese das empresas de tabaco de que a legaliza\u00e7\u00e3o desse mercado permitiria maior arrecada\u00e7\u00e3o, uma vez que seria poss\u00edvel controlar de forma mais eficiente o contrabando.<\/p>\n\n\n\n<p>Segundo ele, a arrecada\u00e7\u00e3o de impostos sobre a venda de cigarros no Pa\u00eds (R$ 8 bilh\u00f5es em impostos federais em 2022) abrange apenas 5,2% das perdas geradas pelo tabagismo.<\/p>\n\n\n\n<p>Entre essas perdas, por exemplo, est\u00e1 o impacto no or\u00e7amento p\u00fablico do tratamento das doen\u00e7as relacionadas ao tabagismo e das pens\u00f5es por morte prematura. &#8220;Isso gera um custo para o nosso Pa\u00eds em torno de R$ 153 bilh\u00f5es ao ano&#8221;, disse.<\/p>\n","protected":false},"excerpt":{"rendered":"<p>Debate foi promovido pela Comiss\u00e3o de Previd\u00eancia, Assist\u00eancia Social, Inf\u00e2ncia, Adolesc\u00eancia e Fam\u00edlia da C\u00e2mara Blog do Eloilton Cajuhy \u2013 BEC O representante do Instituto Nacional do C\u00e2ncer (Inca), Felipe Lacerda Mendes, alertou a deputados nesta quarta-feira (6) para os riscos do avan\u00e7o no Congresso de propostas que legalizam o com\u00e9rcio de cigarros eletr\u00f4nicos no [&hellip;]<\/p>\n","protected":false},"author":2,"featured_media":87521,"comment_status":"open","ping_status":"open","sticky":false,"template":"","format":"standard","meta":{"_acf_changed":false,"_monsterinsights_skip_tracking":false,"_monsterinsights_sitenote_active":false,"_monsterinsights_sitenote_note":"","_monsterinsights_sitenote_category":0,"_jetpack_memberships_contains_paid_content":false,"footnotes":"","jetpack_publicize_message":"","jetpack_publicize_feature_enabled":true,"jetpack_social_post_already_shared":true,"jetpack_social_options":{"image_generator_settings":{"template":"highway","enabled":false},"version":2}},"categories":[3],"tags":[],"class_list":["post-87520","post","type-post","status-publish","format-standard","has-post-thumbnail","hentry","category-politica"],"acf":[],"jetpack_publicize_connections":[],"jetpack_featured_media_url":"https:\/\/i0.wp.com\/blogdoeloiltoncajuhy.com.br\/site\/wp-content\/uploads\/2025\/05\/Especialistas-alertam-cigarros-eletronicos-Foto-Zeca-Ribeiro-Camara-dos-Deputados.jpg?fit=768%2C473&ssl=1","jetpack_sharing_enabled":true,"publishpress_future_workflow_manual_trigger":{"enabledWorkflows":[]},"_links":{"self":[{"href":"https:\/\/blogdoeloiltoncajuhy.com.br\/site\/wp-json\/wp\/v2\/posts\/87520","targetHints":{"allow":["GET"]}}],"collection":[{"href":"https:\/\/blogdoeloiltoncajuhy.com.br\/site\/wp-json\/wp\/v2\/posts"}],"about":[{"href":"https:\/\/blogdoeloiltoncajuhy.com.br\/site\/wp-json\/wp\/v2\/types\/post"}],"author":[{"embeddable":true,"href":"https:\/\/blogdoeloiltoncajuhy.com.br\/site\/wp-json\/wp\/v2\/users\/2"}],"replies":[{"embeddable":true,"href":"https:\/\/blogdoeloiltoncajuhy.com.br\/site\/wp-json\/wp\/v2\/comments?post=87520"}],"version-history":[{"count":1,"href":"https:\/\/blogdoeloiltoncajuhy.com.br\/site\/wp-json\/wp\/v2\/posts\/87520\/revisions"}],"predecessor-version":[{"id":87523,"href":"https:\/\/blogdoeloiltoncajuhy.com.br\/site\/wp-json\/wp\/v2\/posts\/87520\/revisions\/87523"}],"wp:featuredmedia":[{"embeddable":true,"href":"https:\/\/blogdoeloiltoncajuhy.com.br\/site\/wp-json\/wp\/v2\/media\/87521"}],"wp:attachment":[{"href":"https:\/\/blogdoeloiltoncajuhy.com.br\/site\/wp-json\/wp\/v2\/media?parent=87520"}],"wp:term":[{"taxonomy":"category","embeddable":true,"href":"https:\/\/blogdoeloiltoncajuhy.com.br\/site\/wp-json\/wp\/v2\/categories?post=87520"},{"taxonomy":"post_tag","embeddable":true,"href":"https:\/\/blogdoeloiltoncajuhy.com.br\/site\/wp-json\/wp\/v2\/tags?post=87520"}],"curies":[{"name":"wp","href":"https:\/\/api.w.org\/{rel}","templated":true}]}}