{"id":87516,"date":"2025-05-07T00:10:00","date_gmt":"2025-05-07T03:10:00","guid":{"rendered":"https:\/\/blogdoeloiltoncajuhy.com.br\/site\/?p=87516"},"modified":"2025-05-06T20:11:44","modified_gmt":"2025-05-06T23:11:44","slug":"oms-estima-que-mais-de-um-bilhao-de-jovens-poderao-desenvolver-perda-auditiva","status":"publish","type":"post","link":"https:\/\/blogdoeloiltoncajuhy.com.br\/site\/oms-estima-que-mais-de-um-bilhao-de-jovens-poderao-desenvolver-perda-auditiva\/","title":{"rendered":"OMS estima que mais de um bilh\u00e3o de jovens poder\u00e3o desenvolver perda auditiva"},"content":{"rendered":"\n<p class=\"has-medium-font-size\"><strong>Segundo especialista, o uso abusivo de fones de ouvido \u00e9 o principal fator de risco.<\/strong><\/p>\n\n\n\n<p><strong>Blog do Eloilton Cajuhy \u2013 BEC<\/strong><\/p>\n\n\n\n<figure class=\"wp-block-image aligncenter size-full is-resized\"><a href=\"https:\/\/i0.wp.com\/blogdoeloiltoncajuhy.com.br\/site\/wp-content\/uploads\/2025\/05\/Perda-auditiva-Fones-Ouvidos-Credito-Freepik.jpg?ssl=1\"><img data-recalc-dims=\"1\" fetchpriority=\"high\" decoding=\"async\" width=\"800\" height=\"534\" src=\"https:\/\/i0.wp.com\/blogdoeloiltoncajuhy.com.br\/site\/wp-content\/uploads\/2025\/05\/Perda-auditiva-Fones-Ouvidos-Credito-Freepik.jpg?resize=800%2C534&#038;ssl=1\" alt=\"\" class=\"wp-image-87517\" style=\"width:702px;height:auto\" srcset=\"https:\/\/i0.wp.com\/blogdoeloiltoncajuhy.com.br\/site\/wp-content\/uploads\/2025\/05\/Perda-auditiva-Fones-Ouvidos-Credito-Freepik.jpg?w=826&amp;ssl=1 826w, https:\/\/i0.wp.com\/blogdoeloiltoncajuhy.com.br\/site\/wp-content\/uploads\/2025\/05\/Perda-auditiva-Fones-Ouvidos-Credito-Freepik.jpg?resize=300%2C200&amp;ssl=1 300w, https:\/\/i0.wp.com\/blogdoeloiltoncajuhy.com.br\/site\/wp-content\/uploads\/2025\/05\/Perda-auditiva-Fones-Ouvidos-Credito-Freepik.jpg?resize=768%2C512&amp;ssl=1 768w\" sizes=\"(max-width: 800px) 100vw, 800px\" \/><\/a><figcaption class=\"wp-element-caption\"><sub>Cr\u00e9dito: Freepik<\/sub><\/figcaption><\/figure>\n\n\n\n<p>Usar fones de ouvido, seja para estudar ou trabalhar, pode ser um dos momentos mais prazerosos do dia. No entanto, esse h\u00e1bito, que parece inofensivo, pode causar danos auditivos irrevers\u00edveis, alerta a Dr\u00aa Savana Goretti, otorrinolaringologista do HOPE \u2013 Hospital de Olhos de Pernambuco. De acordo com a m\u00e9dica, a combina\u00e7\u00e3o de volume alto e uso cont\u00ednuo representa um risco significativo \u00e0 sa\u00fade auditiva, especialmente em pessoas com predisposi\u00e7\u00e3o gen\u00e9tica.<\/p>\n\n\n\n<p>\u201cA exposi\u00e7\u00e3o abusiva a sons altos com fones de ouvido pode gerar perda auditiva permanente. Quanto maior a intensidade e a frequ\u00eancia do uso, maior o risco\u201d, afirma a especialista. Ela ressalta que esse problema aumenta entre profissionais que trabalham diariamente com fones e em pessoas que usam o aparelho por v\u00e1rias horas consecutivas.<\/p>\n\n\n\n<blockquote class=\"wp-block-quote is-layout-flow wp-block-quote-is-layout-flow\">\n<p><strong><mark style=\"background-color:rgba(0, 0, 0, 0)\" class=\"has-inline-color has-black-color\">&#8220;Idealmente, o uso cont\u00ednuo dos fones deve ser limitado a 3 ou 4 horas por dia, com intervalos. E o volume n\u00e3o deve ultrapassar n\u00edveis moderados. Sons acima de 85 decib\u00e9is n\u00e3o devem ser ouvidos por mais de 15 minutos&#8221;, orienta a Dr\u00aa Savana.<\/mark><\/strong><\/p>\n<\/blockquote>\n\n\n\n<p>O tipo de fone tamb\u00e9m desperta d\u00favidas entre os usu\u00e1rios, mas, segundo a m\u00e9dica, o problema n\u00e3o est\u00e1 no modelo \u2014 seja intra-auricular, concha ou bluetooth \u2014, mas sim na intensidade e frequ\u00eancia do uso. \u201cO mais importante \u00e9 o volume e o tempo de exposi\u00e7\u00e3o, n\u00e3o o tipo de fone em si&#8221;, diz a dr\u00aa.<\/p>\n\n\n\n<p>Os primeiros sinais de perda auditiva costumam ser sutis: dificuldade em entender conversas, especialmente em ambientes com mais de uma pessoa falando, surgimento de zumbidos e sensa\u00e7\u00e3o de ouvido abafado. \u201cEssa perda pode ser unilateral ou bilateral, e \u00e0s vezes vem acompanhada de tontura, dependendo de quest\u00f5es labir\u00ednticas envolvidas\u201d, explica a m\u00e9dica.<\/p>\n\n\n\n<p>Ainda de acordo com a Dr\u00aa Savana, h\u00e1 uma distin\u00e7\u00e3o entre a perda tempor\u00e1ria causada por situa\u00e7\u00f5es pontuais \u2014 como sair de uma balada com os ouvidos apitando \u2014 e a perda permanente, provocada por uso frequente e exagerado de fones em volume alto. \u201cA perda auditiva que se repete diariamente com som alto \u00e9 definitiva\u201d, discorre.<\/p>\n\n\n\n<p><a href=\"https:\/\/whatsapp.com\/channel\/0029VaAT7tDLI8Yfj5y9Z50Z\"><strong><mark style=\"background-color:rgba(0, 0, 0, 0)\" class=\"has-inline-color has-vivid-red-color\">Siga nosso canal no WhatsApp e veja mais not\u00edcias<\/mark><\/strong><\/a><\/p>\n\n\n\n<p>Crian\u00e7as e adolescentes formam um grupo especialmente vulner\u00e1vel. \u201cEles come\u00e7am a usar fones muito cedo e, muitas vezes, com volumes excessivos. O risco de perda auditiva precoce e irrevers\u00edvel \u00e9 maior nesse grupo do que em adultos que come\u00e7aram a usar fones tardiamente e de forma mais controlada\u201d, comenta a otorrinolaringologista.<\/p>\n\n\n\n<p>O diagn\u00f3stico precoce \u00e9 essencial. A avalia\u00e7\u00e3o inclui exames como audiometria, imitanciometria e emiss\u00f5es otoac\u00fasticas. Segundo a especialista, esses testes ajudam a identificar altera\u00e7\u00f5es auditivas ainda no in\u00edcio, antes que a perda se torne mais grave.<\/p>\n\n\n\n<p>O alerta n\u00e3o \u00e9 isolado. \u201cA Organiza\u00e7\u00e3o Mundial da Sa\u00fade (OMS) estima que mais de um bilh\u00e3o de jovens, no mundo todo, poder\u00e3o desenvolver perda auditiva a longo prazo devido ao uso abusivo de fones. Antes, a perda de audi\u00e7\u00e3o era mais comum na terceira idade. Hoje, \u00e9 cada vez mais frequente em jovens\u201d, destaca Dr\u00aa Savana.<\/p>\n\n\n\n<p>Campanhas de conscientiza\u00e7\u00e3o j\u00e1 existem em escolas e plataformas digitais, inclusive com alertas autom\u00e1ticos quando o som ultrapassa n\u00edveis seguros. \u201cMas nada substitui a conscientiza\u00e7\u00e3o individual. Os pais devem estar atentos, e os jovens, cientes dos riscos que est\u00e3o assumindo\u201d, finaliza a m\u00e9dica do HOPE.<\/p>\n","protected":false},"excerpt":{"rendered":"<p>Segundo especialista, o uso abusivo de fones de ouvido \u00e9 o principal fator de risco. Blog do Eloilton Cajuhy \u2013 BEC Usar fones de ouvido, seja para estudar ou trabalhar, pode ser um dos momentos mais prazerosos do dia. No entanto, esse h\u00e1bito, que parece inofensivo, pode causar danos auditivos irrevers\u00edveis, alerta a Dr\u00aa Savana [&hellip;]<\/p>\n","protected":false},"author":2,"featured_media":87517,"comment_status":"open","ping_status":"open","sticky":false,"template":"","format":"standard","meta":{"_acf_changed":false,"_monsterinsights_skip_tracking":false,"_monsterinsights_sitenote_active":false,"_monsterinsights_sitenote_note":"","_monsterinsights_sitenote_category":0,"_jetpack_memberships_contains_paid_content":false,"footnotes":"","jetpack_publicize_message":"","jetpack_publicize_feature_enabled":true,"jetpack_social_post_already_shared":true,"jetpack_social_options":{"image_generator_settings":{"template":"highway","enabled":false},"version":2}},"categories":[7],"tags":[],"class_list":["post-87516","post","type-post","status-publish","format-standard","has-post-thumbnail","hentry","category-saude"],"acf":[],"jetpack_publicize_connections":[],"jetpack_featured_media_url":"https:\/\/i0.wp.com\/blogdoeloiltoncajuhy.com.br\/site\/wp-content\/uploads\/2025\/05\/Perda-auditiva-Fones-Ouvidos-Credito-Freepik.jpg?fit=826%2C551&ssl=1","jetpack_sharing_enabled":true,"publishpress_future_workflow_manual_trigger":{"enabledWorkflows":[]},"_links":{"self":[{"href":"https:\/\/blogdoeloiltoncajuhy.com.br\/site\/wp-json\/wp\/v2\/posts\/87516","targetHints":{"allow":["GET"]}}],"collection":[{"href":"https:\/\/blogdoeloiltoncajuhy.com.br\/site\/wp-json\/wp\/v2\/posts"}],"about":[{"href":"https:\/\/blogdoeloiltoncajuhy.com.br\/site\/wp-json\/wp\/v2\/types\/post"}],"author":[{"embeddable":true,"href":"https:\/\/blogdoeloiltoncajuhy.com.br\/site\/wp-json\/wp\/v2\/users\/2"}],"replies":[{"embeddable":true,"href":"https:\/\/blogdoeloiltoncajuhy.com.br\/site\/wp-json\/wp\/v2\/comments?post=87516"}],"version-history":[{"count":2,"href":"https:\/\/blogdoeloiltoncajuhy.com.br\/site\/wp-json\/wp\/v2\/posts\/87516\/revisions"}],"predecessor-version":[{"id":87519,"href":"https:\/\/blogdoeloiltoncajuhy.com.br\/site\/wp-json\/wp\/v2\/posts\/87516\/revisions\/87519"}],"wp:featuredmedia":[{"embeddable":true,"href":"https:\/\/blogdoeloiltoncajuhy.com.br\/site\/wp-json\/wp\/v2\/media\/87517"}],"wp:attachment":[{"href":"https:\/\/blogdoeloiltoncajuhy.com.br\/site\/wp-json\/wp\/v2\/media?parent=87516"}],"wp:term":[{"taxonomy":"category","embeddable":true,"href":"https:\/\/blogdoeloiltoncajuhy.com.br\/site\/wp-json\/wp\/v2\/categories?post=87516"},{"taxonomy":"post_tag","embeddable":true,"href":"https:\/\/blogdoeloiltoncajuhy.com.br\/site\/wp-json\/wp\/v2\/tags?post=87516"}],"curies":[{"name":"wp","href":"https:\/\/api.w.org\/{rel}","templated":true}]}}