{"id":87512,"date":"2025-05-07T00:10:00","date_gmt":"2025-05-07T03:10:00","guid":{"rendered":"https:\/\/blogdoeloiltoncajuhy.com.br\/site\/?p=87512"},"modified":"2025-05-06T18:11:05","modified_gmt":"2025-05-06T21:11:05","slug":"camara-aprova-projeto-que-torna-14-de-marco-dia-do-assassinato-de-marielle-franco-o-dia-nacional-dos-defensores-e-defensoras-dos-direitos-humanos","status":"publish","type":"post","link":"https:\/\/blogdoeloiltoncajuhy.com.br\/site\/camara-aprova-projeto-que-torna-14-de-marco-dia-do-assassinato-de-marielle-franco-o-dia-nacional-dos-defensores-e-defensoras-dos-direitos-humanos\/","title":{"rendered":"C\u00e2mara aprova projeto que torna 14 de mar\u00e7o, dia do assassinato de Marielle Franco, o Dia Nacional dos Defensores e Defensoras dos Direitos Humanos"},"content":{"rendered":"\n<p><strong>Blog do Eloilton Cajuhy \u2013 BEC<\/strong><\/p>\n\n\n\n<figure class=\"wp-block-image aligncenter size-full\"><a href=\"https:\/\/i0.wp.com\/blogdoeloiltoncajuhy.com.br\/site\/wp-content\/uploads\/2025\/05\/Marielle-Franco-Foto-Governo-Federal.jpeg?ssl=1\"><img data-recalc-dims=\"1\" fetchpriority=\"high\" decoding=\"async\" width=\"768\" height=\"432\" src=\"https:\/\/i0.wp.com\/blogdoeloiltoncajuhy.com.br\/site\/wp-content\/uploads\/2025\/05\/Marielle-Franco-Foto-Governo-Federal.jpeg?resize=768%2C432&#038;ssl=1\" alt=\"\" class=\"wp-image-87513\" srcset=\"https:\/\/i0.wp.com\/blogdoeloiltoncajuhy.com.br\/site\/wp-content\/uploads\/2025\/05\/Marielle-Franco-Foto-Governo-Federal.jpeg?w=768&amp;ssl=1 768w, https:\/\/i0.wp.com\/blogdoeloiltoncajuhy.com.br\/site\/wp-content\/uploads\/2025\/05\/Marielle-Franco-Foto-Governo-Federal.jpeg?resize=300%2C169&amp;ssl=1 300w\" sizes=\"(max-width: 768px) 100vw, 768px\" \/><\/a><figcaption class=\"wp-element-caption\"><sub>Foto: Governo Federal<\/sub><\/figcaption><\/figure>\n\n\n\n<p>O Plen\u00e1rio da C\u00e2mara aprovou o texto principal do projeto que torna <strong><mark style=\"background-color:rgba(0, 0, 0, 0)\" class=\"has-inline-color has-black-color\">14 de mar\u00e7o Dia Marielle Franco: Dia Nacional das Defensoras e Defensores de Direitos Humanos<\/mark><\/strong>. A data \u00e9 uma homenagem \u00e0 vereadora Marielle Franco, assassinada em 14 de mar\u00e7o de 2018, no Rio de Janeiro, junto com o motorista Anderson Gomes.<\/p>\n\n\n\n<p>Marielle foi morta no bairro do Est\u00e1cio, no Rio, ap\u00f3s participar de um evento na institui\u00e7\u00e3o Casa das Pretas, no centro da cidade, sobre a import\u00e2ncia de mulheres negras ocuparem espa\u00e7os de poder.<\/p>\n\n\n\n<p>O projeto foi apresentado por dez parlamentares do Psol, partido ao qual Marielle era filiada. De acordo com a proposta, todos os anos, em 14 de mar\u00e7o, entidades p\u00fablicas e privadas poder\u00e3o promover debates p\u00fablicos sobre a import\u00e2ncia da atua\u00e7\u00e3o das defensoras e defensores de direitos humanos e sobre a import\u00e2ncia da participa\u00e7\u00e3o de mulheres, pessoas negras e povos ind\u00edgenas nos espa\u00e7os de decis\u00e3o.<\/p>\n\n\n\n<p><a href=\"https:\/\/whatsapp.com\/channel\/0029VaAT7tDLI8Yfj5y9Z50Z\"><strong><mark style=\"background-color:rgba(0, 0, 0, 0)\" class=\"has-inline-color has-vivid-red-color\">Siga nosso canal no WhatsApp e veja mais not\u00edcias<\/mark><\/strong><\/a><\/p>\n\n\n\n<p>A cria\u00e7\u00e3o de um dia nacional foi criticada por deputados da oposi\u00e7\u00e3o. Eles questionaram a falta de audi\u00eancias p\u00fablicas para debater o tema e defenderam a vota\u00e7\u00e3o de outro projeto, o que anistia as pessoas acusadas e condenadas por envolvimento em atos contra a democracia. Foi o que disse o deputado Marcos Pollon (PL-MS).<\/p>\n\n\n\n<p>\u201cA mera tramita\u00e7\u00e3o desse projeto de lei \u00e9 ilegal. Deveria se obedecer a um rito. N\u00f3s temos um procedimento que determina a oitiva de toda a sociedade para que se mostre de interesse p\u00fablico. Como n\u00f3s podemos votar a favor da cria\u00e7\u00e3o de um dia do defensor e defensor de direitos humanos, sendo que n\u00f3s estamos tendo direitos humanos desrespeitados nesse pa\u00eds? Anistia, j\u00e1!\u201d<\/p>\n\n\n\n<figure class=\"wp-block-image aligncenter size-full\"><a href=\"https:\/\/i0.wp.com\/blogdoeloiltoncajuhy.com.br\/site\/wp-content\/uploads\/2025\/05\/Marielle-Franco-Foto-Nunah-Alle-Midia-NINJA-Flickr.jpeg?ssl=1\"><img data-recalc-dims=\"1\" decoding=\"async\" width=\"760\" height=\"455\" src=\"https:\/\/i0.wp.com\/blogdoeloiltoncajuhy.com.br\/site\/wp-content\/uploads\/2025\/05\/Marielle-Franco-Foto-Nunah-Alle-Midia-NINJA-Flickr.jpeg?resize=760%2C455&#038;ssl=1\" alt=\"\" class=\"wp-image-87514\" srcset=\"https:\/\/i0.wp.com\/blogdoeloiltoncajuhy.com.br\/site\/wp-content\/uploads\/2025\/05\/Marielle-Franco-Foto-Nunah-Alle-Midia-NINJA-Flickr.jpeg?w=760&amp;ssl=1 760w, https:\/\/i0.wp.com\/blogdoeloiltoncajuhy.com.br\/site\/wp-content\/uploads\/2025\/05\/Marielle-Franco-Foto-Nunah-Alle-Midia-NINJA-Flickr.jpeg?resize=300%2C180&amp;ssl=1 300w\" sizes=\"(max-width: 760px) 100vw, 760px\" \/><\/a><figcaption class=\"wp-element-caption\"><sub>Foto: Nunah Alle\/M\u00eddia Ninja\/Flickr<\/sub><\/figcaption><\/figure>\n\n\n\n<p>O projeto recebeu parecer favor\u00e1vel da relatora, deputada Benedita da Silva (PT-RJ). A data da morte de Marielle Franco j\u00e1 \u00e9 lembrada oficialmente em diversos estados, como Para\u00edba, Rio Grande do Sul, Pernambuco, Minas Gerais e Par\u00e1. Para o deputado Chico Alencar (Psol-RJ), homenagear os defensores dos direitos humanos \u00e9 uma maneira de fortalecer a cultura da paz.<\/p>\n\n\n\n<p>\u201cDia Nacional das Defensoras e Defensores dos Direitos Humanos, 14 de mar\u00e7o. Alus\u00e3o \u00e0 execu\u00e7\u00e3o b\u00e1rbara da vereadora Marielle Franco, no Rio de Janeiro. N\u00f3s precisamos fortalecer no Brasil a cultura dos direitos humanos. H\u00e1 um caldo de cultura que nega os direitos humanos\u201d.<\/p>\n\n\n\n<p>O projeto que torna 14 de mar\u00e7o o <strong>Dia Marielle Franco: Dia Nacional das Defensoras e Defensores de Direitos Humanos<\/strong> ainda pode ser modificado pelo Plen\u00e1rio. A vota\u00e7\u00e3o foi suspensa antes que fossem apreciados tr\u00eas destaques apresentados por partidos da oposi\u00e7\u00e3o. Um deles tira o nome de Marielle Franco da proposta.<\/p>\n","protected":false},"excerpt":{"rendered":"<p>Blog do Eloilton Cajuhy \u2013 BEC O Plen\u00e1rio da C\u00e2mara aprovou o texto principal do projeto que torna 14 de mar\u00e7o Dia Marielle Franco: Dia Nacional das Defensoras e Defensores de Direitos Humanos. A data \u00e9 uma homenagem \u00e0 vereadora Marielle Franco, assassinada em 14 de mar\u00e7o de 2018, no Rio de Janeiro, junto com [&hellip;]<\/p>\n","protected":false},"author":2,"featured_media":87513,"comment_status":"open","ping_status":"open","sticky":false,"template":"","format":"standard","meta":{"_acf_changed":false,"_monsterinsights_skip_tracking":false,"_monsterinsights_sitenote_active":false,"_monsterinsights_sitenote_note":"","_monsterinsights_sitenote_category":0,"_jetpack_memberships_contains_paid_content":false,"footnotes":"","jetpack_publicize_message":"","jetpack_publicize_feature_enabled":true,"jetpack_social_post_already_shared":true,"jetpack_social_options":{"image_generator_settings":{"template":"highway","enabled":false},"version":2}},"categories":[3],"tags":[],"class_list":["post-87512","post","type-post","status-publish","format-standard","has-post-thumbnail","hentry","category-politica"],"acf":[],"jetpack_publicize_connections":[],"jetpack_featured_media_url":"https:\/\/i0.wp.com\/blogdoeloiltoncajuhy.com.br\/site\/wp-content\/uploads\/2025\/05\/Marielle-Franco-Foto-Governo-Federal.jpeg?fit=768%2C432&ssl=1","jetpack_sharing_enabled":true,"publishpress_future_workflow_manual_trigger":{"enabledWorkflows":[]},"_links":{"self":[{"href":"https:\/\/blogdoeloiltoncajuhy.com.br\/site\/wp-json\/wp\/v2\/posts\/87512","targetHints":{"allow":["GET"]}}],"collection":[{"href":"https:\/\/blogdoeloiltoncajuhy.com.br\/site\/wp-json\/wp\/v2\/posts"}],"about":[{"href":"https:\/\/blogdoeloiltoncajuhy.com.br\/site\/wp-json\/wp\/v2\/types\/post"}],"author":[{"embeddable":true,"href":"https:\/\/blogdoeloiltoncajuhy.com.br\/site\/wp-json\/wp\/v2\/users\/2"}],"replies":[{"embeddable":true,"href":"https:\/\/blogdoeloiltoncajuhy.com.br\/site\/wp-json\/wp\/v2\/comments?post=87512"}],"version-history":[{"count":1,"href":"https:\/\/blogdoeloiltoncajuhy.com.br\/site\/wp-json\/wp\/v2\/posts\/87512\/revisions"}],"predecessor-version":[{"id":87515,"href":"https:\/\/blogdoeloiltoncajuhy.com.br\/site\/wp-json\/wp\/v2\/posts\/87512\/revisions\/87515"}],"wp:featuredmedia":[{"embeddable":true,"href":"https:\/\/blogdoeloiltoncajuhy.com.br\/site\/wp-json\/wp\/v2\/media\/87513"}],"wp:attachment":[{"href":"https:\/\/blogdoeloiltoncajuhy.com.br\/site\/wp-json\/wp\/v2\/media?parent=87512"}],"wp:term":[{"taxonomy":"category","embeddable":true,"href":"https:\/\/blogdoeloiltoncajuhy.com.br\/site\/wp-json\/wp\/v2\/categories?post=87512"},{"taxonomy":"post_tag","embeddable":true,"href":"https:\/\/blogdoeloiltoncajuhy.com.br\/site\/wp-json\/wp\/v2\/tags?post=87512"}],"curies":[{"name":"wp","href":"https:\/\/api.w.org\/{rel}","templated":true}]}}