{"id":87505,"date":"2025-05-06T20:30:00","date_gmt":"2025-05-06T23:30:00","guid":{"rendered":"https:\/\/blogdoeloiltoncajuhy.com.br\/site\/?p=87505"},"modified":"2025-05-06T17:38:12","modified_gmt":"2025-05-06T20:38:12","slug":"a-gratidao-que-nos-conecta-com-deus","status":"publish","type":"post","link":"https:\/\/blogdoeloiltoncajuhy.com.br\/site\/a-gratidao-que-nos-conecta-com-deus\/","title":{"rendered":"A gratid\u00e3o que nos conecta com Deus"},"content":{"rendered":"\n<p><strong>Por Blog do Eloilton Cajuhy \u2013 BEC<\/strong><\/p>\n\n\n\n<figure class=\"wp-block-image aligncenter size-full\"><a href=\"https:\/\/i0.wp.com\/blogdoeloiltoncajuhy.com.br\/site\/wp-content\/uploads\/2025\/05\/Imagem-Pinterest_Natureza-02-03-05-25.png?ssl=1\"><img data-recalc-dims=\"1\" fetchpriority=\"high\" decoding=\"async\" width=\"373\" height=\"510\" src=\"https:\/\/i0.wp.com\/blogdoeloiltoncajuhy.com.br\/site\/wp-content\/uploads\/2025\/05\/Imagem-Pinterest_Natureza-02-03-05-25.png?resize=373%2C510&#038;ssl=1\" alt=\"\" class=\"wp-image-87506\" srcset=\"https:\/\/i0.wp.com\/blogdoeloiltoncajuhy.com.br\/site\/wp-content\/uploads\/2025\/05\/Imagem-Pinterest_Natureza-02-03-05-25.png?w=373&amp;ssl=1 373w, https:\/\/i0.wp.com\/blogdoeloiltoncajuhy.com.br\/site\/wp-content\/uploads\/2025\/05\/Imagem-Pinterest_Natureza-02-03-05-25.png?resize=219%2C300&amp;ssl=1 219w\" sizes=\"(max-width: 373px) 100vw, 373px\" \/><\/a><figcaption class=\"wp-element-caption\"><sub>Imagem: Pinterest<\/sub><\/figcaption><\/figure>\n\n\n\n<p>Acordar \u00e9 um presente que, muitas vezes, passa despercebido na correria do dia a dia. Mas aqueles que come\u00e7am a manh\u00e3 com um cora\u00e7\u00e3o grato compreendem algo profundo: a vida n\u00e3o \u00e9 garantida, ela \u00e9 concedida. E ao reconhecer isso, colocam Deus como prioridade em suas vidas.<\/p>\n\n\n\n<p>A gratid\u00e3o ao despertar \u00e9 mais do que um simples h\u00e1bito \u2014 \u00e9 um ato de f\u00e9. \u00c9 admitir, silenciosamente, que o f\u00f4lego que enche nossos pulm\u00f5es vem do Criador. \u00c9 entender que, mesmo em meio aos desafios, h\u00e1 um prop\u00f3sito maior conduzindo nossos passos.<\/p>\n\n\n\n<p><a href=\"https:\/\/whatsapp.com\/channel\/0029VaAT7tDLI8Yfj5y9Z50Z\"><strong><mark style=\"background-color:rgba(0, 0, 0, 0)\" class=\"has-inline-color has-vivid-red-color\">Siga nosso canal no WhatsApp e veja mais not\u00edcias<\/mark><\/strong><\/a><\/p>\n\n\n\n<p>Quem agradece ao acordar n\u00e3o est\u00e1 apenas dizendo \u201cobrigado\u201d, est\u00e1 dizendo: \u201cConfio em Ti, Senhor\u201d. Est\u00e1 reconhecendo que, acima de tudo, Deus \u00e9 a fonte da vida, da paz e da dire\u00e7\u00e3o. E quando Ele est\u00e1 em primeiro lugar, tudo encontra seu devido lugar.<\/p>\n\n\n\n<p>Comece o dia com gratid\u00e3o. Mesmo que tudo ainda pare\u00e7a incerto, a simples atitude de agradecer j\u00e1 \u00e9 um passo em dire\u00e7\u00e3o \u00e0 luz. Deus honra os cora\u00e7\u00f5es que O reconhecem logo ao abrir os olhos. Porque, no fim das contas, quem acorda agradecendo j\u00e1 come\u00e7a o dia vencendo.<\/p>\n","protected":false},"excerpt":{"rendered":"<p>Por Blog do Eloilton Cajuhy \u2013 BEC Acordar \u00e9 um presente que, muitas vezes, passa despercebido na correria do dia a dia. Mas aqueles que come\u00e7am a manh\u00e3 com um cora\u00e7\u00e3o grato compreendem algo profundo: a vida n\u00e3o \u00e9 garantida, ela \u00e9 concedida. E ao reconhecer isso, colocam Deus como prioridade em suas vidas. A [&hellip;]<\/p>\n","protected":false},"author":2,"featured_media":87506,"comment_status":"open","ping_status":"open","sticky":false,"template":"","format":"standard","meta":{"_acf_changed":false,"_monsterinsights_skip_tracking":false,"_monsterinsights_sitenote_active":false,"_monsterinsights_sitenote_note":"","_monsterinsights_sitenote_category":0,"_jetpack_memberships_contains_paid_content":false,"footnotes":"","jetpack_publicize_message":"","jetpack_publicize_feature_enabled":true,"jetpack_social_post_already_shared":true,"jetpack_social_options":{"image_generator_settings":{"template":"highway","default_image_id":0,"font":"","enabled":false},"version":2}},"categories":[9],"tags":[],"class_list":["post-87505","post","type-post","status-publish","format-standard","has-post-thumbnail","hentry","category-reflexao"],"acf":[],"jetpack_publicize_connections":[],"jetpack_featured_media_url":"https:\/\/i0.wp.com\/blogdoeloiltoncajuhy.com.br\/site\/wp-content\/uploads\/2025\/05\/Imagem-Pinterest_Natureza-02-03-05-25.png?fit=373%2C510&ssl=1","jetpack_sharing_enabled":true,"publishpress_future_workflow_manual_trigger":{"enabledWorkflows":[]},"_links":{"self":[{"href":"https:\/\/blogdoeloiltoncajuhy.com.br\/site\/wp-json\/wp\/v2\/posts\/87505","targetHints":{"allow":["GET"]}}],"collection":[{"href":"https:\/\/blogdoeloiltoncajuhy.com.br\/site\/wp-json\/wp\/v2\/posts"}],"about":[{"href":"https:\/\/blogdoeloiltoncajuhy.com.br\/site\/wp-json\/wp\/v2\/types\/post"}],"author":[{"embeddable":true,"href":"https:\/\/blogdoeloiltoncajuhy.com.br\/site\/wp-json\/wp\/v2\/users\/2"}],"replies":[{"embeddable":true,"href":"https:\/\/blogdoeloiltoncajuhy.com.br\/site\/wp-json\/wp\/v2\/comments?post=87505"}],"version-history":[{"count":1,"href":"https:\/\/blogdoeloiltoncajuhy.com.br\/site\/wp-json\/wp\/v2\/posts\/87505\/revisions"}],"predecessor-version":[{"id":87507,"href":"https:\/\/blogdoeloiltoncajuhy.com.br\/site\/wp-json\/wp\/v2\/posts\/87505\/revisions\/87507"}],"wp:featuredmedia":[{"embeddable":true,"href":"https:\/\/blogdoeloiltoncajuhy.com.br\/site\/wp-json\/wp\/v2\/media\/87506"}],"wp:attachment":[{"href":"https:\/\/blogdoeloiltoncajuhy.com.br\/site\/wp-json\/wp\/v2\/media?parent=87505"}],"wp:term":[{"taxonomy":"category","embeddable":true,"href":"https:\/\/blogdoeloiltoncajuhy.com.br\/site\/wp-json\/wp\/v2\/categories?post=87505"},{"taxonomy":"post_tag","embeddable":true,"href":"https:\/\/blogdoeloiltoncajuhy.com.br\/site\/wp-json\/wp\/v2\/tags?post=87505"}],"curies":[{"name":"wp","href":"https:\/\/api.w.org\/{rel}","templated":true}]}}