{"id":87502,"date":"2025-05-06T16:15:34","date_gmt":"2025-05-06T19:15:34","guid":{"rendered":"https:\/\/blogdoeloiltoncajuhy.com.br\/site\/?p=87502"},"modified":"2025-05-06T16:15:36","modified_gmt":"2025-05-06T19:15:36","slug":"deputada-pede-ao-stf-afastamento-imediato-de-ednaldo-rodrigues-da-cbf","status":"publish","type":"post","link":"https:\/\/blogdoeloiltoncajuhy.com.br\/site\/deputada-pede-ao-stf-afastamento-imediato-de-ednaldo-rodrigues-da-cbf\/","title":{"rendered":"Deputada pede ao STF afastamento imediato de Ednaldo Rodrigues da CBF"},"content":{"rendered":"\n<p class=\"has-medium-font-size\"><strong>Presidente volta a enfrentar batalha jur\u00eddica tr\u00eas meses depois de homologa\u00e7\u00e3o que garantia sua perman\u00eancia no cargo. CBF diz que todo o acordo foi conduzido &#8220;dentro da legalidade&#8221;.<\/strong><\/p>\n\n\n\n<p><strong>Por Raphael Zarko\/ge<\/strong> \u2014 Rio de Janeiro<\/p>\n\n\n\n<figure class=\"wp-block-image aligncenter size-full\"><a href=\"https:\/\/i0.wp.com\/blogdoeloiltoncajuhy.com.br\/site\/wp-content\/uploads\/2025\/05\/Ednaldo-Rodrigues-pode-deixar-a-presidencia-da-CBF-%E2%80%94-Foto-Joilson-Marconne-CBF.jpeg?ssl=1\"><img data-recalc-dims=\"1\" fetchpriority=\"high\" decoding=\"async\" width=\"800\" height=\"511\" src=\"https:\/\/i0.wp.com\/blogdoeloiltoncajuhy.com.br\/site\/wp-content\/uploads\/2025\/05\/Ednaldo-Rodrigues-pode-deixar-a-presidencia-da-CBF-%E2%80%94-Foto-Joilson-Marconne-CBF.jpeg?resize=800%2C511&#038;ssl=1\" alt=\"\" class=\"wp-image-87503\" srcset=\"https:\/\/i0.wp.com\/blogdoeloiltoncajuhy.com.br\/site\/wp-content\/uploads\/2025\/05\/Ednaldo-Rodrigues-pode-deixar-a-presidencia-da-CBF-%E2%80%94-Foto-Joilson-Marconne-CBF.jpeg?w=984&amp;ssl=1 984w, https:\/\/i0.wp.com\/blogdoeloiltoncajuhy.com.br\/site\/wp-content\/uploads\/2025\/05\/Ednaldo-Rodrigues-pode-deixar-a-presidencia-da-CBF-%E2%80%94-Foto-Joilson-Marconne-CBF.jpeg?resize=300%2C192&amp;ssl=1 300w, https:\/\/i0.wp.com\/blogdoeloiltoncajuhy.com.br\/site\/wp-content\/uploads\/2025\/05\/Ednaldo-Rodrigues-pode-deixar-a-presidencia-da-CBF-%E2%80%94-Foto-Joilson-Marconne-CBF.jpeg?resize=768%2C491&amp;ssl=1 768w\" sizes=\"(max-width: 800px) 100vw, 800px\" \/><\/a><figcaption class=\"wp-element-caption\"><sub>Ednaldo Rodrigues pode deixar a presid\u00eancia da CBF \u2014 Foto: Joilson Marconne \/ CBF<\/sub><\/figcaption><\/figure>\n\n\n\n<p>A deputada Daniela Carneiro (Uni\u00e3o Brasil-RJ), conhecida como Daniela do Waguinho, pediu na noite de segunda-feira ao Supremo Tribunal Federal (STF) o afastamento imediato de Ednaldo Rodrigues da presid\u00eancia da CBF e a revis\u00e3o do acordo homologado pelo tribunal em fevereiro deste ano que encerrava a a\u00e7\u00e3o questionando o processo eleitoral da entidade.<\/p>\n\n\n\n<p>Consultada pelo <strong>ge<\/strong>, a CBF publicou nota \u00e0s 14h40. No comunicado, &#8220;a CBF enfatiza que todos os atos relacionados ao acordo mencionado foram conduzidos dentro da legalidade e com a participa\u00e7\u00e3o de representantes devidamente legitimados. O processo foi leg\u00edtimo e teve acordo homologado&#8221;, diz um trecho da nota. <strong><mark style=\"background-color:rgba(0, 0, 0, 0)\" class=\"has-inline-color has-black-color\">Confira a \u00edntegra mais abaixo.<\/mark><\/strong><\/p>\n\n\n\n<p>A parlamentar e ex-ministra do Turismo baseia os argumentos de sua peti\u00e7\u00e3o em laudo que atesta ser falsa a assinatura do Coronel Nunes no acordo firmado no in\u00edcio deste ano. Nunes \u00e9 ex-presidente da entidade e foi vice de Ednaldo Rodrigues no \u00faltimo mandato.<\/p>\n\n\n\n<p>Relator do caso, o ministro Gilmar Mendes, do STF, vai analisar a peti\u00e7\u00e3o e os documentos dos autos.<\/p>\n\n\n\n<p><a href=\"https:\/\/whatsapp.com\/channel\/0029VaAT7tDLI8Yfj5y9Z50Z\"><strong><mark style=\"background-color:rgba(0, 0, 0, 0)\" class=\"has-inline-color has-vivid-red-color\">Siga nosso canal no WhatsApp e veja mais not\u00edcias<\/mark><\/strong><\/a><\/p>\n\n\n\n<p>O acordo, que reconhecia a legalidade da elei\u00e7\u00e3o de Ednaldo em mar\u00e7o de 2022, foi assinado por cinco dirigentes, entre eles Nunes, e homologado pelo STF em fevereiro. Em 24 de mar\u00e7o, o presidente da CBF foi reeleito por aclama\u00e7\u00e3o para o mandato que vai de mar\u00e7o de 2026 a mar\u00e7o de 2030.<\/p>\n\n\n\n<p>Na peti\u00e7\u00e3o ao STF realizada na \u00faltima segunda, Daniela do Waguinho anexou um laudo que afirma que a assinatura de Nunes no acordo &#8220;n\u00e3o foi realizada de forma livre e consciente e sob plenas faculdades mentais\u201d e \u201crecaem d\u00favidas razo\u00e1veis acerca da autenticidade da assinatura&#8221;, conforme informa\u00e7\u00e3o publicada inicialmente pelo <strong>portal L\u00e9o Dias<\/strong>.<\/p>\n\n\n\n<p>A peti\u00e7\u00e3o cita ainda laudo assinado em 2023 por Jorge Pagura, chefe do departamento m\u00e9dico da CBF, afirmando que Nunes \u201cn\u00e3o detinha condi\u00e7\u00f5es f\u00edsicas e cognitivas para expor seu aceite a qualquer condi\u00e7\u00e3o que lhe fosse apresentada&#8221;.<\/p>\n\n\n\n<p>A deputada recorreu ao artigo 168 do C\u00f3digo Civil, que confere ao juiz poder para anular \u201cneg\u00f3cio jur\u00eddico ou seus efeitos\u201d, em refer\u00eancia ao acordo homologado em fevereiro.<\/p>\n\n\n\n<p>A per\u00edcia que produziu o laudo anexado na peti\u00e7\u00e3o foi encomendada pelo vereador Marcos Dias (Podemos-RJ). Ele tamb\u00e9m utilizou o documento em den\u00fancia que enviou ao Minist\u00e9rio P\u00fablico Estadual pedindo investiga\u00e7\u00e3o do caso.<\/p>\n\n\n\n<p>A autora da per\u00edcia \u00e9 Jacqueline Tirotti, da Tirotti Per\u00edcias Judiciais e Avalia\u00e7\u00f5es. O escrit\u00f3rio foi contestado em casos recentes, ao validar um v\u00eddeo usado para acusar o padre J\u00falio Lancelotti de pedofilia e ao afirmar ser verdadeira a assinatura da apresentadora Ana Hickmann em documento de d\u00edvida com o banco Daycoval. Lancelotti e Hickmann negam as acusa\u00e7\u00f5es. A apresentadora afirmou que seu ex-marido, Alexandre Correa, havia falsificado a assinatura dela e garantiu que o laudo da per\u00edcia tinha &#8220;v\u00e1rios v\u00edcios em sua conclus\u00e3o&#8221;.<\/p>\n\n\n\n<h4 class=\"wp-block-heading\"><strong><mark style=\"background-color:rgba(0, 0, 0, 0)\" class=\"has-inline-color has-black-color\">Julgamento marcado para o dia 28<\/mark><\/strong><\/h4>\n\n\n\n<p>O m\u00e9rito no caso que volta \u00e0 pauta no STF tem origem no Termo de Ajustamento de Conduta (TAC) que a CBF firmou com o Minist\u00e9rio P\u00fablico do Rio de Janeiro em 2017. Inicialmente, o MP havia entrado com uma A\u00e7\u00e3o Civil P\u00fablica contra as mudan\u00e7as do estatuto eleitoral da entidade, que davam menos poder aos clubes e mais \u00e0s federa\u00e7\u00f5es. Em mar\u00e7o de 2022, MP e CBF firmaram um acordo para encerrar a a\u00e7\u00e3o. Nele, a entidade se comprometia a reformar seu estatuto.<\/p>\n\n\n\n<p>Este acordo foi anulado pelo Tribunal de Justi\u00e7a do Estado do Rio de Janeiro em dezembro de 2023 e retirou Ednaldo Rodrigues do poder na \u00e9poca. Em janeiro de 2024, uma liminar do ministro do STF Gilmar Mendes recolocou Ednaldo na presid\u00eancia.<\/p>\n\n\n\n<p>Em fevereiro deste ano, com a homologa\u00e7\u00e3o do acordo assinado pelos cinco dirigentes, incluindo o Coronel Nunes, Gilmar Mendes arquivou a a\u00e7\u00e3o. Por\u00e9m, o ministro Flavio Dino, que pedira vista em outubro de 2024, informou que finalizou o exame do caso e devolveu os autos. O presidente do STF, Lu\u00eds Roberto Barroso, marcou o julgamento da A\u00e7\u00e3o Direta de Inconstitucionalidade para o dia 28 de maio.<\/p>\n\n\n\n<p>Anexada no mesmo processo, a peti\u00e7\u00e3o de Daniela do Waguinho pede o afastamento imediato por &#8220;fatos novos e de extrema relev\u00e2ncia que demonstram a necessidade de reexame daquele pacto e de sua consequente homologa\u00e7\u00e3o&#8221;.<\/p>\n\n\n\n<p>Ednaldo Rodrigues enfrenta nova batalha jur\u00eddica em momento no qual crescem as cr\u00edticas \u00e0 falta de um t\u00e9cnico para a sele\u00e7\u00e3o brasileira. O presidente da CBF demitiu Dorival J\u00fanior em 28 de mar\u00e7o e ainda n\u00e3o contratou um substituto.<\/p>\n\n\n\n<h4 class=\"wp-block-heading\"><strong><mark style=\"background-color:rgba(0, 0, 0, 0)\" class=\"has-inline-color has-black-color\">A nota da CBF<\/mark><\/strong><\/h4>\n\n\n\n<p><em>&#8220;A Confedera\u00e7\u00e3o Brasileira de Futebol (CBF) reitera seu compromisso com a transpar\u00eancia, a legalidade e a boa-f\u00e9 em todas as suas a\u00e7\u00f5es e decis\u00f5es institucionais.<\/em><\/p>\n\n\n\n<p><em>Diante das recentes not\u00edcias veiculadas na imprensa sobre suposto v\u00edcio de vontade em assinatura constante do acordo homologado pelo Supremo Tribunal Federal (STF), que reconheceu a legitimidade da elei\u00e7\u00e3o do presidente Ednaldo Rodrigues, a CBF esclarece que ainda n\u00e3o teve acesso formal ao referido laudo pericial, supostamente asssinado por perito particular, que est\u00e1 sendo utilizado de forma midi\u00e1tica e precipitada, em verdadeira espetaculariza\u00e7\u00e3o que atende a interesses nada republicanos e aparentemente questionado por terceiros absolutamente estranhos ao processo.<\/em><\/p>\n\n\n\n<p><em>A CBF enfatiza que todos os atos relacionados ao acordo mencionado foram conduzidos dentro da legalidade e com a participa\u00e7\u00e3o de representantes devidamente legitimados. O processo foi leg\u00edtimo e teve acordo homologado.<\/em><\/p>\n\n\n\n<p><em>\u00c9 absolutamente inverdade que esse processo tenha sido reaberto a pedido de uma parlamentar.<\/em><\/p>\n\n\n\n<p><em>A CBF confia plenamente na Justi\u00e7a brasileira e permanece \u00e0 disposi\u00e7\u00e3o das autoridades competentes para esclarecer quaisquer d\u00favidas que eventualmente surjam. A entidade segue focada em sua miss\u00e3o de promover o futebol brasileiro com seriedade, profissionalismo e respeito \u00e0s institui\u00e7\u00f5es e com absoluta tranquilidade de que todos os princ\u00edpios de boa gest\u00e3o e de probidade s\u00e3o diuturnamente respeitados&#8221;.<\/em><\/p>\n","protected":false},"excerpt":{"rendered":"<p>Presidente volta a enfrentar batalha jur\u00eddica tr\u00eas meses depois de homologa\u00e7\u00e3o que garantia sua perman\u00eancia no cargo. CBF diz que todo o acordo foi conduzido &#8220;dentro da legalidade&#8221;. Por Raphael Zarko\/ge \u2014 Rio de Janeiro A deputada Daniela Carneiro (Uni\u00e3o Brasil-RJ), conhecida como Daniela do Waguinho, pediu na noite de segunda-feira ao Supremo Tribunal Federal [&hellip;]<\/p>\n","protected":false},"author":2,"featured_media":87503,"comment_status":"open","ping_status":"open","sticky":false,"template":"","format":"standard","meta":{"_acf_changed":false,"_monsterinsights_skip_tracking":false,"_monsterinsights_sitenote_active":false,"_monsterinsights_sitenote_note":"","_monsterinsights_sitenote_category":0,"_jetpack_memberships_contains_paid_content":false,"footnotes":"","jetpack_publicize_message":"","jetpack_publicize_feature_enabled":true,"jetpack_social_post_already_shared":true,"jetpack_social_options":{"image_generator_settings":{"template":"highway","default_image_id":0,"font":"","enabled":false},"version":2}},"categories":[6],"tags":[],"class_list":["post-87502","post","type-post","status-publish","format-standard","has-post-thumbnail","hentry","category-esportes"],"acf":[],"jetpack_publicize_connections":[],"jetpack_featured_media_url":"https:\/\/i0.wp.com\/blogdoeloiltoncajuhy.com.br\/site\/wp-content\/uploads\/2025\/05\/Ednaldo-Rodrigues-pode-deixar-a-presidencia-da-CBF-%E2%80%94-Foto-Joilson-Marconne-CBF.jpeg?fit=984%2C629&ssl=1","jetpack_sharing_enabled":true,"publishpress_future_workflow_manual_trigger":{"enabledWorkflows":[]},"_links":{"self":[{"href":"https:\/\/blogdoeloiltoncajuhy.com.br\/site\/wp-json\/wp\/v2\/posts\/87502","targetHints":{"allow":["GET"]}}],"collection":[{"href":"https:\/\/blogdoeloiltoncajuhy.com.br\/site\/wp-json\/wp\/v2\/posts"}],"about":[{"href":"https:\/\/blogdoeloiltoncajuhy.com.br\/site\/wp-json\/wp\/v2\/types\/post"}],"author":[{"embeddable":true,"href":"https:\/\/blogdoeloiltoncajuhy.com.br\/site\/wp-json\/wp\/v2\/users\/2"}],"replies":[{"embeddable":true,"href":"https:\/\/blogdoeloiltoncajuhy.com.br\/site\/wp-json\/wp\/v2\/comments?post=87502"}],"version-history":[{"count":1,"href":"https:\/\/blogdoeloiltoncajuhy.com.br\/site\/wp-json\/wp\/v2\/posts\/87502\/revisions"}],"predecessor-version":[{"id":87504,"href":"https:\/\/blogdoeloiltoncajuhy.com.br\/site\/wp-json\/wp\/v2\/posts\/87502\/revisions\/87504"}],"wp:featuredmedia":[{"embeddable":true,"href":"https:\/\/blogdoeloiltoncajuhy.com.br\/site\/wp-json\/wp\/v2\/media\/87503"}],"wp:attachment":[{"href":"https:\/\/blogdoeloiltoncajuhy.com.br\/site\/wp-json\/wp\/v2\/media?parent=87502"}],"wp:term":[{"taxonomy":"category","embeddable":true,"href":"https:\/\/blogdoeloiltoncajuhy.com.br\/site\/wp-json\/wp\/v2\/categories?post=87502"},{"taxonomy":"post_tag","embeddable":true,"href":"https:\/\/blogdoeloiltoncajuhy.com.br\/site\/wp-json\/wp\/v2\/tags?post=87502"}],"curies":[{"name":"wp","href":"https:\/\/api.w.org\/{rel}","templated":true}]}}