{"id":87499,"date":"2025-05-06T15:15:43","date_gmt":"2025-05-06T18:15:43","guid":{"rendered":"https:\/\/blogdoeloiltoncajuhy.com.br\/site\/?p=87499"},"modified":"2025-05-06T15:15:45","modified_gmt":"2025-05-06T18:15:45","slug":"inss-fara-devolucao-automatica-de-valores-descontados-indevidamente-de-aposentados-diz-novo-presidente","status":"publish","type":"post","link":"https:\/\/blogdoeloiltoncajuhy.com.br\/site\/inss-fara-devolucao-automatica-de-valores-descontados-indevidamente-de-aposentados-diz-novo-presidente\/","title":{"rendered":"INSS far\u00e1 devolu\u00e7\u00e3o autom\u00e1tica de valores descontados indevidamente de aposentados, diz novo presidente"},"content":{"rendered":"\n<p class=\"has-medium-font-size\"><strong>Em entrevista \u00e0 CBN, novo presidente do instituto falou de medidas mais severas para evitar que fraudes voltem a acontecer.<\/strong><\/p>\n\n\n\n<p><strong>Por CBN<\/strong><\/p>\n\n\n\n<figure class=\"wp-block-image aligncenter size-full\"><a href=\"https:\/\/i0.wp.com\/blogdoeloiltoncajuhy.com.br\/site\/wp-content\/uploads\/2025\/05\/Fachada-do-predio-onde-fica-a-sede-do-INSS-%E2%80%94-Foto-Pedro-Franca-Agencia-Senado.jpeg?ssl=1\"><img data-recalc-dims=\"1\" fetchpriority=\"high\" decoding=\"async\" width=\"760\" height=\"507\" src=\"https:\/\/i0.wp.com\/blogdoeloiltoncajuhy.com.br\/site\/wp-content\/uploads\/2025\/05\/Fachada-do-predio-onde-fica-a-sede-do-INSS-%E2%80%94-Foto-Pedro-Franca-Agencia-Senado.jpeg?resize=760%2C507&#038;ssl=1\" alt=\"\" class=\"wp-image-87500\" srcset=\"https:\/\/i0.wp.com\/blogdoeloiltoncajuhy.com.br\/site\/wp-content\/uploads\/2025\/05\/Fachada-do-predio-onde-fica-a-sede-do-INSS-%E2%80%94-Foto-Pedro-Franca-Agencia-Senado.jpeg?w=760&amp;ssl=1 760w, https:\/\/i0.wp.com\/blogdoeloiltoncajuhy.com.br\/site\/wp-content\/uploads\/2025\/05\/Fachada-do-predio-onde-fica-a-sede-do-INSS-%E2%80%94-Foto-Pedro-Franca-Agencia-Senado.jpeg?resize=300%2C200&amp;ssl=1 300w\" sizes=\"(max-width: 760px) 100vw, 760px\" \/><\/a><figcaption class=\"wp-element-caption\"><sub>Fachada do pr\u00e9dio onde fica a sede do INSS \u2014 Foto: Pedro Fran\u00e7a\/Ag\u00eancia Senado<\/sub><\/figcaption><\/figure>\n\n\n\n<p>O presidente do Instituto Nacional do Seguro Social (INSS), Gilberto Waller J\u00fanior, afirmou que os aposentados e pensionistas lesados por descontos indevidos em folha n\u00e3o precisar\u00e3o tomar nenhuma provid\u00eancia para reaver os valores. Em entrevista ao Jornal da CBN, ele garantiu que o ressarcimento ser\u00e1 feito de forma autom\u00e1tica, segura e sem burocracia, diretamente pela institui\u00e7\u00e3o.<\/p>\n\n\n\n<p><a href=\"https:\/\/whatsapp.com\/channel\/0029VaAT7tDLI8Yfj5y9Z50Z\"><strong><mark style=\"background-color:rgba(0, 0, 0, 0)\" class=\"has-inline-color has-vivid-red-color\">Siga nosso canal no WhatsApp e veja mais not\u00edcias<\/mark><\/strong><\/a><\/p>\n\n\n\n<p>Gilberto Waller J\u00fanior destacou que o presidente Lula pediu pessoalmente que o processo de devolu\u00e7\u00e3o do dinheiro descontado dos aposentados e pensionistas seja f\u00e1cil. Ele afirma que benefici\u00e1rios n\u00e3o precisar\u00e3o enfrentar filas, apresentar documentos nem fazer PIX. Al\u00e9m disto, disse, j\u00e1 foi definido que este ressarcimento ser\u00e1 feito pela institui\u00e7\u00e3o na mesma conta em que aposentados e pensionistas recebem o benef\u00edcio.<\/p>\n\n\n\n<blockquote class=\"wp-block-quote is-layout-flow wp-block-quote-is-layout-flow\">\n<p><strong><mark style=\"background-color:rgba(0, 0, 0, 0)\" class=\"has-inline-color has-black-color\">&#8216;Tem que ser algo que n\u00e3o demande a ele novos trabalhos, n\u00e3o demande enfrentar uma fila. Nesse caso, a ideia \u00e9 essa, se aprovado esse modelo, que ele seja desburocratizado, que ele n\u00e3o tenha que juntar documento algum, que ele n\u00e3o tenha que enfrentar fila e sempre pelos canais oficiais. Uma das coisas que j\u00e1 foi definida \u00e9 que eventual ressarcimento seja da institui\u00e7\u00e3o. Nada de PIX, nada de dep\u00f3sito em conta e nada de sacar em banco. O que a gente vai fazer \u00e9, da mesma conta que ele recebe o seu benef\u00edcio previdenci\u00e1rio, vai ser depositado [o dinheiro]&#8217;.<\/mark><\/strong><\/p>\n<\/blockquote>\n\n\n\n<p>O INSS abriu processos administrativos contra 12 entidades citadas na investiga\u00e7\u00e3o da Pol\u00edcia Federal sobre os desvios em aposentadorias e pens\u00f5es. Gilberto Waller J\u00fanior explicou o crit\u00e9rio adotado pela Corregedoria-Geral da institui\u00e7\u00e3o. Segundo ele, foram abertos os processos nos casos que se enquadram como corrup\u00e7\u00e3o.<\/p>\n\n\n\n<blockquote class=\"wp-block-quote is-layout-flow wp-block-quote-is-layout-flow\">\n<p><strong><mark style=\"background-color:rgba(0, 0, 0, 0)\" class=\"has-inline-color has-black-color\">&#8216;Foram abertos processos de responsabiliza\u00e7\u00e3o de pessoas jur\u00eddicas com base na Lei Anticorrup\u00e7\u00e3o, e foram inclu\u00eddas as empresas que pagaram propina a agentes p\u00fablicos, por crime de corrup\u00e7\u00e3o, e aquelas que s\u00e3o empresas fantasmas, aquelas empresas que n\u00e3o tinham condi\u00e7\u00f5es m\u00ednimas para sua exist\u00eancia. Essas empresas fantasmas foram desconsideradas a pessoas jur\u00eddicas para poder alcan\u00e7ar tamb\u00e9m os seus s\u00f3cios e eventuais conglomerados de empresas&#8217;.<\/mark><\/strong><\/p>\n<\/blockquote>\n\n\n\n<p>O presidente do INSS contou que o instituto tem conversado com a Controladoria-Geral da Uni\u00e3o e com outros \u00f3rg\u00e3os de controle sobre a ado\u00e7\u00e3o de medidas mais severas para evitar que fraudes voltem a acontecer.<\/p>\n\n\n\n<blockquote class=\"wp-block-quote is-layout-flow wp-block-quote-is-layout-flow\">\n<p><strong><mark style=\"background-color:rgba(0, 0, 0, 0)\" class=\"has-inline-color has-black-color\">N\u00e3o pode o INSS celebrar um contrato, um conv\u00eanio, um acordo com uma institui\u00e7\u00e3o fraudulenta. O m\u00ednimo que tem que se fazer \u00e9 a comprova\u00e7\u00e3o de que aquela institui\u00e7\u00e3o funciona. O m\u00ednimo que tem que se fazer \u00e9 uma visita do INSS \u00e0 sede para verificar se a sede \u00e9 compat\u00edvel com o tamanho que ela fala que tem. \u00c9 um controle m\u00ednimo que se exige. \u00c9 necess\u00e1rio que a gente fa\u00e7a o controle da biometria facial, como j\u00e1 \u00e9 feito em rela\u00e7\u00e3o aos bancos, mas tamb\u00e9m outras quest\u00f5es de intelig\u00eancia. A gente pode fazer cruzamento de dados, verificar a pessoa onde mora, se est\u00e1 ligado \u00e0quele sindicato ou n\u00e3o&#8217;.<\/mark><\/strong><\/p>\n<\/blockquote>\n","protected":false},"excerpt":{"rendered":"<p>Em entrevista \u00e0 CBN, novo presidente do instituto falou de medidas mais severas para evitar que fraudes voltem a acontecer. Por CBN O presidente do Instituto Nacional do Seguro Social (INSS), Gilberto Waller J\u00fanior, afirmou que os aposentados e pensionistas lesados por descontos indevidos em folha n\u00e3o precisar\u00e3o tomar nenhuma provid\u00eancia para reaver os valores. [&hellip;]<\/p>\n","protected":false},"author":2,"featured_media":87500,"comment_status":"open","ping_status":"open","sticky":false,"template":"","format":"standard","meta":{"_acf_changed":false,"_monsterinsights_skip_tracking":false,"_monsterinsights_sitenote_active":false,"_monsterinsights_sitenote_note":"","_monsterinsights_sitenote_category":0,"_jetpack_memberships_contains_paid_content":false,"footnotes":"","jetpack_publicize_message":"","jetpack_publicize_feature_enabled":true,"jetpack_social_post_already_shared":true,"jetpack_social_options":{"image_generator_settings":{"template":"highway","default_image_id":0,"font":"","enabled":false},"version":2}},"categories":[1],"tags":[],"class_list":["post-87499","post","type-post","status-publish","format-standard","has-post-thumbnail","hentry","category-noticias"],"acf":[],"jetpack_publicize_connections":[],"jetpack_featured_media_url":"https:\/\/i0.wp.com\/blogdoeloiltoncajuhy.com.br\/site\/wp-content\/uploads\/2025\/05\/Fachada-do-predio-onde-fica-a-sede-do-INSS-%E2%80%94-Foto-Pedro-Franca-Agencia-Senado.jpeg?fit=760%2C507&ssl=1","jetpack_sharing_enabled":true,"publishpress_future_workflow_manual_trigger":{"enabledWorkflows":[]},"_links":{"self":[{"href":"https:\/\/blogdoeloiltoncajuhy.com.br\/site\/wp-json\/wp\/v2\/posts\/87499","targetHints":{"allow":["GET"]}}],"collection":[{"href":"https:\/\/blogdoeloiltoncajuhy.com.br\/site\/wp-json\/wp\/v2\/posts"}],"about":[{"href":"https:\/\/blogdoeloiltoncajuhy.com.br\/site\/wp-json\/wp\/v2\/types\/post"}],"author":[{"embeddable":true,"href":"https:\/\/blogdoeloiltoncajuhy.com.br\/site\/wp-json\/wp\/v2\/users\/2"}],"replies":[{"embeddable":true,"href":"https:\/\/blogdoeloiltoncajuhy.com.br\/site\/wp-json\/wp\/v2\/comments?post=87499"}],"version-history":[{"count":1,"href":"https:\/\/blogdoeloiltoncajuhy.com.br\/site\/wp-json\/wp\/v2\/posts\/87499\/revisions"}],"predecessor-version":[{"id":87501,"href":"https:\/\/blogdoeloiltoncajuhy.com.br\/site\/wp-json\/wp\/v2\/posts\/87499\/revisions\/87501"}],"wp:featuredmedia":[{"embeddable":true,"href":"https:\/\/blogdoeloiltoncajuhy.com.br\/site\/wp-json\/wp\/v2\/media\/87500"}],"wp:attachment":[{"href":"https:\/\/blogdoeloiltoncajuhy.com.br\/site\/wp-json\/wp\/v2\/media?parent=87499"}],"wp:term":[{"taxonomy":"category","embeddable":true,"href":"https:\/\/blogdoeloiltoncajuhy.com.br\/site\/wp-json\/wp\/v2\/categories?post=87499"},{"taxonomy":"post_tag","embeddable":true,"href":"https:\/\/blogdoeloiltoncajuhy.com.br\/site\/wp-json\/wp\/v2\/tags?post=87499"}],"curies":[{"name":"wp","href":"https:\/\/api.w.org\/{rel}","templated":true}]}}