{"id":87496,"date":"2025-05-06T09:10:06","date_gmt":"2025-05-06T12:10:06","guid":{"rendered":"https:\/\/blogdoeloiltoncajuhy.com.br\/site\/?p=87496"},"modified":"2025-05-06T09:10:08","modified_gmt":"2025-05-06T12:10:08","slug":"fundeb-reajuste-garante-quase-r-1-bilhao-a-mais-em-2025","status":"publish","type":"post","link":"https:\/\/blogdoeloiltoncajuhy.com.br\/site\/fundeb-reajuste-garante-quase-r-1-bilhao-a-mais-em-2025\/","title":{"rendered":"Fundeb: reajuste garante quase R$ 1 bilh\u00e3o a mais em 2025"},"content":{"rendered":"\n<p class=\"has-medium-font-size\"><strong>Pelos termos do documento, a receita total do Fundeb, no ano passado, chegou a R$ 261,8 bilh\u00f5es.<\/strong><\/p>\n\n\n\n<p><strong>Por Brasil 61<\/strong><\/p>\n\n\n\n<figure class=\"wp-block-image aligncenter size-full\"><a href=\"https:\/\/i0.wp.com\/blogdoeloiltoncajuhy.com.br\/site\/wp-content\/uploads\/2025\/05\/Sala-de-aula-Educacao-Foto-Gabriel-Jabur-Agencia-Brasilia.jpeg?ssl=1\"><img data-recalc-dims=\"1\" fetchpriority=\"high\" decoding=\"async\" width=\"760\" height=\"455\" src=\"https:\/\/i0.wp.com\/blogdoeloiltoncajuhy.com.br\/site\/wp-content\/uploads\/2025\/05\/Sala-de-aula-Educacao-Foto-Gabriel-Jabur-Agencia-Brasilia.jpeg?resize=760%2C455&#038;ssl=1\" alt=\"\" class=\"wp-image-87497\" srcset=\"https:\/\/i0.wp.com\/blogdoeloiltoncajuhy.com.br\/site\/wp-content\/uploads\/2025\/05\/Sala-de-aula-Educacao-Foto-Gabriel-Jabur-Agencia-Brasilia.jpeg?w=760&amp;ssl=1 760w, https:\/\/i0.wp.com\/blogdoeloiltoncajuhy.com.br\/site\/wp-content\/uploads\/2025\/05\/Sala-de-aula-Educacao-Foto-Gabriel-Jabur-Agencia-Brasilia.jpeg?resize=300%2C180&amp;ssl=1 300w\" sizes=\"(max-width: 760px) 100vw, 760px\" \/><\/a><figcaption class=\"wp-element-caption\"><sub>Foto: Gabriel Jabur\/Ag\u00eancia Bras\u00edlia<\/sub><\/figcaption><\/figure>\n\n\n\n<p>Estados e munic\u00edpios brasileiros come\u00e7aram o m\u00eas de maio com a partilha de R$ 943,4 milh\u00f5es. O valor \u00e9 referente \u00e0 complementa\u00e7\u00e3o da Uni\u00e3o ao Fundo de Manuten\u00e7\u00e3o e Desenvolvimento da Educa\u00e7\u00e3o B\u00e1sica e de Valoriza\u00e7\u00e3o dos Profissionais da Educa\u00e7\u00e3o (Fundeb).&nbsp;<\/p>\n\n\n\n<p>Os recursos foram creditados em parcela \u00fanica\u00a0nas contas-corrente dos entes benefici\u00e1rios do ajuste. Os detalhes da transfer\u00eancia constam na Portaria Interministerial MEC\/MF n\u00ba 3. Pelos termos do documento, a receita total do Fundeb, no ano passado, chegou a R$ 261,8 bilh\u00f5es. O montante \u00e9 R$ 4,96 bilh\u00f5es a mais do que a estimativa inicial para 2024, de R$ 256,86 bilh\u00f5es.\u00a0<\/p>\n\n\n\n<p>O aumento da arrecada\u00e7\u00e3o levou \u00e0 revis\u00e3o das quantias m\u00ednimas por aluno, com o Valor Anual Total por Aluno (VAAF-MIN) passando de R$ 5.648,91 para R$ 5.762,50, e o Valor Anual por Aluno (VAAT-MIN), corrigido de R$ 8.510,81 para R$ 8.539,53. &nbsp;<\/p>\n\n\n\n<p>Diante desse quadro, o valor total da complementa\u00e7\u00e3o da Uni\u00e3o do ano passado saltou de R$ 48,8 bilh\u00f5es para R$ 49,7 bilh\u00f5es, distribu\u00eddos da seguinte forma:&nbsp;<\/p>\n\n\n\n<ul class=\"wp-block-list\">\n<li>R$ 496,5 milh\u00f5es em complementa\u00e7\u00e3o VAAF\u00a0<\/li>\n\n\n\n<li>R$ 372,4 milh\u00f5es em complementa\u00e7\u00e3o VAAT\u00a0<\/li>\n\n\n\n<li>R$ 74,4 milh\u00f5es em complementa\u00e7\u00e3o VAAR<\/li>\n<\/ul>\n\n\n\n<p><\/p>\n\n\n\n<h4 class=\"wp-block-heading\"><strong><mark style=\"background-color:rgba(0, 0, 0, 0)\" class=\"has-inline-color has-black-color\">Estados beneficiados<\/mark><\/strong><\/h4>\n\n\n\n<p>Os repasses v\u00e3o beneficiar, no \u00e2mbito da complementa\u00e7\u00e3o VAAF, os fundos dos estados de Cear\u00e1, Maranh\u00e3o, Alagoas, Bahia, Pernambuco, Piau\u00ed, Par\u00e1 e Para\u00edba. J\u00e1 em rela\u00e7\u00e3o \u00e0 complementa\u00e7\u00e3o VAAT, 2.245 munic\u00edpios ser\u00e3o contemplados \u2014 incluindo 17 novas cidades que passaram a atender aos crit\u00e9rios legais, como Boquim (SE), Angicos (RN), Apucarana (PR), entre outras.\u00a0<\/p>\n\n\n\n<p><a href=\"https:\/\/whatsapp.com\/channel\/0029VaAT7tDLI8Yfj5y9Z50Z\"><strong><mark style=\"background-color:rgba(0, 0, 0, 0)\" class=\"has-inline-color has-vivid-red-color\">Siga nosso canal no WhatsApp e veja mais not\u00edcias<\/mark><\/strong><\/a><\/p>\n\n\n\n<p>De acordo com o Minist\u00e9rio da Educa\u00e7\u00e3o, a verba pode ser utilizada na constru\u00e7\u00e3o e reforma de escolas, na aquisi\u00e7\u00e3o de materiais did\u00e1ticos, assim como no investimento em transporte escolar e outras iniciativas de manuten\u00e7\u00e3o e desenvolvimento da educa\u00e7\u00e3o.&nbsp;<\/p>\n\n\n\n<p>O especialista em or\u00e7amento p\u00fablico, Cesar Lima, explica que, em regra, do valor total do Fundeb, os entes podem destinar at\u00e9 70% para pagamento de pessoal. Por\u00e9m, 30% devem ser investidos em outras \u00e1reas da educa\u00e7\u00e3o.&nbsp;<\/p>\n\n\n\n<p>\u201cO Fundeb \u00e9 um fundo formado por v\u00e1rias receitas, desde o Sal\u00e1rio Educa\u00e7\u00e3o, que \u00e9 uma contribui\u00e7\u00e3o paga por empresas, at\u00e9 mesmo uma parte do FPM [Fundo de Participa\u00e7\u00e3o dos Munic\u00edpios], que \u00e9 retirada de cada munic\u00edpio. Isso cria um fundo dividido nacionalmente, de acordo com o n\u00famero de matr\u00edculas de cada munic\u00edpio&#8221;, destaca.&nbsp;<\/p>\n\n\n\n<h4 class=\"wp-block-heading\"><strong><mark style=\"background-color:rgba(0, 0, 0, 0)\" class=\"has-inline-color has-black-color\">O Fundeb<\/mark><\/strong><\/h4>\n\n\n\n<p>O Fundeb \u00e9 formado por recursos que v\u00eam de impostos e transfer\u00eancias constitucionais dos entes federados vinculados \u00e0 educa\u00e7\u00e3o, bem como da Uni\u00e3o, por meio das complementa\u00e7\u00f5es Valor Aluno Ano (VAAF), Valor Aluno Ano Total (VAAT) e\u202fValor Aluno Ano Resultado\u202f(VAAR).\u202f<\/p>\n","protected":false},"excerpt":{"rendered":"<p>Pelos termos do documento, a receita total do Fundeb, no ano passado, chegou a R$ 261,8 bilh\u00f5es. Por Brasil 61 Estados e munic\u00edpios brasileiros come\u00e7aram o m\u00eas de maio com a partilha de R$ 943,4 milh\u00f5es. O valor \u00e9 referente \u00e0 complementa\u00e7\u00e3o da Uni\u00e3o ao Fundo de Manuten\u00e7\u00e3o e Desenvolvimento da Educa\u00e7\u00e3o B\u00e1sica e de [&hellip;]<\/p>\n","protected":false},"author":2,"featured_media":87497,"comment_status":"open","ping_status":"open","sticky":false,"template":"","format":"standard","meta":{"_acf_changed":false,"_monsterinsights_skip_tracking":false,"_monsterinsights_sitenote_active":false,"_monsterinsights_sitenote_note":"","_monsterinsights_sitenote_category":0,"_jetpack_memberships_contains_paid_content":false,"footnotes":"","jetpack_publicize_message":"","jetpack_publicize_feature_enabled":true,"jetpack_social_post_already_shared":true,"jetpack_social_options":{"image_generator_settings":{"template":"highway","default_image_id":0,"font":"","enabled":false},"version":2}},"categories":[14],"tags":[],"class_list":["post-87496","post","type-post","status-publish","format-standard","has-post-thumbnail","hentry","category-educacao"],"acf":[],"jetpack_publicize_connections":[],"jetpack_featured_media_url":"https:\/\/i0.wp.com\/blogdoeloiltoncajuhy.com.br\/site\/wp-content\/uploads\/2025\/05\/Sala-de-aula-Educacao-Foto-Gabriel-Jabur-Agencia-Brasilia.jpeg?fit=760%2C455&ssl=1","jetpack_sharing_enabled":true,"publishpress_future_workflow_manual_trigger":{"enabledWorkflows":[]},"_links":{"self":[{"href":"https:\/\/blogdoeloiltoncajuhy.com.br\/site\/wp-json\/wp\/v2\/posts\/87496","targetHints":{"allow":["GET"]}}],"collection":[{"href":"https:\/\/blogdoeloiltoncajuhy.com.br\/site\/wp-json\/wp\/v2\/posts"}],"about":[{"href":"https:\/\/blogdoeloiltoncajuhy.com.br\/site\/wp-json\/wp\/v2\/types\/post"}],"author":[{"embeddable":true,"href":"https:\/\/blogdoeloiltoncajuhy.com.br\/site\/wp-json\/wp\/v2\/users\/2"}],"replies":[{"embeddable":true,"href":"https:\/\/blogdoeloiltoncajuhy.com.br\/site\/wp-json\/wp\/v2\/comments?post=87496"}],"version-history":[{"count":1,"href":"https:\/\/blogdoeloiltoncajuhy.com.br\/site\/wp-json\/wp\/v2\/posts\/87496\/revisions"}],"predecessor-version":[{"id":87498,"href":"https:\/\/blogdoeloiltoncajuhy.com.br\/site\/wp-json\/wp\/v2\/posts\/87496\/revisions\/87498"}],"wp:featuredmedia":[{"embeddable":true,"href":"https:\/\/blogdoeloiltoncajuhy.com.br\/site\/wp-json\/wp\/v2\/media\/87497"}],"wp:attachment":[{"href":"https:\/\/blogdoeloiltoncajuhy.com.br\/site\/wp-json\/wp\/v2\/media?parent=87496"}],"wp:term":[{"taxonomy":"category","embeddable":true,"href":"https:\/\/blogdoeloiltoncajuhy.com.br\/site\/wp-json\/wp\/v2\/categories?post=87496"},{"taxonomy":"post_tag","embeddable":true,"href":"https:\/\/blogdoeloiltoncajuhy.com.br\/site\/wp-json\/wp\/v2\/tags?post=87496"}],"curies":[{"name":"wp","href":"https:\/\/api.w.org\/{rel}","templated":true}]}}