{"id":87493,"date":"2025-05-06T08:48:57","date_gmt":"2025-05-06T11:48:57","guid":{"rendered":"https:\/\/blogdoeloiltoncajuhy.com.br\/site\/?p=87493"},"modified":"2025-05-06T08:48:59","modified_gmt":"2025-05-06T11:48:59","slug":"deputado-bobo-destina-ambulancia-zero-quilometro-para-o-municipio-de-andorinha","status":"publish","type":"post","link":"https:\/\/blogdoeloiltoncajuhy.com.br\/site\/deputado-bobo-destina-ambulancia-zero-quilometro-para-o-municipio-de-andorinha\/","title":{"rendered":"Deputado Bob\u00f4 destina ambul\u00e2ncia zero quil\u00f4metro para o munic\u00edpio de Andorinha"},"content":{"rendered":"\n<p><strong>Blog do Eloilton Cajuhy \u2013 BEC<\/strong><\/p>\n\n\n\n<figure class=\"wp-block-image aligncenter size-full\"><a href=\"https:\/\/i0.wp.com\/blogdoeloiltoncajuhy.com.br\/site\/wp-content\/uploads\/2025\/05\/Bobo-ambulancia-p-Andorinha-2025-05-06.jpeg?ssl=1\"><img data-recalc-dims=\"1\" fetchpriority=\"high\" decoding=\"async\" width=\"760\" height=\"570\" src=\"https:\/\/i0.wp.com\/blogdoeloiltoncajuhy.com.br\/site\/wp-content\/uploads\/2025\/05\/Bobo-ambulancia-p-Andorinha-2025-05-06.jpeg?resize=760%2C570&#038;ssl=1\" alt=\"\" class=\"wp-image-87494\" srcset=\"https:\/\/i0.wp.com\/blogdoeloiltoncajuhy.com.br\/site\/wp-content\/uploads\/2025\/05\/Bobo-ambulancia-p-Andorinha-2025-05-06.jpeg?w=760&amp;ssl=1 760w, https:\/\/i0.wp.com\/blogdoeloiltoncajuhy.com.br\/site\/wp-content\/uploads\/2025\/05\/Bobo-ambulancia-p-Andorinha-2025-05-06.jpeg?resize=300%2C225&amp;ssl=1 300w\" sizes=\"(max-width: 760px) 100vw, 760px\" \/><\/a><figcaption class=\"wp-element-caption\"><sub>O deputado estadual Bob\u00f4 refor\u00e7ou seu compromisso com novos investimentos para a sa\u00fade de Andorinha<\/sub><\/figcaption><\/figure>\n\n\n\n<p>Nesta segunda-feira (5), o munic\u00edpio de Andorinha foi contemplado com uma nova ambul\u00e2ncia, adquirida por meio de emenda parlamentar do deputado estadual Bob\u00f4 (PCdoB). A entrega do ve\u00edculo ocorreu no Parque de Exposi\u00e7\u00f5es, em Salvador, durante cerim\u00f4nia conduzida pelo governador Jer\u00f4nimo Rodrigues e pela secret\u00e1ria estadual da Sa\u00fade, Roberta Santana.<\/p>\n\n\n\n<p>A iniciativa faz parte do plano do Governo da Bahia para refor\u00e7ar a estrutura da sa\u00fade p\u00fablica nos munic\u00edpios. Ao todo, foram entregues 72 ve\u00edculos: 58 ambul\u00e2ncias, 13 carros administrativos e uma van destinada ao Tratamento Fora do Domic\u00edlio (TFD).<\/p>\n\n\n\n<p><a href=\"https:\/\/whatsapp.com\/channel\/0029VaAT7tDLI8Yfj5y9Z50Z\"><strong><mark style=\"background-color:rgba(0, 0, 0, 0)\" class=\"has-inline-color has-vivid-red-color\">Siga nosso canal no WhatsApp e veja mais not\u00edcias<\/mark><\/strong><\/a><\/p>\n\n\n\n<p>Presente ao evento, o prefeito de Andorinha, Adilberto Evangelista, celebrou a conquista. \u201cEssa ambul\u00e2ncia far\u00e1 a diferen\u00e7a no atendimento \u00e0 nossa popula\u00e7\u00e3o, garantindo mais agilidade e seguran\u00e7a no transporte de pacientes. Agrade\u00e7o ao deputado Bob\u00f4 por esse novo refor\u00e7o para a sa\u00fade do nosso munic\u00edpio\u201d, afirmou.<\/p>\n\n\n\n<p>O vice-prefeito Vagner Lav\u00f4r tamb\u00e9m destacou a import\u00e2ncia da parceria. \u201cQuero agradecer ao deputado Bob\u00f4, nosso parceiro de longas datas, ao prefeito Adilberto, que est\u00e1 sempre ao nosso lado, e ao ex-vereador Nildo, que fez a indica\u00e7\u00e3o. Tamb\u00e9m agrade\u00e7o a presen\u00e7a do nosso secret\u00e1rio de Sa\u00fade, Ancelmo Enfermeiro. Essa boa parceria tem garantido grandes conquistas para o munic\u00edpio, e o trabalho vai continuar firme\u201d, declarou.<\/p>\n\n\n\n<p>O deputado estadual Bob\u00f4, al\u00e9m de falar sobre a entrega da ambul\u00e2ncia, refor\u00e7ou seu compromisso com novos investimentos para a sa\u00fade de Andorinha.<\/p>\n\n\n\n<blockquote class=\"wp-block-quote is-layout-flow wp-block-quote-is-layout-flow\">\n<p><strong><mark style=\"background-color:rgba(0, 0, 0, 0)\" class=\"has-inline-color has-black-color\">\u201cEstamos enviando mais um ve\u00edculo para o munic\u00edpio, um importante refor\u00e7o para a sa\u00fade local. E n\u00e3o para por a\u00ed: quero lembrar que destinei R$ 1 milh\u00e3o em emenda impositiva para a constru\u00e7\u00e3o de uma Unidade B\u00e1sica de Sa\u00fade (UBS) no distrito de Medrado, uma demanda antiga da popula\u00e7\u00e3o, que vai melhorar significativamente o atendimento no munic\u00edpio. Mais benef\u00edcios est\u00e3o a caminho. Agrade\u00e7o ao governador Jer\u00f4nimo e \u00e0 secret\u00e1ria Roberta pelo apoio\u201d, destacou o deputado.<\/mark><\/strong><\/p>\n<\/blockquote>\n","protected":false},"excerpt":{"rendered":"<p>Blog do Eloilton Cajuhy \u2013 BEC Nesta segunda-feira (5), o munic\u00edpio de Andorinha foi contemplado com uma nova ambul\u00e2ncia, adquirida por meio de emenda parlamentar do deputado estadual Bob\u00f4 (PCdoB). A entrega do ve\u00edculo ocorreu no Parque de Exposi\u00e7\u00f5es, em Salvador, durante cerim\u00f4nia conduzida pelo governador Jer\u00f4nimo Rodrigues e pela secret\u00e1ria estadual da Sa\u00fade, Roberta [&hellip;]<\/p>\n","protected":false},"author":2,"featured_media":87494,"comment_status":"open","ping_status":"open","sticky":false,"template":"","format":"standard","meta":{"_acf_changed":false,"_monsterinsights_skip_tracking":false,"_monsterinsights_sitenote_active":false,"_monsterinsights_sitenote_note":"","_monsterinsights_sitenote_category":0,"_jetpack_memberships_contains_paid_content":false,"footnotes":"","jetpack_publicize_message":"","jetpack_publicize_feature_enabled":true,"jetpack_social_post_already_shared":false,"jetpack_social_options":{"image_generator_settings":{"template":"highway","enabled":false},"version":2}},"categories":[3],"tags":[],"class_list":["post-87493","post","type-post","status-publish","format-standard","has-post-thumbnail","hentry","category-politica"],"acf":[],"jetpack_publicize_connections":[],"jetpack_featured_media_url":"https:\/\/i0.wp.com\/blogdoeloiltoncajuhy.com.br\/site\/wp-content\/uploads\/2025\/05\/Bobo-ambulancia-p-Andorinha-2025-05-06.jpeg?fit=760%2C570&ssl=1","jetpack_sharing_enabled":true,"publishpress_future_workflow_manual_trigger":{"enabledWorkflows":[]},"_links":{"self":[{"href":"https:\/\/blogdoeloiltoncajuhy.com.br\/site\/wp-json\/wp\/v2\/posts\/87493","targetHints":{"allow":["GET"]}}],"collection":[{"href":"https:\/\/blogdoeloiltoncajuhy.com.br\/site\/wp-json\/wp\/v2\/posts"}],"about":[{"href":"https:\/\/blogdoeloiltoncajuhy.com.br\/site\/wp-json\/wp\/v2\/types\/post"}],"author":[{"embeddable":true,"href":"https:\/\/blogdoeloiltoncajuhy.com.br\/site\/wp-json\/wp\/v2\/users\/2"}],"replies":[{"embeddable":true,"href":"https:\/\/blogdoeloiltoncajuhy.com.br\/site\/wp-json\/wp\/v2\/comments?post=87493"}],"version-history":[{"count":1,"href":"https:\/\/blogdoeloiltoncajuhy.com.br\/site\/wp-json\/wp\/v2\/posts\/87493\/revisions"}],"predecessor-version":[{"id":87495,"href":"https:\/\/blogdoeloiltoncajuhy.com.br\/site\/wp-json\/wp\/v2\/posts\/87493\/revisions\/87495"}],"wp:featuredmedia":[{"embeddable":true,"href":"https:\/\/blogdoeloiltoncajuhy.com.br\/site\/wp-json\/wp\/v2\/media\/87494"}],"wp:attachment":[{"href":"https:\/\/blogdoeloiltoncajuhy.com.br\/site\/wp-json\/wp\/v2\/media?parent=87493"}],"wp:term":[{"taxonomy":"category","embeddable":true,"href":"https:\/\/blogdoeloiltoncajuhy.com.br\/site\/wp-json\/wp\/v2\/categories?post=87493"},{"taxonomy":"post_tag","embeddable":true,"href":"https:\/\/blogdoeloiltoncajuhy.com.br\/site\/wp-json\/wp\/v2\/tags?post=87493"}],"curies":[{"name":"wp","href":"https:\/\/api.w.org\/{rel}","templated":true}]}}