{"id":87488,"date":"2025-05-06T00:10:00","date_gmt":"2025-05-06T03:10:00","guid":{"rendered":"https:\/\/blogdoeloiltoncajuhy.com.br\/site\/?p=87488"},"modified":"2025-05-05T20:50:18","modified_gmt":"2025-05-05T23:50:18","slug":"operario-pr-x-america-mg-cbf-aciona-stjd-e-pede-apuracao-rigorosa-em-caso-de-injuria-racial","status":"publish","type":"post","link":"https:\/\/blogdoeloiltoncajuhy.com.br\/site\/operario-pr-x-america-mg-cbf-aciona-stjd-e-pede-apuracao-rigorosa-em-caso-de-injuria-racial\/","title":{"rendered":"Oper\u00e1rio-PR x Am\u00e9rica-MG: CBF aciona STJD e pede &#8220;apura\u00e7\u00e3o rigorosa&#8221; em caso de inj\u00faria racial"},"content":{"rendered":"\n<p class=\"has-medium-font-size\"><strong>Allano denuncia ao \u00e1rbitro ser v\u00edtima de ofensa racista por parte de Miguelito, que \u00e9 preso e depois recebe liberdade provis\u00f3ria.<\/strong><\/p>\n\n\n\n<p><strong>Por ge<\/strong> \u2014 Londrina e Curitiba<\/p>\n\n\n\n<figure class=\"wp-block-image aligncenter size-full\"><a href=\"https:\/\/i0.wp.com\/blogdoeloiltoncajuhy.com.br\/site\/wp-content\/uploads\/2025\/05\/Jogadores-do-Operario-PR-denunciam-injuria-racial-do-meia-do-America-MG-%E2%80%94-Foto-Reproducao-Disney.jpeg?ssl=1\"><img data-recalc-dims=\"1\" fetchpriority=\"high\" decoding=\"async\" width=\"800\" height=\"446\" src=\"https:\/\/i0.wp.com\/blogdoeloiltoncajuhy.com.br\/site\/wp-content\/uploads\/2025\/05\/Jogadores-do-Operario-PR-denunciam-injuria-racial-do-meia-do-America-MG-%E2%80%94-Foto-Reproducao-Disney.jpeg?resize=800%2C446&#038;ssl=1\" alt=\"\" class=\"wp-image-87489\" srcset=\"https:\/\/i0.wp.com\/blogdoeloiltoncajuhy.com.br\/site\/wp-content\/uploads\/2025\/05\/Jogadores-do-Operario-PR-denunciam-injuria-racial-do-meia-do-America-MG-%E2%80%94-Foto-Reproducao-Disney.jpeg?w=984&amp;ssl=1 984w, https:\/\/i0.wp.com\/blogdoeloiltoncajuhy.com.br\/site\/wp-content\/uploads\/2025\/05\/Jogadores-do-Operario-PR-denunciam-injuria-racial-do-meia-do-America-MG-%E2%80%94-Foto-Reproducao-Disney.jpeg?resize=300%2C167&amp;ssl=1 300w, https:\/\/i0.wp.com\/blogdoeloiltoncajuhy.com.br\/site\/wp-content\/uploads\/2025\/05\/Jogadores-do-Operario-PR-denunciam-injuria-racial-do-meia-do-America-MG-%E2%80%94-Foto-Reproducao-Disney.jpeg?resize=768%2C428&amp;ssl=1 768w\" sizes=\"(max-width: 800px) 100vw, 800px\" \/><\/a><figcaption class=\"wp-element-caption\"><sub>Jogadores do Oper\u00e1rio-PR denunciam inj\u00faria racial do meia do Am\u00e9rica-MG \u2014 Foto: Reprodu\u00e7\u00e3o\/Disney+<\/sub><\/figcaption><\/figure>\n\n\n\n<p>A CBF acionou o Superior Tribunal de Justi\u00e7a Desportiva (STJD) e pediu &#8220;apura\u00e7\u00e3o rigorosa&#8221; no caso de inj\u00faria racial no jogo Oper\u00e1rio-PR x Am\u00e9rica-MG, pela S\u00e9rie B do Brasileiro.<\/p>\n\n\n\n<p>Durante a partida, o atacante Allano, do Oper\u00e1rio-PR, denunciou ao \u00e1rbitro que foi v\u00edtima de ofensa racista por parte de Miguelito, do time mineiro. Miguelito foi preso, ap\u00f3s ser ouvido pela pol\u00edcia depois do jogo, e recebeu liberdade provis\u00f3ria nesta segunda-feira.<\/p>\n\n\n\n<p><a href=\"https:\/\/whatsapp.com\/channel\/0029VaAT7tDLI8Yfj5y9Z50Z\"><strong><mark style=\"background-color:rgba(0, 0, 0, 0)\" class=\"has-inline-color has-vivid-red-color\">Siga nosso canal no WhatsApp e veja mais not\u00edcias<\/mark><\/strong><\/a><\/p>\n\n\n\n<p>Em nota, divulgada na noite desta segunda-feira, a CBF informou que a s\u00famula da partida foi encaminhada ao STJD, &#8220;\u00f3rg\u00e3o respons\u00e1vel por conduzir uma apura\u00e7\u00e3o rigorosa para assegurar a devida responsabiliza\u00e7\u00e3o dos envolvidos&#8221;. <strong><mark style=\"background-color:rgba(0, 0, 0, 0)\" class=\"has-inline-color has-black-color\">Veja a nota completa mais abaixo<\/mark><\/strong>.<\/p>\n\n\n\n<p>A den\u00fancia de Allano ocorreu aos 30 minutos. Ap\u00f3s uma disputa de bola, os jogadores aguardavam a cobran\u00e7a de uma falta lateral quando Miguelito virou em dire\u00e7\u00e3o ao atacante do Oper\u00e1rio-PR, que foi para cima do meia do Am\u00e9rica-MG, junto com Jacy, tamb\u00e9m do Fantasma, que estava pr\u00f3ximo. Em seguida, eles foram at\u00e9 o \u00e1rbitro para falar sobre o ocorrido.<\/p>\n\n\n\n<p>Ap\u00f3s ser informado pelo jogador do Oper\u00e1rio-PR do ocorrido, o \u00e1rbitro Alisson Sidnei Furtado utilizou o protocolo antirracista da Fifa e da CBF, sinalizando com os bra\u00e7os cruzados, na altura do peito, em forma de \u201cX\u201d. A den\u00fancia de inj\u00faria racial consta na s\u00famula do jogo.<\/p>\n\n\n\n<figure class=\"wp-block-image aligncenter size-full\"><a href=\"https:\/\/i0.wp.com\/blogdoeloiltoncajuhy.com.br\/site\/wp-content\/uploads\/2025\/05\/Miguelito-do-America-MG-em-duelo-com-o-Operario-PR-%E2%80%94-Foto-Giovani-Baccin-AGIF.jpeg?ssl=1\"><img data-recalc-dims=\"1\" decoding=\"async\" width=\"800\" height=\"533\" src=\"https:\/\/i0.wp.com\/blogdoeloiltoncajuhy.com.br\/site\/wp-content\/uploads\/2025\/05\/Miguelito-do-America-MG-em-duelo-com-o-Operario-PR-%E2%80%94-Foto-Giovani-Baccin-AGIF.jpeg?resize=800%2C533&#038;ssl=1\" alt=\"\" class=\"wp-image-87490\" srcset=\"https:\/\/i0.wp.com\/blogdoeloiltoncajuhy.com.br\/site\/wp-content\/uploads\/2025\/05\/Miguelito-do-America-MG-em-duelo-com-o-Operario-PR-%E2%80%94-Foto-Giovani-Baccin-AGIF.jpeg?w=984&amp;ssl=1 984w, https:\/\/i0.wp.com\/blogdoeloiltoncajuhy.com.br\/site\/wp-content\/uploads\/2025\/05\/Miguelito-do-America-MG-em-duelo-com-o-Operario-PR-%E2%80%94-Foto-Giovani-Baccin-AGIF.jpeg?resize=300%2C200&amp;ssl=1 300w, https:\/\/i0.wp.com\/blogdoeloiltoncajuhy.com.br\/site\/wp-content\/uploads\/2025\/05\/Miguelito-do-America-MG-em-duelo-com-o-Operario-PR-%E2%80%94-Foto-Giovani-Baccin-AGIF.jpeg?resize=768%2C512&amp;ssl=1 768w\" sizes=\"(max-width: 800px) 100vw, 800px\" \/><\/a><figcaption class=\"wp-element-caption\"><sub>Miguelito, do Am\u00e9rica-MG, em duelo com o Oper\u00e1rio-PR \u2014 Foto: Giovani Baccin\/AGIF<\/sub><\/figcaption><\/figure>\n\n\n\n<p>De acordo com a Pol\u00edcia Civil do Paran\u00e1, ap\u00f3s o t\u00e9rmino da partida, o autor, a v\u00edtima e a testemunha foram conduzidas por uma equipe da Pol\u00edcia Militar at\u00e9 a sede da 13\u00aa Subdivis\u00e3o Policial. Ap\u00f3s ouvir os envolvidos, foi dada voz de pris\u00e3o em flagrante a Miguelito pelo crime previsto na Lei n\u00ba 7.716\/89. Nesta segunda-feira, ele teve concedido o pedido de liberdade provis\u00f3ria.<\/p>\n\n\n\n<p>A Pol\u00edcia Civil j\u00e1 estabeleceu contato com os canais de transmiss\u00e3o da partida, atrav\u00e9s do advogado do Oper\u00e1rio-PR, para obter imagens que possam ter registrado a fala racista. O jogador do Am\u00e9rica-MG teria proferido a express\u00e3o &#8220;Preto do C***&#8221; contra o jogador do Fantasma.<\/p>\n\n\n\n<p>O Inqu\u00e9rito Policial dever\u00e1 ser conclu\u00eddo nos pr\u00f3ximos dias sendo que a pena m\u00e1xima prevista para o crime de inj\u00faria racial \u00e9 de 5 (cinco) anos de reclus\u00e3o.<\/p>\n\n\n\n<h4 class=\"wp-block-heading\"><strong><mark style=\"background-color:rgba(0, 0, 0, 0)\" class=\"has-inline-color has-black-color\">Veja a nota da CBF<\/mark><\/strong><\/h4>\n\n\n\n<p><em>A Confedera\u00e7\u00e3o Brasileira de Futebol (CBF) reafirma seu compromisso inabal\u00e1vel na luta contra o racismo no futebol. Em conformidade com sua pol\u00edtica de toler\u00e2ncia zero a qualquer forma de discrimina\u00e7\u00e3o, a entidade orienta todos os \u00e1rbitros a acionarem o protocolo da CBF em casos de agress\u00f5es racistas, como ocorreu no \u00faltimo domingo (4) na partida entre Oper\u00e1rio-PR e Am\u00e9rica-MG, pela S\u00e9rie B do Campeonato Brasileiro, em Ponta Grossa.<\/em><\/p>\n\n\n\n<p><em>A CBF informa que j\u00e1 encaminhou a s\u00famula da partida ao Superior Tribunal de Justi\u00e7a Desportiva (STJD), \u00f3rg\u00e3o respons\u00e1vel por conduzir uma apura\u00e7\u00e3o rigorosa para assegurar a devida responsabiliza\u00e7\u00e3o dos envolvidos.<\/em><\/p>\n\n\n\n<p><em>Reiteramos que o futebol \u00e9 um espa\u00e7o de respeito, inclus\u00e3o e igualdade, e que a\u00e7\u00f5es firmes continuar\u00e3o sendo tomadas para erradicar o racismo em nosso esporte. N\u00e3o h\u00e1 espa\u00e7o para o preconceito nos campos ou na sociedade.<\/em><\/p>\n\n\n\n<h4 class=\"wp-block-heading\"><strong><mark style=\"background-color:rgba(0, 0, 0, 0)\" class=\"has-inline-color has-black-color\">Veja a nota do Oper\u00e1rio-PR sobre o ocorrido<\/mark><\/strong><\/h4>\n\n\n\n<p><em>Allano denunciou para a arbitragem falas racistas do camisa 7 do Am\u00e9rica-MG. O \u00e1rbitro Alisson Sidnei Furtado acionou o protocolo de racismo, simbolizado por um X com os bra\u00e7os, e resolveu retornar a partida sem altera\u00e7\u00f5es.<\/em><\/p>\n\n\n\n<p><em>Com a den\u00fancia de racismo, a torcida do Oper\u00e1rio mostrou indigna\u00e7\u00e3o e, no momento, arremessou copo com l\u00edquido em dire\u00e7\u00e3o ao banco de reservas visitante. O camisa 4 do Am\u00e9rica identificou e o torcedor foi retirado da arquibancada.<\/em><\/p>\n\n\n\n<p><em>O Oper\u00e1rio Ferrovi\u00e1rio ir\u00e1 prestar todo apoio ao jogador Allano e lamenta a continuidade da partida sem modifica\u00e7\u00f5es, uma vez que o protocolo foi acionado, e est\u00e1 buscando imagens claras que confirmem a alega\u00e7\u00e3o.<\/em><\/p>\n\n\n\n<h4 class=\"wp-block-heading\"><strong><mark style=\"background-color:rgba(0, 0, 0, 0)\" class=\"has-inline-color has-black-color\">Veja a nota do presidente do Conselho do Am\u00e9rica-MG<\/mark><\/strong><\/h4>\n\n\n\n<p><em>O Am\u00e9rica FC ,fiel \u00e0 sua hist\u00f3ria centen\u00e1ria e aos princ\u00edpios que a sustentam, vem a p\u00fablico prestar esclarecimentos e manifestar total solidariedade ao atleta Miguel \u00c1ngel Terceros Acu\u00f1a, diante de acusa\u00e7\u00f5es infundadas que tentam associar seu nome a conduta de cunho racista.<\/em><\/p>\n\n\n\n<p><em>Ap\u00f3s criteriosa apura\u00e7\u00e3o interna e an\u00e1lise dos fatos dispon\u00edveis, n\u00e3o foi identificada qualquer atitude, gesto ou declara\u00e7\u00e3o do jogador que possa, sob qualquer \u00e2ngulo, ser interpretada como discriminat\u00f3ria. Ao contr\u00e1rio, Miguel Terceros sempre demonstrou conduta \u00e9tica, respeito e esp\u00edrito esportivo, sendo amplamente reconhecido no clube por seu profissionalismo e integridade.<\/em><\/p>\n\n\n\n<p><em>O Am\u00e9rica FC reafirma, de forma enf\u00e1tica, seu compromisso inegoci\u00e1vel com a igualdade, o respeito \u00e0 dignidade humana e o combate a toda e qualquer forma de preconceito. Repudiamos qualquer tentativa de imputar condutas incompat\u00edveis com esses valores a nossos atletas e colaboradores \u2014 ainda mais quando desprovidas de qualquer respaldo nos fatos.<\/em><\/p>\n\n\n\n<p><em>Seguiremos firmes na defesa dos princ\u00edpios que norteiam nossa institui\u00e7\u00e3o e na preserva\u00e7\u00e3o da honra de todos que constroem, com dedica\u00e7\u00e3o e respeito, um futebol mais justo, inclusivo e humano.<\/em><\/p>\n\n\n\n<p><em>Alencar da Silveira J\u00fanior<\/em><\/p>\n","protected":false},"excerpt":{"rendered":"<p>Allano denuncia ao \u00e1rbitro ser v\u00edtima de ofensa racista por parte de Miguelito, que \u00e9 preso e depois recebe liberdade provis\u00f3ria. Por ge \u2014 Londrina e Curitiba A CBF acionou o Superior Tribunal de Justi\u00e7a Desportiva (STJD) e pediu &#8220;apura\u00e7\u00e3o rigorosa&#8221; no caso de inj\u00faria racial no jogo Oper\u00e1rio-PR x Am\u00e9rica-MG, pela S\u00e9rie B do [&hellip;]<\/p>\n","protected":false},"author":2,"featured_media":87489,"comment_status":"open","ping_status":"open","sticky":false,"template":"","format":"standard","meta":{"_acf_changed":false,"_monsterinsights_skip_tracking":false,"_monsterinsights_sitenote_active":false,"_monsterinsights_sitenote_note":"","_monsterinsights_sitenote_category":0,"_jetpack_memberships_contains_paid_content":false,"footnotes":"","jetpack_publicize_message":"","jetpack_publicize_feature_enabled":true,"jetpack_social_post_already_shared":true,"jetpack_social_options":{"image_generator_settings":{"template":"highway","default_image_id":0,"font":"","enabled":false},"version":2}},"categories":[6],"tags":[],"class_list":["post-87488","post","type-post","status-publish","format-standard","has-post-thumbnail","hentry","category-esportes"],"acf":[],"jetpack_publicize_connections":[],"jetpack_featured_media_url":"https:\/\/i0.wp.com\/blogdoeloiltoncajuhy.com.br\/site\/wp-content\/uploads\/2025\/05\/Jogadores-do-Operario-PR-denunciam-injuria-racial-do-meia-do-America-MG-%E2%80%94-Foto-Reproducao-Disney.jpeg?fit=984%2C548&ssl=1","jetpack_sharing_enabled":true,"publishpress_future_workflow_manual_trigger":{"enabledWorkflows":[]},"_links":{"self":[{"href":"https:\/\/blogdoeloiltoncajuhy.com.br\/site\/wp-json\/wp\/v2\/posts\/87488","targetHints":{"allow":["GET"]}}],"collection":[{"href":"https:\/\/blogdoeloiltoncajuhy.com.br\/site\/wp-json\/wp\/v2\/posts"}],"about":[{"href":"https:\/\/blogdoeloiltoncajuhy.com.br\/site\/wp-json\/wp\/v2\/types\/post"}],"author":[{"embeddable":true,"href":"https:\/\/blogdoeloiltoncajuhy.com.br\/site\/wp-json\/wp\/v2\/users\/2"}],"replies":[{"embeddable":true,"href":"https:\/\/blogdoeloiltoncajuhy.com.br\/site\/wp-json\/wp\/v2\/comments?post=87488"}],"version-history":[{"count":2,"href":"https:\/\/blogdoeloiltoncajuhy.com.br\/site\/wp-json\/wp\/v2\/posts\/87488\/revisions"}],"predecessor-version":[{"id":87492,"href":"https:\/\/blogdoeloiltoncajuhy.com.br\/site\/wp-json\/wp\/v2\/posts\/87488\/revisions\/87492"}],"wp:featuredmedia":[{"embeddable":true,"href":"https:\/\/blogdoeloiltoncajuhy.com.br\/site\/wp-json\/wp\/v2\/media\/87489"}],"wp:attachment":[{"href":"https:\/\/blogdoeloiltoncajuhy.com.br\/site\/wp-json\/wp\/v2\/media?parent=87488"}],"wp:term":[{"taxonomy":"category","embeddable":true,"href":"https:\/\/blogdoeloiltoncajuhy.com.br\/site\/wp-json\/wp\/v2\/categories?post=87488"},{"taxonomy":"post_tag","embeddable":true,"href":"https:\/\/blogdoeloiltoncajuhy.com.br\/site\/wp-json\/wp\/v2\/tags?post=87488"}],"curies":[{"name":"wp","href":"https:\/\/api.w.org\/{rel}","templated":true}]}}