{"id":87479,"date":"2025-05-06T00:10:00","date_gmt":"2025-05-06T03:10:00","guid":{"rendered":"https:\/\/blogdoeloiltoncajuhy.com.br\/site\/?p=87479"},"modified":"2025-05-05T20:01:22","modified_gmt":"2025-05-05T23:01:22","slug":"campanha-maio-amarelo-convida-motoristas-a-desacelerarem-nas-rodovias","status":"publish","type":"post","link":"https:\/\/blogdoeloiltoncajuhy.com.br\/site\/campanha-maio-amarelo-convida-motoristas-a-desacelerarem-nas-rodovias\/","title":{"rendered":"Campanha Maio Amarelo convida motoristas a desacelerarem nas rodovias"},"content":{"rendered":"\n<p class=\"has-medium-font-size\"><strong>&#8220;Desacelere: seu bem maior \u00e9 a vida&#8221; \u00e9 o tema da a\u00e7\u00e3o neste ano.<\/strong><\/p>\n\n\n\n<p><strong>Por Luciano Nascimento\/Ag\u00eancia Brasil<\/strong><\/p>\n\n\n\n<figure class=\"wp-block-image aligncenter size-full is-resized\"><a href=\"https:\/\/i0.wp.com\/blogdoeloiltoncajuhy.com.br\/site\/wp-content\/uploads\/2015\/09\/transito.jpg\"><img data-recalc-dims=\"1\" fetchpriority=\"high\" decoding=\"async\" width=\"380\" height=\"252\" src=\"https:\/\/i0.wp.com\/blogdoeloiltoncajuhy.com.br\/site\/wp-content\/uploads\/2015\/09\/transito.jpg?resize=380%2C252\" alt=\"\" class=\"wp-image-4294\" style=\"width:588px;height:auto\" srcset=\"https:\/\/i0.wp.com\/blogdoeloiltoncajuhy.com.br\/site\/wp-content\/uploads\/2015\/09\/transito.jpg?w=380&amp;ssl=1 380w, https:\/\/i0.wp.com\/blogdoeloiltoncajuhy.com.br\/site\/wp-content\/uploads\/2015\/09\/transito.jpg?resize=300%2C199&amp;ssl=1 300w, https:\/\/i0.wp.com\/blogdoeloiltoncajuhy.com.br\/site\/wp-content\/uploads\/2015\/09\/transito.jpg?resize=250%2C166&amp;ssl=1 250w\" sizes=\"(max-width: 380px) 100vw, 380px\" \/><\/a><figcaption class=\"wp-element-caption\"><sub>O movimento Maio Amarelo, que re\u00fane o Poder P\u00fablico e a sociedade civil, foi criado pela Organiza\u00e7\u00e3o das Na\u00e7\u00f5es Unidas (ONU) em 11 de maio de 2011, dentro da D\u00e9cada de A\u00e7\u00e3o para Seguran\u00e7a no Tr\u00e2nsito 2011-2020<\/sub><\/figcaption><\/figure>\n\n\n\n<p>Com o tema <strong><mark style=\"background-color:rgba(0, 0, 0, 0)\" class=\"has-inline-color has-black-color\">Desacelere: seu bem maior \u00e9 a vida<\/mark><\/strong> foi lan\u00e7ada nesta segunda-feira (5) a campanha Maio Amarelo 2025, que tem por objetivo ressaltar a import\u00e2ncia da prud\u00eancia e do respeito \u00e0s normas de tr\u00e2nsito para preservar a vida.<\/p>\n\n\n\n<p>Durante todo o m\u00eas ser\u00e3o realizadas a\u00e7\u00f5es para conscientizar os condutores sobre tr\u00e2nsito seguro.<\/p>\n\n\n\n<p>Dados de 2023 do DataSUS, do Minist\u00e9rio da Sa\u00fade, mostram que a cada 15 minutos uma pessoa morre em decorr\u00eancia de acidentes de tr\u00e2nsito no Brasil.<\/p>\n\n\n\n<p><a href=\"https:\/\/whatsapp.com\/channel\/0029VaAT7tDLI8Yfj5y9Z50Z\"><strong><mark style=\"background-color:rgba(0, 0, 0, 0)\" class=\"has-inline-color has-vivid-red-color\">Siga nosso canal no WhatsApp e veja mais not\u00edcias<\/mark><\/strong><\/a><\/p>\n\n\n\n<p>Naquele ano foram registrados 34.881 \u00f3bitos no tr\u00e2nsito, um aumento de 987 \u00f3bitos em compara\u00e7\u00e3o com os dados de 2022. Excesso de velocidade, distra\u00e7\u00e3o ao volante e desrespeito \u00e0s leis foram as principais causas.<\/p>\n\n\n\n<p>Durante o lan\u00e7amento da campanha, em Bras\u00edlia, o secret\u00e1rio Nacional de Tr\u00e2nsito do Minist\u00e9rio dos Transportes, Adroaldo Catr\u00e3o, alertou para o fato de que, atualmente, em raz\u00e3o dos impactos da tecnologia no cotidiano, as pessoas acabam relacionando a velocidade ao bem-estar e campanha quer, justamente, dialogar com esse cen\u00e1rio.<\/p>\n\n\n\n<blockquote class=\"wp-block-quote is-layout-flow wp-block-quote-is-layout-flow\">\n<p><strong><mark style=\"background-color:rgba(0, 0, 0, 0)\" class=\"has-inline-color has-black-color\">\u201cEscolher o tema da velocidade foi uma escolha baseada em evid\u00eancias. Todos os estudos mostram que esse \u00e9 um fator de risco fundamental. Ent\u00e3o estamos apontando a lanterna para o problema e mostrando que s\u00e3o v\u00e1rias as solu\u00e7\u00f5es. N\u00e3o \u00e9 s\u00f3 fiscaliza\u00e7\u00e3o, radar e multa. Estamos falando de pequenas interven\u00e7\u00f5es vi\u00e1rias e de comportamento humano, de educa\u00e7\u00e3o para um melhor comportamento\u201d, disse.<\/mark><\/strong><\/p>\n<\/blockquote>\n\n\n\n<p>J\u00e1 em rela\u00e7\u00e3o a acidentes ocorridos apenas em rodovias federais, dados da Pol\u00edcia Rodovi\u00e1ria Federal (PRF), mostram que, em 2024, foram registrados 73.121 acidentes, resultando em 84.489 feridos e 6.160 mortos.<\/p>\n\n\n\n<p>Foi quarto ano consecutivo de aumento no n\u00famero de mortes em estradas federais, com alta de 10% em rela\u00e7\u00e3o a 2023.<\/p>\n\n\n\n<p>\u201cDesacelere \u00e9 quase que para lembrar: j\u00e1 parou para pensar o quanto a velocidade impacta no risco que voc\u00ea est\u00e1 correndo?\u201d, apontou Catr\u00e3o.<\/p>\n\n\n\n<h4 class=\"wp-block-heading\"><strong><mark style=\"background-color:rgba(0, 0, 0, 0)\" class=\"has-inline-color has-black-color\">Sa\u00fade mental<\/mark><\/strong><\/h4>\n\n\n\n<p>O Presidente da Associa\u00e7\u00e3o Nacional dos Detrans (AND), Givaldo Vieira, destacou o fato de que a sociedade precisa ser alertada constantemente para o cuidado, n\u00e3o apenas com o tr\u00e2nsito, mas com a sa\u00fade, em especial a sa\u00fade mental devido ao uso excessivo de dispositivos como celulares.<\/p>\n\n\n\n<blockquote class=\"wp-block-quote is-layout-flow wp-block-quote-is-layout-flow\">\n<p><strong><mark style=\"background-color:rgba(0, 0, 0, 0)\" class=\"has-inline-color has-black-color\">\u201cDesacelerar a vida como um todo. Muitas infra\u00e7\u00f5es como n\u00e3o uso de equipamento obrigat\u00f3rio, ultrapassar o sinal vermelho est\u00e3o ligadas ao uso de celular\u201d, observou.<\/mark><\/strong><\/p>\n<\/blockquote>\n\n\n\n<p>\u201cDe certo modo as pessoas est\u00e3o aceleradas no uso do celular. Elas est\u00e3o dirigindo e est\u00e3o trocando mensagens, ouvindo ou falando ao celular e essas infra\u00e7\u00f5es est\u00e3o ligadas a esse comportamento excessivamente acelerado\u201d, concluiu Vieira.<\/p>\n\n\n\n<h4 class=\"wp-block-heading\"><strong><mark style=\"background-color:rgba(0, 0, 0, 0)\" class=\"has-inline-color has-black-color\">Maio amarelo<\/mark><\/strong><\/h4>\n\n\n\n<p>O movimento Maio Amarelo, que re\u00fane o Poder P\u00fablico e a sociedade civil, foi criado pela Organiza\u00e7\u00e3o das Na\u00e7\u00f5es Unidas (ONU) em 11 de maio de 2011, dentro da D\u00e9cada de A\u00e7\u00e3o para Seguran\u00e7a no Tr\u00e2nsito 2011-2020.<\/p>\n\n\n\n<p>A cor amarela, que simboliza a aten\u00e7\u00e3o nos sinais de tr\u00e2nsito, \u00e9 utilizada para colocar em pauta a urg\u00eancia da redu\u00e7\u00e3o da viol\u00eancia no tr\u00e2nsito.<\/p>\n\n\n\n<p>Para o ano de 2025, o Observat\u00f3rio Nacional de Seguran\u00e7a Vi\u00e1ria (ONSV) definiu como tema: Mobilidade Humana, Responsabilidade Humana.<\/p>\n\n\n\n<p>Segundo a organiza\u00e7\u00e3o, a mensagem central \u00e9 de que a verdadeira mobilidade humana se constr\u00f3i quando todos se sentem seguros e respeitados.<\/p>\n\n\n\n<p>\u201cPara isso, \u00e9 fundamental que a responsabilidade individual se torne uma prioridade coletiva. Juntos, podemos transformar nossas cidades e rodovias em espa\u00e7os mais seguros e inclusivos para todos\u201d, diz a mensagem da campanha.<\/p>\n\n\n\n<p>Os materiais do Maio Amarelo est\u00e3o dispon\u00edveis para <a href=\"https:\/\/www.onsv.org.br\/maioamarelo\/maio-amarelo-2025\"><strong><mark style=\"background-color:rgba(0, 0, 0, 0)\" class=\"has-inline-color has-vivid-cyan-blue-color\">baixar aqui<\/mark><\/strong><\/a>.<\/p>\n","protected":false},"excerpt":{"rendered":"<p>&#8220;Desacelere: seu bem maior \u00e9 a vida&#8221; \u00e9 o tema da a\u00e7\u00e3o neste ano. Por Luciano Nascimento\/Ag\u00eancia Brasil Com o tema Desacelere: seu bem maior \u00e9 a vida foi lan\u00e7ada nesta segunda-feira (5) a campanha Maio Amarelo 2025, que tem por objetivo ressaltar a import\u00e2ncia da prud\u00eancia e do respeito \u00e0s normas de tr\u00e2nsito para [&hellip;]<\/p>\n","protected":false},"author":2,"featured_media":67455,"comment_status":"open","ping_status":"open","sticky":false,"template":"","format":"standard","meta":{"_acf_changed":false,"_monsterinsights_skip_tracking":false,"_monsterinsights_sitenote_active":false,"_monsterinsights_sitenote_note":"","_monsterinsights_sitenote_category":0,"_jetpack_memberships_contains_paid_content":false,"footnotes":"","jetpack_publicize_message":"","jetpack_publicize_feature_enabled":true,"jetpack_social_post_already_shared":true,"jetpack_social_options":{"image_generator_settings":{"template":"highway","default_image_id":0,"font":"","enabled":false},"version":2}},"categories":[5],"tags":[],"class_list":["post-87479","post","type-post","status-publish","format-standard","has-post-thumbnail","hentry","category-cotidiano"],"acf":[],"jetpack_publicize_connections":[],"jetpack_featured_media_url":"https:\/\/i0.wp.com\/blogdoeloiltoncajuhy.com.br\/site\/wp-content\/uploads\/2022\/08\/transito1.webp?fit=984%2C554&ssl=1","jetpack_sharing_enabled":true,"publishpress_future_workflow_manual_trigger":{"enabledWorkflows":[]},"_links":{"self":[{"href":"https:\/\/blogdoeloiltoncajuhy.com.br\/site\/wp-json\/wp\/v2\/posts\/87479","targetHints":{"allow":["GET"]}}],"collection":[{"href":"https:\/\/blogdoeloiltoncajuhy.com.br\/site\/wp-json\/wp\/v2\/posts"}],"about":[{"href":"https:\/\/blogdoeloiltoncajuhy.com.br\/site\/wp-json\/wp\/v2\/types\/post"}],"author":[{"embeddable":true,"href":"https:\/\/blogdoeloiltoncajuhy.com.br\/site\/wp-json\/wp\/v2\/users\/2"}],"replies":[{"embeddable":true,"href":"https:\/\/blogdoeloiltoncajuhy.com.br\/site\/wp-json\/wp\/v2\/comments?post=87479"}],"version-history":[{"count":2,"href":"https:\/\/blogdoeloiltoncajuhy.com.br\/site\/wp-json\/wp\/v2\/posts\/87479\/revisions"}],"predecessor-version":[{"id":87481,"href":"https:\/\/blogdoeloiltoncajuhy.com.br\/site\/wp-json\/wp\/v2\/posts\/87479\/revisions\/87481"}],"wp:featuredmedia":[{"embeddable":true,"href":"https:\/\/blogdoeloiltoncajuhy.com.br\/site\/wp-json\/wp\/v2\/media\/67455"}],"wp:attachment":[{"href":"https:\/\/blogdoeloiltoncajuhy.com.br\/site\/wp-json\/wp\/v2\/media?parent=87479"}],"wp:term":[{"taxonomy":"category","embeddable":true,"href":"https:\/\/blogdoeloiltoncajuhy.com.br\/site\/wp-json\/wp\/v2\/categories?post=87479"},{"taxonomy":"post_tag","embeddable":true,"href":"https:\/\/blogdoeloiltoncajuhy.com.br\/site\/wp-json\/wp\/v2\/tags?post=87479"}],"curies":[{"name":"wp","href":"https:\/\/api.w.org\/{rel}","templated":true}]}}