{"id":87439,"date":"2025-05-02T17:40:30","date_gmt":"2025-05-02T20:40:30","guid":{"rendered":"https:\/\/blogdoeloiltoncajuhy.com.br\/site\/?p=87439"},"modified":"2025-05-02T17:40:32","modified_gmt":"2025-05-02T20:40:32","slug":"prefeitura-de-bonfim-vai-gastar-quase-4-milhoes-com-parte-das-atracoes-do-sao-joao-2025-veja-valores","status":"publish","type":"post","link":"https:\/\/blogdoeloiltoncajuhy.com.br\/site\/prefeitura-de-bonfim-vai-gastar-quase-4-milhoes-com-parte-das-atracoes-do-sao-joao-2025-veja-valores\/","title":{"rendered":"Prefeitura de Bonfim vai gastar quase 4 milh\u00f5es com parte das atra\u00e7\u00f5es do S\u00e3o Jo\u00e3o 2025; veja valores"},"content":{"rendered":"\n<p class=\"has-medium-font-size\"><strong>Festa ser\u00e1 realizada de 19 a 24 de junho no Parque da Cidade e Pra\u00e7a Nova do Congresso.<\/strong><\/p>\n\n\n\n<p><strong>Por Blog do Eloilton Cajuhy \u2013 BEC<\/strong><\/p>\n\n\n\n<figure class=\"wp-block-image aligncenter size-full is-resized\"><a href=\"https:\/\/i0.wp.com\/blogdoeloiltoncajuhy.com.br\/site\/wp-content\/uploads\/2016\/05\/S%C3%A3o-jo%C3%A3o-de-Senhor-do-Bonfim-Bahia.jpg\"><img data-recalc-dims=\"1\" fetchpriority=\"high\" decoding=\"async\" width=\"400\" height=\"300\" src=\"https:\/\/i0.wp.com\/blogdoeloiltoncajuhy.com.br\/site\/wp-content\/uploads\/2016\/05\/S%C3%A3o-jo%C3%A3o-de-Senhor-do-Bonfim-Bahia.jpg?resize=400%2C300\" alt=\"\" class=\"wp-image-9709\" style=\"width:581px;height:auto\" srcset=\"https:\/\/i0.wp.com\/blogdoeloiltoncajuhy.com.br\/site\/wp-content\/uploads\/2016\/05\/S%C3%A3o-jo%C3%A3o-de-Senhor-do-Bonfim-Bahia.jpg?w=400&amp;ssl=1 400w, https:\/\/i0.wp.com\/blogdoeloiltoncajuhy.com.br\/site\/wp-content\/uploads\/2016\/05\/S%C3%A3o-jo%C3%A3o-de-Senhor-do-Bonfim-Bahia.jpg?resize=300%2C225&amp;ssl=1 300w, https:\/\/i0.wp.com\/blogdoeloiltoncajuhy.com.br\/site\/wp-content\/uploads\/2016\/05\/S%C3%A3o-jo%C3%A3o-de-Senhor-do-Bonfim-Bahia.jpg?resize=250%2C188&amp;ssl=1 250w\" sizes=\"(max-width: 400px) 100vw, 400px\" \/><\/a><figcaption class=\"wp-element-caption\"><sub>Foto: Arquivo<\/sub><\/figcaption><\/figure>\n\n\n\n<p>A Prefeitura de Senhor do Bonfim publicou no Di\u00e1rio Oficial do Munic\u00edpio, entre os dias 09 e 10 de abril, os valores referentes \u00e0s contrata\u00e7\u00f5es dos artistas que ir\u00e3o se apresentar no S\u00e3o Jo\u00e3o 2025, no Parque da Cidade (Espa\u00e7o Gonzag\u00e3o).<\/p>\n\n\n\n<p><a href=\"https:\/\/whatsapp.com\/channel\/0029VaAT7tDLI8Yfj5y9Z50Z\"><strong><mark style=\"background-color:rgba(0, 0, 0, 0)\" class=\"has-inline-color has-vivid-red-color\">Siga nosso canal no WhatsApp e veja mais not\u00edcias<\/mark><\/strong><\/a><\/p>\n\n\n\n<p>Nesta lista ainda faltam os cach\u00eas de shows da Pra\u00e7a Nova e de alguns que tamb\u00e9m ser\u00e3o realizados no Espa\u00e7o Gonzag\u00e3o.<\/p>\n\n\n\n<p class=\"has-black-color has-text-color has-link-color wp-elements-db35e56c0b9bb5cfa764fa2a11267e5f\"><strong>Confira quanto ser\u00e1 pago a parte dos artistas que v\u00e3o se apresentar no Parque da Cidade:<\/strong><\/p>\n\n\n\n<ul class=\"wp-block-list\">\n<li><strong><mark style=\"background-color:rgba(0, 0, 0, 0)\" class=\"has-inline-color has-black-color\">NATHANZINHO LIMA<\/mark><\/strong> &#8211; R$ 600.000,00<\/li>\n<\/ul>\n\n\n\n<ul class=\"wp-block-list\">\n<li><strong><mark style=\"background-color:rgba(0, 0, 0, 0)\" class=\"has-inline-color has-black-color\">Z\u00c9 VAQUEIRO<\/mark><\/strong> &#8211; R$ 430.000,00<\/li>\n<\/ul>\n\n\n\n<ul class=\"wp-block-list\">\n<li><strong><mark style=\"background-color:rgba(0, 0, 0, 0)\" class=\"has-inline-color has-black-color\">MARI FERNANDEZ<\/mark><\/strong> &#8211; R$ 480.000,00<\/li>\n<\/ul>\n\n\n\n<ul class=\"wp-block-list\">\n<li><strong><mark style=\"background-color:rgba(0, 0, 0, 0)\" class=\"has-inline-color has-black-color\">DORGIVAL DANTAS<\/mark><\/strong> &#8211; R$ 300.000,00<\/li>\n<\/ul>\n\n\n\n<ul class=\"wp-block-list\">\n<li><strong><mark style=\"background-color:rgba(0, 0, 0, 0)\" class=\"has-inline-color has-black-color\">HENRY FREITAS<\/mark><\/strong> &#8211; R$ 565.000,00<\/li>\n<\/ul>\n\n\n\n<ul class=\"wp-block-list\">\n<li><strong><mark style=\"background-color:rgba(0, 0, 0, 0)\" class=\"has-inline-color has-black-color\">SEU DESEJO<\/mark><\/strong> &#8211; R$ 400.000,00<\/li>\n<\/ul>\n\n\n\n<ul class=\"wp-block-list\">\n<li><strong><mark style=\"background-color:rgba(0, 0, 0, 0)\" class=\"has-inline-color has-black-color\">PABLO<\/mark><\/strong> &#8211; R$ 500.000,00<\/li>\n<\/ul>\n\n\n\n<ul class=\"wp-block-list\">\n<li><strong><mark style=\"background-color:rgba(0, 0, 0, 0)\" class=\"has-inline-color has-black-color\">CALCINHA PRETA<\/mark><\/strong> &#8211; R$ 490.000,00<\/li>\n<\/ul>\n\n\n\n<ul class=\"wp-block-list\">\n<li><strong><mark style=\"background-color:rgba(0, 0, 0, 0)\" class=\"has-inline-color has-black-color\">FUL\u00d4 DE MANDACARU<\/mark><\/strong> &#8211; R$ 180.000,00<\/li>\n<\/ul>\n\n\n\n<p><\/p>\n\n\n\n<p>Somente essas contrata\u00e7\u00f5es somam R$ 3.945.000,00<\/p>\n","protected":false},"excerpt":{"rendered":"<p>Festa ser\u00e1 realizada de 19 a 24 de junho no Parque da Cidade e Pra\u00e7a Nova do Congresso. Por Blog do Eloilton Cajuhy \u2013 BEC A Prefeitura de Senhor do Bonfim publicou no Di\u00e1rio Oficial do Munic\u00edpio, entre os dias 09 e 10 de abril, os valores referentes \u00e0s contrata\u00e7\u00f5es dos artistas que ir\u00e3o se [&hellip;]<\/p>\n","protected":false},"author":2,"featured_media":10023,"comment_status":"open","ping_status":"open","sticky":false,"template":"","format":"standard","meta":{"_acf_changed":false,"_monsterinsights_skip_tracking":false,"_monsterinsights_sitenote_active":false,"_monsterinsights_sitenote_note":"","_monsterinsights_sitenote_category":0,"_jetpack_memberships_contains_paid_content":false,"footnotes":"","jetpack_publicize_message":"","jetpack_publicize_feature_enabled":true,"jetpack_social_post_already_shared":true,"jetpack_social_options":{"image_generator_settings":{"template":"highway","default_image_id":0,"font":"","enabled":false},"version":2}},"categories":[4],"tags":[],"class_list":["post-87439","post","type-post","status-publish","format-standard","has-post-thumbnail","hentry","category-local"],"acf":[],"jetpack_publicize_connections":[],"jetpack_featured_media_url":"https:\/\/i0.wp.com\/blogdoeloiltoncajuhy.com.br\/site\/wp-content\/uploads\/2016\/05\/Bonfim-s%C3%A3o-jo%C3%A3o2.jpg?fit=766%2C499&ssl=1","jetpack_sharing_enabled":true,"publishpress_future_workflow_manual_trigger":{"enabledWorkflows":[]},"_links":{"self":[{"href":"https:\/\/blogdoeloiltoncajuhy.com.br\/site\/wp-json\/wp\/v2\/posts\/87439","targetHints":{"allow":["GET"]}}],"collection":[{"href":"https:\/\/blogdoeloiltoncajuhy.com.br\/site\/wp-json\/wp\/v2\/posts"}],"about":[{"href":"https:\/\/blogdoeloiltoncajuhy.com.br\/site\/wp-json\/wp\/v2\/types\/post"}],"author":[{"embeddable":true,"href":"https:\/\/blogdoeloiltoncajuhy.com.br\/site\/wp-json\/wp\/v2\/users\/2"}],"replies":[{"embeddable":true,"href":"https:\/\/blogdoeloiltoncajuhy.com.br\/site\/wp-json\/wp\/v2\/comments?post=87439"}],"version-history":[{"count":1,"href":"https:\/\/blogdoeloiltoncajuhy.com.br\/site\/wp-json\/wp\/v2\/posts\/87439\/revisions"}],"predecessor-version":[{"id":87440,"href":"https:\/\/blogdoeloiltoncajuhy.com.br\/site\/wp-json\/wp\/v2\/posts\/87439\/revisions\/87440"}],"wp:featuredmedia":[{"embeddable":true,"href":"https:\/\/blogdoeloiltoncajuhy.com.br\/site\/wp-json\/wp\/v2\/media\/10023"}],"wp:attachment":[{"href":"https:\/\/blogdoeloiltoncajuhy.com.br\/site\/wp-json\/wp\/v2\/media?parent=87439"}],"wp:term":[{"taxonomy":"category","embeddable":true,"href":"https:\/\/blogdoeloiltoncajuhy.com.br\/site\/wp-json\/wp\/v2\/categories?post=87439"},{"taxonomy":"post_tag","embeddable":true,"href":"https:\/\/blogdoeloiltoncajuhy.com.br\/site\/wp-json\/wp\/v2\/tags?post=87439"}],"curies":[{"name":"wp","href":"https:\/\/api.w.org\/{rel}","templated":true}]}}