{"id":87437,"date":"2025-05-02T09:19:32","date_gmt":"2025-05-02T12:19:32","guid":{"rendered":"https:\/\/blogdoeloiltoncajuhy.com.br\/site\/?p=87437"},"modified":"2025-05-02T09:19:34","modified_gmt":"2025-05-02T12:19:34","slug":"collor-deixa-a-prisao-e-vai-cumprir-pena-em-casa-apos-decisao-do-stf","status":"publish","type":"post","link":"https:\/\/blogdoeloiltoncajuhy.com.br\/site\/collor-deixa-a-prisao-e-vai-cumprir-pena-em-casa-apos-decisao-do-stf\/","title":{"rendered":"Collor deixa a pris\u00e3o e vai cumprir pena em casa ap\u00f3s decis\u00e3o do STF"},"content":{"rendered":"\n<p class=\"has-medium-font-size\"><strong>Condenado a 8 anos e 10 meses por corrup\u00e7\u00e3o e outros crimes investigados na Lava Jato, Collor estava detido em uma cela especial em Alagoas, seu estado de origem. Ministro Alexandre de Moraes, do STF, concedeu pris\u00e3o domiciliar por quest\u00f5es de sa\u00fade.<\/strong><\/p>\n\n\n\n<p><strong>Por g1<\/strong> \u2014 Bras\u00edlia e Macei\u00f3<\/p>\n\n\n\n<figure class=\"wp-block-image aligncenter size-full is-resized\"><a href=\"https:\/\/i0.wp.com\/blogdoeloiltoncajuhy.com.br\/site\/wp-content\/uploads\/2025\/04\/Fernando-Collor-%E2%80%94-Foto-Jefferson-Rudy-Agencia-Senado.png\"><img data-recalc-dims=\"1\" fetchpriority=\"high\" decoding=\"async\" width=\"800\" height=\"540\" src=\"https:\/\/i0.wp.com\/blogdoeloiltoncajuhy.com.br\/site\/wp-content\/uploads\/2025\/04\/Fernando-Collor-%E2%80%94-Foto-Jefferson-Rudy-Agencia-Senado.png?resize=800%2C540\" alt=\"\" class=\"wp-image-87294\" style=\"width:616px;height:auto\" srcset=\"https:\/\/i0.wp.com\/blogdoeloiltoncajuhy.com.br\/site\/wp-content\/uploads\/2025\/04\/Fernando-Collor-%E2%80%94-Foto-Jefferson-Rudy-Agencia-Senado.png?w=819&amp;ssl=1 819w, https:\/\/i0.wp.com\/blogdoeloiltoncajuhy.com.br\/site\/wp-content\/uploads\/2025\/04\/Fernando-Collor-%E2%80%94-Foto-Jefferson-Rudy-Agencia-Senado.png?resize=300%2C203&amp;ssl=1 300w, https:\/\/i0.wp.com\/blogdoeloiltoncajuhy.com.br\/site\/wp-content\/uploads\/2025\/04\/Fernando-Collor-%E2%80%94-Foto-Jefferson-Rudy-Agencia-Senado.png?resize=768%2C519&amp;ssl=1 768w\" sizes=\"(max-width: 800px) 100vw, 800px\" \/><\/a><figcaption class=\"wp-element-caption\"><sub>Foto: Jefferson Rudy\/Ag\u00eancia Senado<\/sub><\/figcaption><\/figure>\n\n\n\n<p>O ex-presidente Fernando Collor de Mello deixou a pris\u00e3o nesta quinta-feira (1\u00ba) e passar\u00e1 a cumprir pena em regime domiciliar, por decis\u00e3o do ministro Alexandre de Moraes, do Supremo Tribunal Federal (STF).<\/p>\n\n\n\n<p><a href=\"https:\/\/whatsapp.com\/channel\/0029VaAT7tDLI8Yfj5y9Z50Z\"><strong><mark style=\"background-color:rgba(0, 0, 0, 0)\" class=\"has-inline-color has-vivid-red-color\">Siga nosso canal no WhatsApp e veja mais not\u00edcias<\/mark><\/strong><\/a><\/p>\n\n\n\n<p>Condenado a 8 anos e 10 meses por corrup\u00e7\u00e3o e outros crimes investigados na Lava Jato, Collor estava detido em uma cela especial em Alagoas, seu estado de origem, desde a \u00faltima sexta-feira (26), quando Moraes determinou o in\u00edcio do cumprimento da pena ap\u00f3s o tr\u00e2nsito em julgado.<\/p>\n\n\n\n<p>A mudan\u00e7a de regime foi autorizada ap\u00f3s a defesa comprovar, com mais de 130 exames, que Collor tem Parkinson desde 2019 e sofre de outras comorbidades, como priva\u00e7\u00e3o cr\u00f4nica de sono e transtorno bipolar.<\/p>\n\n\n\n<h4 class=\"wp-block-heading\"><strong><mark style=\"background-color:rgba(0, 0, 0, 0)\" class=\"has-inline-color has-black-color\">Pris\u00e3o domiciliar com restri\u00e7\u00f5es<\/mark><\/strong><\/h4>\n\n\n\n<p>O ex-presidente, que tem 75 anos, usar\u00e1 tornozeleira eletr\u00f4nica e ter\u00e1 a visita\u00e7\u00e3o restrita a advogados. Tamb\u00e9m est\u00e1 proibido de deixar o pa\u00eds e teve seus passaportes suspensos.<\/p>\n\n\n\n<p>Na decis\u00e3o, Moraes afirmou que o estado de sa\u00fade do ex-presidente justifica o benef\u00edcio:<\/p>\n\n\n\n<p>\u201cEmbora o r\u00e9u Fernando Affonso Collor de Mello tenha sido condenado \u00e0 pena total de 8 anos e 10 meses de reclus\u00e3o e 90 dias-multa, em regime fechado, a sua grave situa\u00e7\u00e3o de sa\u00fade, amplamente comprovada nos autos, sua idade \u2013 75 anos \u2013 e a necessidade de tratamento espec\u00edfico admitem a concess\u00e3o de pris\u00e3o domiciliar humanit\u00e1ria\u201d.<\/p>\n","protected":false},"excerpt":{"rendered":"<p>Condenado a 8 anos e 10 meses por corrup\u00e7\u00e3o e outros crimes investigados na Lava Jato, Collor estava detido em uma cela especial em Alagoas, seu estado de origem. Ministro Alexandre de Moraes, do STF, concedeu pris\u00e3o domiciliar por quest\u00f5es de sa\u00fade. Por g1 \u2014 Bras\u00edlia e Macei\u00f3 O ex-presidente Fernando Collor de Mello deixou [&hellip;]<\/p>\n","protected":false},"author":2,"featured_media":3308,"comment_status":"open","ping_status":"open","sticky":false,"template":"","format":"standard","meta":{"_acf_changed":false,"_monsterinsights_skip_tracking":false,"_monsterinsights_sitenote_active":false,"_monsterinsights_sitenote_note":"","_monsterinsights_sitenote_category":0,"_jetpack_memberships_contains_paid_content":false,"footnotes":"","jetpack_publicize_message":"","jetpack_publicize_feature_enabled":true,"jetpack_social_post_already_shared":true,"jetpack_social_options":{"image_generator_settings":{"template":"highway","default_image_id":0,"font":"","enabled":false},"version":2}},"categories":[3],"tags":[],"class_list":["post-87437","post","type-post","status-publish","format-standard","has-post-thumbnail","hentry","category-politica"],"acf":[],"jetpack_publicize_connections":[],"jetpack_featured_media_url":"https:\/\/i0.wp.com\/blogdoeloiltoncajuhy.com.br\/site\/wp-content\/uploads\/2015\/08\/collor.jpg?fit=455%2C278&ssl=1","jetpack_sharing_enabled":true,"publishpress_future_workflow_manual_trigger":{"enabledWorkflows":[]},"_links":{"self":[{"href":"https:\/\/blogdoeloiltoncajuhy.com.br\/site\/wp-json\/wp\/v2\/posts\/87437","targetHints":{"allow":["GET"]}}],"collection":[{"href":"https:\/\/blogdoeloiltoncajuhy.com.br\/site\/wp-json\/wp\/v2\/posts"}],"about":[{"href":"https:\/\/blogdoeloiltoncajuhy.com.br\/site\/wp-json\/wp\/v2\/types\/post"}],"author":[{"embeddable":true,"href":"https:\/\/blogdoeloiltoncajuhy.com.br\/site\/wp-json\/wp\/v2\/users\/2"}],"replies":[{"embeddable":true,"href":"https:\/\/blogdoeloiltoncajuhy.com.br\/site\/wp-json\/wp\/v2\/comments?post=87437"}],"version-history":[{"count":1,"href":"https:\/\/blogdoeloiltoncajuhy.com.br\/site\/wp-json\/wp\/v2\/posts\/87437\/revisions"}],"predecessor-version":[{"id":87438,"href":"https:\/\/blogdoeloiltoncajuhy.com.br\/site\/wp-json\/wp\/v2\/posts\/87437\/revisions\/87438"}],"wp:featuredmedia":[{"embeddable":true,"href":"https:\/\/blogdoeloiltoncajuhy.com.br\/site\/wp-json\/wp\/v2\/media\/3308"}],"wp:attachment":[{"href":"https:\/\/blogdoeloiltoncajuhy.com.br\/site\/wp-json\/wp\/v2\/media?parent=87437"}],"wp:term":[{"taxonomy":"category","embeddable":true,"href":"https:\/\/blogdoeloiltoncajuhy.com.br\/site\/wp-json\/wp\/v2\/categories?post=87437"},{"taxonomy":"post_tag","embeddable":true,"href":"https:\/\/blogdoeloiltoncajuhy.com.br\/site\/wp-json\/wp\/v2\/tags?post=87437"}],"curies":[{"name":"wp","href":"https:\/\/api.w.org\/{rel}","templated":true}]}}