{"id":87431,"date":"2025-05-02T08:52:48","date_gmt":"2025-05-02T11:52:48","guid":{"rendered":"https:\/\/blogdoeloiltoncajuhy.com.br\/site\/?p=87431"},"modified":"2025-05-02T08:52:50","modified_gmt":"2025-05-02T11:52:50","slug":"lula-da-carta-branca-para-novo-presidente-do-inss-que-vai-trocar-diretores","status":"publish","type":"post","link":"https:\/\/blogdoeloiltoncajuhy.com.br\/site\/lula-da-carta-branca-para-novo-presidente-do-inss-que-vai-trocar-diretores\/","title":{"rendered":"Lula d\u00e1 carta branca para novo presidente do INSS, que vai trocar diretores"},"content":{"rendered":"\n<p><strong>Blog do Eloilton Cajuhy \u2013 BEC<\/strong><\/p>\n\n\n\n<figure class=\"wp-block-image aligncenter size-full is-resized\"><a href=\"https:\/\/i0.wp.com\/blogdoeloiltoncajuhy.com.br\/site\/wp-content\/uploads\/2016\/10\/previd%C3%AAncia-2089.jpg\"><img data-recalc-dims=\"1\" fetchpriority=\"high\" decoding=\"async\" width=\"320\" height=\"320\" src=\"https:\/\/i0.wp.com\/blogdoeloiltoncajuhy.com.br\/site\/wp-content\/uploads\/2016\/10\/previd%C3%AAncia-2089.jpg?resize=320%2C320\" alt=\"\" class=\"wp-image-13106\" style=\"width:432px;height:auto\" srcset=\"https:\/\/i0.wp.com\/blogdoeloiltoncajuhy.com.br\/site\/wp-content\/uploads\/2016\/10\/previd%C3%AAncia-2089.jpg?w=320&amp;ssl=1 320w, https:\/\/i0.wp.com\/blogdoeloiltoncajuhy.com.br\/site\/wp-content\/uploads\/2016\/10\/previd%C3%AAncia-2089.jpg?resize=150%2C150&amp;ssl=1 150w, https:\/\/i0.wp.com\/blogdoeloiltoncajuhy.com.br\/site\/wp-content\/uploads\/2016\/10\/previd%C3%AAncia-2089.jpg?resize=300%2C300&amp;ssl=1 300w, https:\/\/i0.wp.com\/blogdoeloiltoncajuhy.com.br\/site\/wp-content\/uploads\/2016\/10\/previd%C3%AAncia-2089.jpg?resize=250%2C250&amp;ssl=1 250w, https:\/\/i0.wp.com\/blogdoeloiltoncajuhy.com.br\/site\/wp-content\/uploads\/2016\/10\/previd%C3%AAncia-2089.jpg?resize=48%2C48&amp;ssl=1 48w\" sizes=\"(max-width: 320px) 100vw, 320px\" \/><\/a><figcaption class=\"wp-element-caption\"><sub>Reprodu\u00e7\u00e3o<\/sub><\/figcaption><\/figure>\n\n\n\n<p>O presidente Luiz In\u00e1cio Lula da Silva (PT) deu carta branca para o novo presidente do INSS, Gilberto Waller J\u00fanior, fazer as modifica\u00e7\u00f5es que considerar necess\u00e1rias no \u00f3rg\u00e3o.<\/p>\n\n\n\n<p>Assessores presidenciais d\u00e3o como certa a reformula\u00e7\u00e3o da autarquia e troca de seus diretores.<\/p>\n\n\n\n<p>Lula nomeou Waller para o cargo na quarta (30), ap\u00f3s o antecessor, Alessandro Stefanutto, ser demitido em raz\u00e3o de fraudes no INSS investigadas pela PF.<\/p>\n\n\n\n<p>Conforme relatos de assessores pr\u00f3ximos a Lula ouvidos pelo blog, o Planalto buscou mais do que um perfil t\u00e9cnico para o cargo, mas uma pessoa com ampla experi\u00eancia em auditorias, para um pente-fino no INSS.<\/p>\n\n\n\n<blockquote class=\"wp-block-quote is-layout-flow wp-block-quote-is-layout-flow\">\n<p><strong><mark style=\"background-color:rgba(0, 0, 0, 0)\" class=\"has-inline-color has-black-color\">\u201cPrecisava ser mais do que um nome t\u00e9cnico, mas um especialista em auditoria\u201d, afirmou ao blog um ministro.<\/mark><\/strong><\/p>\n<\/blockquote>\n\n\n\n<p><a href=\"https:\/\/whatsapp.com\/channel\/0029VaAT7tDLI8Yfj5y9Z50Z\"><strong><mark style=\"background-color:rgba(0, 0, 0, 0)\" class=\"has-inline-color has-vivid-red-color\">Siga nosso canal no WhatsApp e veja mais not\u00edcias<\/mark><\/strong><\/a><\/p>\n\n\n\n<h4 class=\"wp-block-heading\"><strong><mark style=\"background-color:rgba(0, 0, 0, 0)\" class=\"has-inline-color has-black-color\">Miss\u00f5es<\/mark><\/strong><\/h4>\n\n\n\n<figure class=\"wp-block-image aligncenter size-full is-resized\"><a href=\"https:\/\/i0.wp.com\/blogdoeloiltoncajuhy.com.br\/site\/wp-content\/uploads\/2025\/05\/O-novo-presidente-do-INSS-Gilberto-Waller-%E2%80%94-Foto-Reproducao.png?ssl=1\"><img data-recalc-dims=\"1\" decoding=\"async\" width=\"727\" height=\"771\" src=\"https:\/\/i0.wp.com\/blogdoeloiltoncajuhy.com.br\/site\/wp-content\/uploads\/2025\/05\/O-novo-presidente-do-INSS-Gilberto-Waller-%E2%80%94-Foto-Reproducao.png?resize=727%2C771&#038;ssl=1\" alt=\"\" class=\"wp-image-87432\" style=\"width:427px;height:auto\" srcset=\"https:\/\/i0.wp.com\/blogdoeloiltoncajuhy.com.br\/site\/wp-content\/uploads\/2025\/05\/O-novo-presidente-do-INSS-Gilberto-Waller-%E2%80%94-Foto-Reproducao.png?w=727&amp;ssl=1 727w, https:\/\/i0.wp.com\/blogdoeloiltoncajuhy.com.br\/site\/wp-content\/uploads\/2025\/05\/O-novo-presidente-do-INSS-Gilberto-Waller-%E2%80%94-Foto-Reproducao.png?resize=283%2C300&amp;ssl=1 283w\" sizes=\"(max-width: 727px) 100vw, 727px\" \/><\/a><figcaption class=\"wp-element-caption\"><sub>O novo presidente do INSS, Gilberto Waller \u2014 Foto: Reprodu\u00e7\u00e3o<\/sub><\/figcaption><\/figure>\n\n\n\n<p>Waller recebeu algumas miss\u00f5es priorit\u00e1rias do Planalto. A primeira \u00e9 organizar a restitui\u00e7\u00e3o dos valores descontados de aposentados e pensionistas, trabalho a ser conclu\u00eddo nos pr\u00f3ximos meses.<\/p>\n\n\n\n<p>A segunda \u00e9 reestruturar o \u00f3rg\u00e3o, com um pente-fino em todos os setores.<\/p>\n\n\n\n<p>O diagn\u00f3stico feito no Planalto \u00e9 que h\u00e1 d\u00e9cadas o INSS \u00e9 terreno f\u00e9rtil para fraudes e que, para conseguir sair da crise que atinge politicamente o governo, \u00e9 preciso remodelar a autarquia para que ela se torne confi\u00e1vel.<\/p>\n\n\n\n<p>Outra tarefa do novo presidente ser\u00e1 zerar a fila de pedidos de benef\u00edcios \u2013 o que todos os governos tentam sem sucesso.<\/p>\n\n\n\n<p>Nesta sexta-feira, o novo presidente e integrantes da AGU e CGU ter\u00e3o a primeira reuni\u00e3o para tra\u00e7ar o plano de ressarcimento dos pensionistas que foram alvo de fraude e tiveram descontos no contracheque sem autoriza\u00e7\u00e3o.<\/p>\n\n\n\n<p>O governo n\u00e3o quis estabelecer ainda um prazo para realizar as devolu\u00e7\u00f5es.<\/p>\n\n\n\n<p>Apesar da autonomia, a nova dire\u00e7\u00e3o ser\u00e1 acompanhada de perto por outras \u00e1reas do governo respons\u00e1veis por investiga\u00e7\u00f5es e controle.<\/p>\n\n\n\n<p>O primeiro passo ser\u00e1 identificar as v\u00edtimas e solicitar \u00e0s entidades respons\u00e1veis pelos descontos para que provem que eles foram autorizados.<\/p>\n","protected":false},"excerpt":{"rendered":"<p>Blog do Eloilton Cajuhy \u2013 BEC O presidente Luiz In\u00e1cio Lula da Silva (PT) deu carta branca para o novo presidente do INSS, Gilberto Waller J\u00fanior, fazer as modifica\u00e7\u00f5es que considerar necess\u00e1rias no \u00f3rg\u00e3o. Assessores presidenciais d\u00e3o como certa a reformula\u00e7\u00e3o da autarquia e troca de seus diretores. Lula nomeou Waller para o cargo na [&hellip;]<\/p>\n","protected":false},"author":2,"featured_media":50374,"comment_status":"open","ping_status":"open","sticky":false,"template":"","format":"standard","meta":{"_acf_changed":false,"_monsterinsights_skip_tracking":false,"_monsterinsights_sitenote_active":false,"_monsterinsights_sitenote_note":"","_monsterinsights_sitenote_category":0,"_jetpack_memberships_contains_paid_content":false,"footnotes":"","jetpack_publicize_message":"","jetpack_publicize_feature_enabled":true,"jetpack_social_post_already_shared":false,"jetpack_social_options":{"image_generator_settings":{"template":"highway","enabled":false},"version":2}},"categories":[3],"tags":[],"class_list":["post-87431","post","type-post","status-publish","format-standard","has-post-thumbnail","hentry","category-politica"],"acf":[],"jetpack_publicize_connections":[],"jetpack_featured_media_url":"https:\/\/i0.wp.com\/blogdoeloiltoncajuhy.com.br\/site\/wp-content\/uploads\/2020\/10\/INSS-2020.jpg?fit=1170%2C700&ssl=1","jetpack_sharing_enabled":true,"publishpress_future_workflow_manual_trigger":{"enabledWorkflows":[]},"_links":{"self":[{"href":"https:\/\/blogdoeloiltoncajuhy.com.br\/site\/wp-json\/wp\/v2\/posts\/87431","targetHints":{"allow":["GET"]}}],"collection":[{"href":"https:\/\/blogdoeloiltoncajuhy.com.br\/site\/wp-json\/wp\/v2\/posts"}],"about":[{"href":"https:\/\/blogdoeloiltoncajuhy.com.br\/site\/wp-json\/wp\/v2\/types\/post"}],"author":[{"embeddable":true,"href":"https:\/\/blogdoeloiltoncajuhy.com.br\/site\/wp-json\/wp\/v2\/users\/2"}],"replies":[{"embeddable":true,"href":"https:\/\/blogdoeloiltoncajuhy.com.br\/site\/wp-json\/wp\/v2\/comments?post=87431"}],"version-history":[{"count":1,"href":"https:\/\/blogdoeloiltoncajuhy.com.br\/site\/wp-json\/wp\/v2\/posts\/87431\/revisions"}],"predecessor-version":[{"id":87433,"href":"https:\/\/blogdoeloiltoncajuhy.com.br\/site\/wp-json\/wp\/v2\/posts\/87431\/revisions\/87433"}],"wp:featuredmedia":[{"embeddable":true,"href":"https:\/\/blogdoeloiltoncajuhy.com.br\/site\/wp-json\/wp\/v2\/media\/50374"}],"wp:attachment":[{"href":"https:\/\/blogdoeloiltoncajuhy.com.br\/site\/wp-json\/wp\/v2\/media?parent=87431"}],"wp:term":[{"taxonomy":"category","embeddable":true,"href":"https:\/\/blogdoeloiltoncajuhy.com.br\/site\/wp-json\/wp\/v2\/categories?post=87431"},{"taxonomy":"post_tag","embeddable":true,"href":"https:\/\/blogdoeloiltoncajuhy.com.br\/site\/wp-json\/wp\/v2\/tags?post=87431"}],"curies":[{"name":"wp","href":"https:\/\/api.w.org\/{rel}","templated":true}]}}