{"id":87429,"date":"2025-05-02T08:36:06","date_gmt":"2025-05-02T11:36:06","guid":{"rendered":"https:\/\/blogdoeloiltoncajuhy.com.br\/site\/?p=87429"},"modified":"2025-05-02T08:36:08","modified_gmt":"2025-05-02T11:36:08","slug":"bahia-gera-299-mil-empregos-com-carteira-assinada-em-marco","status":"publish","type":"post","link":"https:\/\/blogdoeloiltoncajuhy.com.br\/site\/bahia-gera-299-mil-empregos-com-carteira-assinada-em-marco\/","title":{"rendered":"Bahia gera 2,99 mil empregos com carteira assinada em mar\u00e7o"},"content":{"rendered":"\n<p class=\"has-medium-font-size\"><strong>No primeiro trimestre de 2025, estado acumula saldo de 30,6 mil postos formais. Em todo o pa\u00eds foram abertas 654,5 mil vagas nos tr\u00eas primeiros meses de 2025.<\/strong><\/p>\n\n\n\n<p><strong>Blog do Eloilton Cajuhy \u2013 BEC<\/strong><\/p>\n\n\n\n<figure class=\"wp-block-image aligncenter size-full is-resized\"><a href=\"https:\/\/i0.wp.com\/blogdoeloiltoncajuhy.com.br\/site\/wp-content\/uploads\/2024\/11\/Carteira_Trabalho_Vagas_Emprego_Reproducao-1.jpeg\"><img data-recalc-dims=\"1\" fetchpriority=\"high\" decoding=\"async\" width=\"768\" height=\"432\" src=\"https:\/\/i0.wp.com\/blogdoeloiltoncajuhy.com.br\/site\/wp-content\/uploads\/2024\/11\/Carteira_Trabalho_Vagas_Emprego_Reproducao-1.jpeg?resize=768%2C432\" alt=\"\" class=\"wp-image-84399\" style=\"width:697px;height:auto\" srcset=\"https:\/\/i0.wp.com\/blogdoeloiltoncajuhy.com.br\/site\/wp-content\/uploads\/2024\/11\/Carteira_Trabalho_Vagas_Emprego_Reproducao-1.jpeg?w=768&amp;ssl=1 768w, https:\/\/i0.wp.com\/blogdoeloiltoncajuhy.com.br\/site\/wp-content\/uploads\/2024\/11\/Carteira_Trabalho_Vagas_Emprego_Reproducao-1.jpeg?resize=300%2C169&amp;ssl=1 300w\" sizes=\"(max-width: 768px) 100vw, 768px\" \/><\/a><figcaption class=\"wp-element-caption\"><sub>Reprodu\u00e7\u00e3o<\/sub><\/figcaption><\/figure>\n\n\n\n<p>A Bahia foi o destaque da regi\u00e3o Nordeste em mar\u00e7o na gera\u00e7\u00e3o de empregos com carteira assinada. O estado fechou o m\u00eas com 2,99 mil novos postos formais, de acordo com os dados do Cadastro Geral de Empregados e Desempregados (Novo Caged), divulgados nesta quarta-feira, 30 de abril, pelo Minist\u00e9rio do Trabalho e Emprego.<\/p>\n\n\n\n<p>O estado tamb\u00e9m se destaca na regi\u00e3o no saldo acumulado no primeiro trimestre de 2025. Somados os desempenhos de janeiro, fevereiro e mar\u00e7o, a Bahia contabiliza 30,6 mil novos postos formais. Nos \u00faltimos 12 meses, entre abril de 2024 e mar\u00e7o de 2025, o estado registrou 90,2 mil vagas.<\/p>\n\n\n\n<p><a href=\"https:\/\/whatsapp.com\/channel\/0029VaAT7tDLI8Yfj5y9Z50Z\"><strong><mark style=\"background-color:rgba(0, 0, 0, 0)\" class=\"has-inline-color has-vivid-red-color\">Siga nosso canal no WhatsApp e veja mais not\u00edcias<\/mark><\/strong><\/a><\/p>\n\n\n\n<p>Em mar\u00e7o, a Bahia apresentou desempenho positivo em tr\u00eas dos cinco grandes grupamentos de atividades econ\u00f4micas avaliados. O destaque foi o setor de Servi\u00e7os, que terminou o m\u00eas com saldo de 3.995 vagas. Na sequ\u00eancia aparecem Constru\u00e7\u00e3o (1.359) e Ind\u00fastria (1.281). Agropecu\u00e1ria (-367) e Com\u00e9rcio (-3.230) tiveram saldo negativo no m\u00eas.<\/p>\n\n\n\n<p>As novas vagas com carteira assinada geradas em mar\u00e7o no estado foram ocupadas, em sua maioria, por pessoas do sexo feminino (2.126). Pessoas com ensino m\u00e9dio completo foram as principais atendidas (3.140) com as vagas na Bahia. Jovens entre 18 e 24 anos s\u00e3o o grupo com maior saldo de vagas no estado: 3.258.<\/p>\n\n\n\n<h4 class=\"wp-block-heading\"><strong><mark style=\"background-color:rgba(0, 0, 0, 0)\" class=\"has-inline-color has-black-color\">Munic\u00edpios<\/mark><\/strong><\/h4>\n\n\n\n<p>A capital, Salvador, foi o munic\u00edpio com melhor saldo em fevereiro, com 1.911 novos postos. A cidade tem hoje um estoque de 680,3 mil empregos formais. Na sequ\u00eancia dos munic\u00edpios baianos com melhores desempenhos em mar\u00e7o aparecem Feira de Santana (493 novas vagas), Lu\u00eds Eduardo Magalh\u00e3es (285), Valen\u00e7a (243) e Juazeiro (233).<\/p>\n","protected":false},"excerpt":{"rendered":"<p>No primeiro trimestre de 2025, estado acumula saldo de 30,6 mil postos formais. Em todo o pa\u00eds foram abertas 654,5 mil vagas nos tr\u00eas primeiros meses de 2025. Blog do Eloilton Cajuhy \u2013 BEC A Bahia foi o destaque da regi\u00e3o Nordeste em mar\u00e7o na gera\u00e7\u00e3o de empregos com carteira assinada. O estado fechou o [&hellip;]<\/p>\n","protected":false},"author":2,"featured_media":58629,"comment_status":"open","ping_status":"open","sticky":false,"template":"","format":"standard","meta":{"_acf_changed":false,"_monsterinsights_skip_tracking":false,"_monsterinsights_sitenote_active":false,"_monsterinsights_sitenote_note":"","_monsterinsights_sitenote_category":0,"_jetpack_memberships_contains_paid_content":false,"footnotes":"","jetpack_publicize_message":"","jetpack_publicize_feature_enabled":true,"jetpack_social_post_already_shared":false,"jetpack_social_options":{"image_generator_settings":{"template":"highway","enabled":false},"version":2}},"categories":[31],"tags":[],"class_list":["post-87429","post","type-post","status-publish","format-standard","has-post-thumbnail","hentry","category-economia"],"acf":[],"jetpack_publicize_connections":[],"jetpack_featured_media_url":"https:\/\/i0.wp.com\/blogdoeloiltoncajuhy.com.br\/site\/wp-content\/uploads\/2021\/08\/Carteira-de-Trabalho_11082021.jpg?fit=1008%2C672&ssl=1","jetpack_sharing_enabled":true,"publishpress_future_workflow_manual_trigger":{"enabledWorkflows":[]},"_links":{"self":[{"href":"https:\/\/blogdoeloiltoncajuhy.com.br\/site\/wp-json\/wp\/v2\/posts\/87429","targetHints":{"allow":["GET"]}}],"collection":[{"href":"https:\/\/blogdoeloiltoncajuhy.com.br\/site\/wp-json\/wp\/v2\/posts"}],"about":[{"href":"https:\/\/blogdoeloiltoncajuhy.com.br\/site\/wp-json\/wp\/v2\/types\/post"}],"author":[{"embeddable":true,"href":"https:\/\/blogdoeloiltoncajuhy.com.br\/site\/wp-json\/wp\/v2\/users\/2"}],"replies":[{"embeddable":true,"href":"https:\/\/blogdoeloiltoncajuhy.com.br\/site\/wp-json\/wp\/v2\/comments?post=87429"}],"version-history":[{"count":1,"href":"https:\/\/blogdoeloiltoncajuhy.com.br\/site\/wp-json\/wp\/v2\/posts\/87429\/revisions"}],"predecessor-version":[{"id":87430,"href":"https:\/\/blogdoeloiltoncajuhy.com.br\/site\/wp-json\/wp\/v2\/posts\/87429\/revisions\/87430"}],"wp:featuredmedia":[{"embeddable":true,"href":"https:\/\/blogdoeloiltoncajuhy.com.br\/site\/wp-json\/wp\/v2\/media\/58629"}],"wp:attachment":[{"href":"https:\/\/blogdoeloiltoncajuhy.com.br\/site\/wp-json\/wp\/v2\/media?parent=87429"}],"wp:term":[{"taxonomy":"category","embeddable":true,"href":"https:\/\/blogdoeloiltoncajuhy.com.br\/site\/wp-json\/wp\/v2\/categories?post=87429"},{"taxonomy":"post_tag","embeddable":true,"href":"https:\/\/blogdoeloiltoncajuhy.com.br\/site\/wp-json\/wp\/v2\/tags?post=87429"}],"curies":[{"name":"wp","href":"https:\/\/api.w.org\/{rel}","templated":true}]}}