{"id":87425,"date":"2025-05-01T20:09:28","date_gmt":"2025-05-01T23:09:28","guid":{"rendered":"https:\/\/blogdoeloiltoncajuhy.com.br\/site\/?p=87425"},"modified":"2025-05-01T20:09:30","modified_gmt":"2025-05-01T23:09:30","slug":"nana-caymmi-uma-das-maiores-cantoras-do-brasil-morre-aos-84-anos-no-rio","status":"publish","type":"post","link":"https:\/\/blogdoeloiltoncajuhy.com.br\/site\/nana-caymmi-uma-das-maiores-cantoras-do-brasil-morre-aos-84-anos-no-rio\/","title":{"rendered":"Nana Caymmi, uma das maiores cantoras do Brasil, morre aos 84 anos no Rio"},"content":{"rendered":"\n<p class=\"has-medium-font-size\"><strong>Filha de Dorival Caymmi, artista estava internada desde agosto do ano passado na Casa de Sa\u00fade S\u00e3o Jos\u00e9, onde deu entrada para tratar uma arritmia card\u00edaca.<\/strong><\/p>\n\n\n\n<p><strong>Por g1 Rio<\/strong><\/p>\n\n\n\n<figure class=\"wp-block-image aligncenter size-full\"><a href=\"https:\/\/i0.wp.com\/blogdoeloiltoncajuhy.com.br\/site\/wp-content\/uploads\/2025\/05\/Nana-Caymmi-%E2%80%94-Foto-Livio-Campos-Divulgacao.jpeg?ssl=1\"><img data-recalc-dims=\"1\" fetchpriority=\"high\" decoding=\"async\" width=\"800\" height=\"530\" src=\"https:\/\/i0.wp.com\/blogdoeloiltoncajuhy.com.br\/site\/wp-content\/uploads\/2025\/05\/Nana-Caymmi-%E2%80%94-Foto-Livio-Campos-Divulgacao.jpeg?resize=800%2C530&#038;ssl=1\" alt=\"\" class=\"wp-image-87426\" srcset=\"https:\/\/i0.wp.com\/blogdoeloiltoncajuhy.com.br\/site\/wp-content\/uploads\/2025\/05\/Nana-Caymmi-%E2%80%94-Foto-Livio-Campos-Divulgacao.jpeg?w=984&amp;ssl=1 984w, https:\/\/i0.wp.com\/blogdoeloiltoncajuhy.com.br\/site\/wp-content\/uploads\/2025\/05\/Nana-Caymmi-%E2%80%94-Foto-Livio-Campos-Divulgacao.jpeg?resize=300%2C199&amp;ssl=1 300w, https:\/\/i0.wp.com\/blogdoeloiltoncajuhy.com.br\/site\/wp-content\/uploads\/2025\/05\/Nana-Caymmi-%E2%80%94-Foto-Livio-Campos-Divulgacao.jpeg?resize=768%2C509&amp;ssl=1 768w\" sizes=\"(max-width: 800px) 100vw, 800px\" \/><\/a><figcaption class=\"wp-element-caption\"><sub>Nana Caymmi \u2014 Foto: L\u00edvio Campos \/ Divulga\u00e7\u00e3o<\/sub><\/figcaption><\/figure>\n\n\n\n<p>Nana Caymmi, uma das maiores cantoras do Brasil, morreu nesta quinta-feira (1\u00ba), aos 84 anos, no Rio de Janeiro. A artista estava internada desde agosto do ano passado, na Casa de Sa\u00fade S\u00e3o Jos\u00e9, no Humait\u00e1, na Zona Sul, onde deu entrada para tratar uma arritmia card\u00edaca.<\/p>\n\n\n\n<p><a href=\"https:\/\/whatsapp.com\/channel\/0029VaAT7tDLI8Yfj5y9Z50Z\"><strong><mark style=\"background-color:rgba(0, 0, 0, 0)\" class=\"has-inline-color has-vivid-red-color\">Siga nosso canal no WhatsApp e veja mais not\u00edcias<\/mark><\/strong><\/a><\/p>\n\n\n\n<p>Nascida Dinahir Tostes Caymmi em 29 de abril de 1941 \u2013 fez anivers\u00e1rio dois dias antes de morrer \u2013, a carioca cresceu em uma fam\u00edlia de m\u00fasicos: era filha de Dorival Caymmi com Stella Maris, e irm\u00e3 de Danilo e Dori Caymmi.<\/p>\n\n\n\n<blockquote class=\"wp-block-quote is-layout-flow wp-block-quote-is-layout-flow\">\n<p><strong><mark style=\"background-color:rgba(0, 0, 0, 0)\" class=\"has-inline-color has-black-color\">&#8220;O Brasil pede uma grande cantora, uma das maiores int\u00e9rpretes que o Brasil j\u00e1 viu, de sentimento, de tudo. Estamos todos realmente muito tristes, mas ela passou nove meses de sofrimento intenso dentro de hospital&#8221;, disse Danilo Caymmi, que narrou o sofrimento da irm\u00e3.<\/mark><\/strong><\/p>\n<\/blockquote>\n\n\n\n<h4 class=\"wp-block-heading\"><strong><mark style=\"background-color:rgba(0, 0, 0, 0)\" class=\"has-inline-color has-black-color\">A carreira<\/mark><\/strong><\/h4>\n\n\n\n<p>Como definiu o colunista Mauro Ferreira, Nana \u00e9 dona de discografia pautada por extrema coer\u00eancia na sele\u00e7\u00e3o de repert\u00f3rio, arranjadores e produtores musicais.<\/p>\n\n\n\n<p>Criada em um ambiente musical, estreou na m\u00fasica ao lado do pai, em um dueto na can\u00e7\u00e3o \u201cAcalanto\u201d, composta por Dorival quando ela ainda era beb\u00ea.<\/p>\n\n\n\n<p>Casou-se aos 18 anos com um m\u00e9dico venezuelano e se mudou para a Venezuela. A adapta\u00e7\u00e3o n\u00e3o foi f\u00e1cil, e ela retornou ao Brasil com as filhas Estela e Denise \u2014 e gr\u00e1vida de Jo\u00e3o Gilberto, seu terceiro filho.<\/p>\n\n\n\n<figure class=\"wp-block-image aligncenter size-full is-resized\"><a href=\"https:\/\/i0.wp.com\/blogdoeloiltoncajuhy.com.br\/site\/wp-content\/uploads\/2025\/05\/Nana-Caymmi-%E2%80%94-Esporte-Clube-Bahia.jpeg?ssl=1\"><img data-recalc-dims=\"1\" decoding=\"async\" width=\"640\" height=\"800\" src=\"https:\/\/i0.wp.com\/blogdoeloiltoncajuhy.com.br\/site\/wp-content\/uploads\/2025\/05\/Nana-Caymmi-%E2%80%94-Esporte-Clube-Bahia.jpeg?resize=640%2C800&#038;ssl=1\" alt=\"\" class=\"wp-image-87427\" style=\"width:536px;height:auto\" srcset=\"https:\/\/i0.wp.com\/blogdoeloiltoncajuhy.com.br\/site\/wp-content\/uploads\/2025\/05\/Nana-Caymmi-%E2%80%94-Esporte-Clube-Bahia.jpeg?w=640&amp;ssl=1 640w, https:\/\/i0.wp.com\/blogdoeloiltoncajuhy.com.br\/site\/wp-content\/uploads\/2025\/05\/Nana-Caymmi-%E2%80%94-Esporte-Clube-Bahia.jpeg?resize=240%2C300&amp;ssl=1 240w\" sizes=\"(max-width: 640px) 100vw, 640px\" \/><\/a><figcaption class=\"wp-element-caption\"><sub>O Esporte Clube Bahia homenageou Nana Caymmi em suas redes sociais<\/sub><\/figcaption><\/figure>\n\n\n\n<p>A carioca despontou na MPB dos anos de 1960. Entre as can\u00e7\u00f5es que gravou, com sua voz inconfund\u00edvel, est\u00e3o cl\u00e1ssicos de Tom Jobim, Vinicius de Moraes, Milton Nascimento e Roberto Carlos, sempre imprimindo sua personalidade \u00fanica.<\/p>\n\n\n\n<p>Em 1964, Nana participou da grava\u00e7\u00e3o do disco \u201cCaymmi visita Tom e leva seus filhos Nana, Dori e Danilo\u201d, um cl\u00e1ssico que fez sucesso n\u00e3o apenas no Brasil, mas tamb\u00e9m nos Estados Unidos.<\/p>\n\n\n\n<p>Pouco depois, encarou um dos maiores desafios de sua carreira: o Festival Internacional da Can\u00e7\u00e3o, em 1966. Interpretando \u201cSaveiros\u201d, de seu irm\u00e3o Dori Caymmi, foi vaiada, mas venceu a competi\u00e7\u00e3o.<\/p>\n\n\n\n<blockquote class=\"wp-block-quote is-layout-flow wp-block-quote-is-layout-flow\">\n<p><strong><mark style=\"background-color:rgba(0, 0, 0, 0)\" class=\"has-inline-color has-black-color\">\u201cEu tava mais preocupada em n\u00e3o desmaiar do que com as vaias\u201d, relembra.<\/mark><\/strong><\/p>\n<\/blockquote>\n\n\n\n<p>A artista gravou outras dezenas de discos na carreira. Entre eles, \u201cNana Caymmi\u201d (1975), \u201cRenascer\u201d (1976), \u201cVoz e Suor\u201d (1983) \u2014 esse ao lado do pianista Cesar Camargo Mariano \u2014, \u201cBolero\u201d (1993) e \u201cA noite do meu bem \u2013 As can\u00e7\u00f5es de Dolores Duran\u201d (1994), produzido por Jos\u00e9 Milton, com quem ela trabalhou at\u00e9 2019.<\/p>\n","protected":false},"excerpt":{"rendered":"<p>Filha de Dorival Caymmi, artista estava internada desde agosto do ano passado na Casa de Sa\u00fade S\u00e3o Jos\u00e9, onde deu entrada para tratar uma arritmia card\u00edaca. Por g1 Rio Nana Caymmi, uma das maiores cantoras do Brasil, morreu nesta quinta-feira (1\u00ba), aos 84 anos, no Rio de Janeiro. A artista estava internada desde agosto do [&hellip;]<\/p>\n","protected":false},"author":2,"featured_media":87426,"comment_status":"open","ping_status":"open","sticky":false,"template":"","format":"standard","meta":{"_acf_changed":false,"_monsterinsights_skip_tracking":false,"_monsterinsights_sitenote_active":false,"_monsterinsights_sitenote_note":"","_monsterinsights_sitenote_category":0,"_jetpack_memberships_contains_paid_content":false,"footnotes":"","jetpack_publicize_message":"","jetpack_publicize_feature_enabled":true,"jetpack_social_post_already_shared":true,"jetpack_social_options":{"image_generator_settings":{"template":"highway","default_image_id":0,"font":"","enabled":false},"version":2}},"categories":[8],"tags":[],"class_list":["post-87425","post","type-post","status-publish","format-standard","has-post-thumbnail","hentry","category-cultura"],"acf":[],"jetpack_publicize_connections":[],"jetpack_featured_media_url":"https:\/\/i0.wp.com\/blogdoeloiltoncajuhy.com.br\/site\/wp-content\/uploads\/2025\/05\/Nana-Caymmi-%E2%80%94-Foto-Livio-Campos-Divulgacao.jpeg?fit=984%2C652&ssl=1","jetpack_sharing_enabled":true,"publishpress_future_workflow_manual_trigger":{"enabledWorkflows":[]},"_links":{"self":[{"href":"https:\/\/blogdoeloiltoncajuhy.com.br\/site\/wp-json\/wp\/v2\/posts\/87425","targetHints":{"allow":["GET"]}}],"collection":[{"href":"https:\/\/blogdoeloiltoncajuhy.com.br\/site\/wp-json\/wp\/v2\/posts"}],"about":[{"href":"https:\/\/blogdoeloiltoncajuhy.com.br\/site\/wp-json\/wp\/v2\/types\/post"}],"author":[{"embeddable":true,"href":"https:\/\/blogdoeloiltoncajuhy.com.br\/site\/wp-json\/wp\/v2\/users\/2"}],"replies":[{"embeddable":true,"href":"https:\/\/blogdoeloiltoncajuhy.com.br\/site\/wp-json\/wp\/v2\/comments?post=87425"}],"version-history":[{"count":1,"href":"https:\/\/blogdoeloiltoncajuhy.com.br\/site\/wp-json\/wp\/v2\/posts\/87425\/revisions"}],"predecessor-version":[{"id":87428,"href":"https:\/\/blogdoeloiltoncajuhy.com.br\/site\/wp-json\/wp\/v2\/posts\/87425\/revisions\/87428"}],"wp:featuredmedia":[{"embeddable":true,"href":"https:\/\/blogdoeloiltoncajuhy.com.br\/site\/wp-json\/wp\/v2\/media\/87426"}],"wp:attachment":[{"href":"https:\/\/blogdoeloiltoncajuhy.com.br\/site\/wp-json\/wp\/v2\/media?parent=87425"}],"wp:term":[{"taxonomy":"category","embeddable":true,"href":"https:\/\/blogdoeloiltoncajuhy.com.br\/site\/wp-json\/wp\/v2\/categories?post=87425"},{"taxonomy":"post_tag","embeddable":true,"href":"https:\/\/blogdoeloiltoncajuhy.com.br\/site\/wp-json\/wp\/v2\/tags?post=87425"}],"curies":[{"name":"wp","href":"https:\/\/api.w.org\/{rel}","templated":true}]}}