{"id":87419,"date":"2025-05-01T20:30:00","date_gmt":"2025-05-01T23:30:00","guid":{"rendered":"https:\/\/blogdoeloiltoncajuhy.com.br\/site\/?p=87419"},"modified":"2025-05-05T17:07:29","modified_gmt":"2025-05-05T20:07:29","slug":"as-palavras-refletem-o-que-existe-dentro-de-nos-2","status":"publish","type":"post","link":"https:\/\/blogdoeloiltoncajuhy.com.br\/site\/as-palavras-refletem-o-que-existe-dentro-de-nos-2\/","title":{"rendered":"As palavras refletem o que existe dentro de n\u00f3s"},"content":{"rendered":"\n<p><strong>Blog do Eloilton Cajuhy \u2013 BEC<\/strong><\/p>\n\n\n\n<figure class=\"wp-block-image aligncenter size-full\"><a href=\"https:\/\/i0.wp.com\/blogdoeloiltoncajuhy.com.br\/site\/wp-content\/uploads\/2025\/04\/Imagem-IA-2025-04-30.jpeg?ssl=1\"><img data-recalc-dims=\"1\" fetchpriority=\"high\" decoding=\"async\" width=\"760\" height=\"507\" src=\"https:\/\/i0.wp.com\/blogdoeloiltoncajuhy.com.br\/site\/wp-content\/uploads\/2025\/04\/Imagem-IA-2025-04-30.jpeg?resize=760%2C507&#038;ssl=1\" alt=\"\" class=\"wp-image-87420\" srcset=\"https:\/\/i0.wp.com\/blogdoeloiltoncajuhy.com.br\/site\/wp-content\/uploads\/2025\/04\/Imagem-IA-2025-04-30.jpeg?w=760&amp;ssl=1 760w, https:\/\/i0.wp.com\/blogdoeloiltoncajuhy.com.br\/site\/wp-content\/uploads\/2025\/04\/Imagem-IA-2025-04-30.jpeg?resize=300%2C200&amp;ssl=1 300w\" sizes=\"(max-width: 760px) 100vw, 760px\" \/><\/a><figcaption class=\"wp-element-caption\"><sub>As palavras refletem o que existe dentro de n\u00f3s &#8211; Imagem: IA<\/sub><\/figcaption><\/figure>\n\n\n\n<p>Muitos dizem por a\u00ed que Deus nos deu dois ouvidos e uma boca porque devemos ouvir mais e falar menos. Embora esta frase bem-humorada n\u00e3o seja um vers\u00edculo b\u00edblico, \u00e9 justamente assim que dever\u00edamos agir se n\u00e3o tivermos algo bom para falar.<\/p>\n\n\n\n<p>Nossa boca foi criada para aben\u00e7oar, edificar, levar esperan\u00e7a, exortar, confortar, mas a carne grita para que ela seja usada para reclamar, falar mal, fazer fofoca, agredir, espalhar not\u00edcias ruins e por a\u00ed vai.<\/p>\n\n\n\n<p><a href=\"https:\/\/whatsapp.com\/channel\/0029VaAT7tDLI8Yfj5y9Z50Z\"><strong><mark style=\"background-color:rgba(0, 0, 0, 0)\" class=\"has-inline-color has-vivid-red-color\">Siga nosso canal no WhatsApp e veja mais not\u00edcias<\/mark><\/strong><\/a><\/p>\n\n\n\n<p>Em Colossenses 4:6, est\u00e1 escrito que o nosso falar deve ser agrad\u00e1vel e temperado com sal. Mas, o que isso quer dizer? Se numa comida, que tinha tudo para ser gostosa, \u00e9 colocado sal demais ou sal de menos, o que acontece com ela? N\u00e3o agrada. Pode ser o nosso prato preferido, mas ele perde todo seu sabor.<\/p>\n\n\n\n<p>Da mesma forma, as nossas palavras precisam ter a medida exata, levando em conta o momento, o modo e com quem estamos falando para n\u00e3o causarmos destrui\u00e7\u00e3o ou o efeito contr\u00e1rio que gostar\u00edamos.<\/p>\n\n\n\n<p>Isso j\u00e1 aconteceu com voc\u00ea? O que voc\u00ea precisava dizer era importante e voc\u00ea at\u00e9 tinha raz\u00e3o, mas a mensagem se perdeu pela forma como voc\u00ea falou ou por ter sido dita no momento errado? Precisamos de sabedoria em tudo!<\/p>\n\n\n\n<p>Por\u00e9m, o que faz nossas palavras serem melhores n\u00e3o \u00e9 fazer um esfor\u00e7o enorme para n\u00e3o ferir ou irritar algu\u00e9m, mas, sim, estarmos abastecidos de amor.<\/p>\n\n\n\n<p>Quando precisamos falar algo, mas nosso interior est\u00e1 repleto de coisas ruins, nossa carne sempre vai prevalecer. Mais cedo ou mais tarde, ela prevalece. Por isso \u00e9 que a B\u00edblia diz que a boca fala do que est\u00e1 cheio o cora\u00e7\u00e3o (Mateus 12:34).<\/p>\n\n\n\n<p>Decida sempre por boas palavras, mas, antes disso, cuide da fonte que existe dentro de voc\u00ea. Assim, sua boca jorrar\u00e1, naturalmente, palavras de vida!<\/p>\n\n\n\n<p class=\"has-black-color has-text-color has-link-color wp-elements-262b4cad4e3f5d22351ff9668fc3094a\"><strong>Devocional Helio e Deise Peixoto<\/strong><\/p>\n","protected":false},"excerpt":{"rendered":"<p>Blog do Eloilton Cajuhy \u2013 BEC Muitos dizem por a\u00ed que Deus nos deu dois ouvidos e uma boca porque devemos ouvir mais e falar menos. Embora esta frase bem-humorada n\u00e3o seja um vers\u00edculo b\u00edblico, \u00e9 justamente assim que dever\u00edamos agir se n\u00e3o tivermos algo bom para falar. Nossa boca foi criada para aben\u00e7oar, edificar, [&hellip;]<\/p>\n","protected":false},"author":2,"featured_media":87420,"comment_status":"open","ping_status":"open","sticky":false,"template":"","format":"standard","meta":{"_acf_changed":false,"_monsterinsights_skip_tracking":false,"_monsterinsights_sitenote_active":false,"_monsterinsights_sitenote_note":"","_monsterinsights_sitenote_category":0,"_jetpack_memberships_contains_paid_content":false,"footnotes":"","jetpack_publicize_message":"","jetpack_publicize_feature_enabled":true,"jetpack_social_post_already_shared":true,"jetpack_social_options":{"image_generator_settings":{"template":"highway","default_image_id":0,"font":"","enabled":false},"version":2}},"categories":[9],"tags":[],"class_list":["post-87419","post","type-post","status-publish","format-standard","has-post-thumbnail","hentry","category-reflexao"],"acf":[],"jetpack_publicize_connections":[],"jetpack_featured_media_url":"https:\/\/i0.wp.com\/blogdoeloiltoncajuhy.com.br\/site\/wp-content\/uploads\/2025\/04\/Imagem-IA-2025-04-30.jpeg?fit=760%2C507&ssl=1","jetpack_sharing_enabled":true,"publishpress_future_workflow_manual_trigger":{"enabledWorkflows":[]},"_links":{"self":[{"href":"https:\/\/blogdoeloiltoncajuhy.com.br\/site\/wp-json\/wp\/v2\/posts\/87419","targetHints":{"allow":["GET"]}}],"collection":[{"href":"https:\/\/blogdoeloiltoncajuhy.com.br\/site\/wp-json\/wp\/v2\/posts"}],"about":[{"href":"https:\/\/blogdoeloiltoncajuhy.com.br\/site\/wp-json\/wp\/v2\/types\/post"}],"author":[{"embeddable":true,"href":"https:\/\/blogdoeloiltoncajuhy.com.br\/site\/wp-json\/wp\/v2\/users\/2"}],"replies":[{"embeddable":true,"href":"https:\/\/blogdoeloiltoncajuhy.com.br\/site\/wp-json\/wp\/v2\/comments?post=87419"}],"version-history":[{"count":2,"href":"https:\/\/blogdoeloiltoncajuhy.com.br\/site\/wp-json\/wp\/v2\/posts\/87419\/revisions"}],"predecessor-version":[{"id":87478,"href":"https:\/\/blogdoeloiltoncajuhy.com.br\/site\/wp-json\/wp\/v2\/posts\/87419\/revisions\/87478"}],"wp:featuredmedia":[{"embeddable":true,"href":"https:\/\/blogdoeloiltoncajuhy.com.br\/site\/wp-json\/wp\/v2\/media\/87420"}],"wp:attachment":[{"href":"https:\/\/blogdoeloiltoncajuhy.com.br\/site\/wp-json\/wp\/v2\/media?parent=87419"}],"wp:term":[{"taxonomy":"category","embeddable":true,"href":"https:\/\/blogdoeloiltoncajuhy.com.br\/site\/wp-json\/wp\/v2\/categories?post=87419"},{"taxonomy":"post_tag","embeddable":true,"href":"https:\/\/blogdoeloiltoncajuhy.com.br\/site\/wp-json\/wp\/v2\/tags?post=87419"}],"curies":[{"name":"wp","href":"https:\/\/api.w.org\/{rel}","templated":true}]}}