{"id":87411,"date":"2025-05-01T00:10:00","date_gmt":"2025-05-01T03:10:00","guid":{"rendered":"https:\/\/blogdoeloiltoncajuhy.com.br\/site\/?p=87411"},"modified":"2025-04-30T19:10:51","modified_gmt":"2025-04-30T22:10:51","slug":"dino-manda-suspender-pagamento-de-12-mil-emendas-da-saude","status":"publish","type":"post","link":"https:\/\/blogdoeloiltoncajuhy.com.br\/site\/dino-manda-suspender-pagamento-de-12-mil-emendas-da-saude\/","title":{"rendered":"Dino manda suspender pagamento de 1,2 mil emendas da sa\u00fade"},"content":{"rendered":"\n<p class=\"has-medium-font-size\"><strong>Ministro constatou descumprimento de medida determinada por ele.<\/strong><\/p>\n\n\n\n<p><strong>Andr\u00e9 Richter\/Ag\u00eancia Brasil<\/strong><\/p>\n\n\n\n<figure class=\"wp-block-image aligncenter size-full\"><a href=\"https:\/\/i0.wp.com\/blogdoeloiltoncajuhy.com.br\/site\/wp-content\/uploads\/2025\/04\/Flavio-Dino_Foto-Rosinei-Coutinho-SCO-STF_2025-04-30.jpeg\"><img data-recalc-dims=\"1\" fetchpriority=\"high\" decoding=\"async\" width=\"760\" height=\"455\" src=\"https:\/\/i0.wp.com\/blogdoeloiltoncajuhy.com.br\/site\/wp-content\/uploads\/2025\/04\/Flavio-Dino_Foto-Rosinei-Coutinho-SCO-STF_2025-04-30.jpeg?resize=760%2C455\" alt=\"\" class=\"wp-image-87412\" srcset=\"https:\/\/i0.wp.com\/blogdoeloiltoncajuhy.com.br\/site\/wp-content\/uploads\/2025\/04\/Flavio-Dino_Foto-Rosinei-Coutinho-SCO-STF_2025-04-30.jpeg?w=760&amp;ssl=1 760w, https:\/\/i0.wp.com\/blogdoeloiltoncajuhy.com.br\/site\/wp-content\/uploads\/2025\/04\/Flavio-Dino_Foto-Rosinei-Coutinho-SCO-STF_2025-04-30.jpeg?resize=300%2C180&amp;ssl=1 300w\" sizes=\"(max-width: 760px) 100vw, 760px\" \/><\/a><figcaption class=\"wp-element-caption\"><sub>Foto: Rosinei Coutinho\/SCO\/STF<\/sub><\/figcaption><\/figure>\n\n\n\n<p>O ministro Fl\u00e1vio Dino, do Supremo Tribunal Federal (STF), determinou nesta quarta-feira (30) o bloqueio de 1.283 emendas parlamentares destinadas \u00e0 \u00e1rea de sa\u00fade.<\/p>\n\n\n\n<p>A decis\u00e3o vale para emendas que apresentaram irregularidades pela falta de abertura de contas banc\u00e1rias espec\u00edficas para o recebimento dos recursos.<\/p>\n\n\n\n<p>Segundo o ministro, a abertura de contas individualizadas foi determinada em agosto do ano passado e ainda n\u00e3o foi cumprida totalmente, conforme informa\u00e7\u00f5es da Advocacia-Geral da Uni\u00e3o (AGU). Do total de emendas destinadas para a sa\u00fade, 6.040 n\u00e3o apresentaram problemas, mas 1.283 continuam irregulares.<\/p>\n\n\n\n<blockquote class=\"wp-block-quote is-layout-flow wp-block-quote-is-layout-flow\">\n<p><strong><mark style=\"background-color:rgba(0, 0, 0, 0)\" class=\"has-inline-color has-black-color\">&#8220;Em raz\u00e3o da aus\u00eancia da abertura e\/ou regulariza\u00e7\u00e3o de contas espec\u00edficas, individualizadas por emenda, n\u00e3o resta alternativa a n\u00e3o ser o bloqueio das emendas parlamentares da sa\u00fade relativas \u00e0s 1.283 contas n\u00e3o regularizadas&#8221;, justificou o ministro.<\/mark><\/strong><\/p>\n<\/blockquote>\n\n\n\n<p>O impasse sobre a libera\u00e7\u00e3o das emendas come\u00e7ou em dezembro de 2022, quando o STF entendeu que as emendas chamadas de RP9 (relator) eram inconstitucionais. Ap\u00f3s a decis\u00e3o, o Congresso Nacional aprovou uma resolu\u00e7\u00e3o que mudou as regras de distribui\u00e7\u00e3o dos recursos para cumprir a determina\u00e7\u00e3o da Corte, mas v\u00e1rias irregularidades continuam sendo encontradas.<\/p>\n\n\n\n<p><a href=\"https:\/\/whatsapp.com\/channel\/0029VaAT7tDLI8Yfj5y9Z50Z\"><strong><mark style=\"background-color:rgba(0, 0, 0, 0)\" class=\"has-inline-color has-vivid-red-color\">Siga nosso canal no WhatsApp e veja mais not\u00edcias<\/mark><\/strong><\/a><\/p>\n\n\n\n<p>Na segunda-feira (28), Fl\u00e1vio Dino concedeu prazo de dez dias para a C\u00e2mara dos Deputados e o Senado informarem como v\u00e3o realizar o registro dos parlamentares que s\u00e3o autores das emendas de comiss\u00e3o e de bancada ao Or\u00e7amento da Uni\u00e3o.<\/p>\n","protected":false},"excerpt":{"rendered":"<p>Ministro constatou descumprimento de medida determinada por ele. Andr\u00e9 Richter\/Ag\u00eancia Brasil O ministro Fl\u00e1vio Dino, do Supremo Tribunal Federal (STF), determinou nesta quarta-feira (30) o bloqueio de 1.283 emendas parlamentares destinadas \u00e0 \u00e1rea de sa\u00fade. A decis\u00e3o vale para emendas que apresentaram irregularidades pela falta de abertura de contas banc\u00e1rias espec\u00edficas para o recebimento dos [&hellip;]<\/p>\n","protected":false},"author":2,"featured_media":87412,"comment_status":"open","ping_status":"open","sticky":false,"template":"","format":"standard","meta":{"_acf_changed":false,"_monsterinsights_skip_tracking":false,"_monsterinsights_sitenote_active":false,"_monsterinsights_sitenote_note":"","_monsterinsights_sitenote_category":0,"_jetpack_memberships_contains_paid_content":false,"footnotes":"","jetpack_publicize_message":"","jetpack_publicize_feature_enabled":true,"jetpack_social_post_already_shared":true,"jetpack_social_options":{"image_generator_settings":{"template":"highway","default_image_id":0,"font":"","enabled":false},"version":2}},"categories":[3],"tags":[],"class_list":["post-87411","post","type-post","status-publish","format-standard","has-post-thumbnail","hentry","category-politica"],"acf":[],"jetpack_publicize_connections":[],"jetpack_featured_media_url":"https:\/\/i0.wp.com\/blogdoeloiltoncajuhy.com.br\/site\/wp-content\/uploads\/2025\/04\/Flavio-Dino_Foto-Rosinei-Coutinho-SCO-STF_2025-04-30.jpeg?fit=760%2C455&ssl=1","jetpack_sharing_enabled":true,"publishpress_future_workflow_manual_trigger":{"enabledWorkflows":[]},"_links":{"self":[{"href":"https:\/\/blogdoeloiltoncajuhy.com.br\/site\/wp-json\/wp\/v2\/posts\/87411","targetHints":{"allow":["GET"]}}],"collection":[{"href":"https:\/\/blogdoeloiltoncajuhy.com.br\/site\/wp-json\/wp\/v2\/posts"}],"about":[{"href":"https:\/\/blogdoeloiltoncajuhy.com.br\/site\/wp-json\/wp\/v2\/types\/post"}],"author":[{"embeddable":true,"href":"https:\/\/blogdoeloiltoncajuhy.com.br\/site\/wp-json\/wp\/v2\/users\/2"}],"replies":[{"embeddable":true,"href":"https:\/\/blogdoeloiltoncajuhy.com.br\/site\/wp-json\/wp\/v2\/comments?post=87411"}],"version-history":[{"count":2,"href":"https:\/\/blogdoeloiltoncajuhy.com.br\/site\/wp-json\/wp\/v2\/posts\/87411\/revisions"}],"predecessor-version":[{"id":87414,"href":"https:\/\/blogdoeloiltoncajuhy.com.br\/site\/wp-json\/wp\/v2\/posts\/87411\/revisions\/87414"}],"wp:featuredmedia":[{"embeddable":true,"href":"https:\/\/blogdoeloiltoncajuhy.com.br\/site\/wp-json\/wp\/v2\/media\/87412"}],"wp:attachment":[{"href":"https:\/\/blogdoeloiltoncajuhy.com.br\/site\/wp-json\/wp\/v2\/media?parent=87411"}],"wp:term":[{"taxonomy":"category","embeddable":true,"href":"https:\/\/blogdoeloiltoncajuhy.com.br\/site\/wp-json\/wp\/v2\/categories?post=87411"},{"taxonomy":"post_tag","embeddable":true,"href":"https:\/\/blogdoeloiltoncajuhy.com.br\/site\/wp-json\/wp\/v2\/tags?post=87411"}],"curies":[{"name":"wp","href":"https:\/\/api.w.org\/{rel}","templated":true}]}}