{"id":87408,"date":"2025-05-01T00:10:00","date_gmt":"2025-05-01T03:10:00","guid":{"rendered":"https:\/\/blogdoeloiltoncajuhy.com.br\/site\/?p=87408"},"modified":"2025-04-30T18:54:25","modified_gmt":"2025-04-30T21:54:25","slug":"brasil-gera-654-mil-empregos-no-primeiro-trimestre-de-2025","status":"publish","type":"post","link":"https:\/\/blogdoeloiltoncajuhy.com.br\/site\/brasil-gera-654-mil-empregos-no-primeiro-trimestre-de-2025\/","title":{"rendered":"Brasil gera 654 mil empregos no primeiro trimestre de 2025"},"content":{"rendered":"\n<p class=\"has-medium-font-size\"><strong>Dados do Novo Caged foram divulgados nesta quarta, 30 de abril. Em mar\u00e7o, o saldo registrado chegou a 71,5 mil. Desde janeiro de 2023, s\u00e3o quase 3,8 milh\u00f5es de vagas formais.<\/strong><\/p>\n\n\n\n<p><strong>Blog do Eloilton Cajuhy \u2013 BEC<\/strong><\/p>\n\n\n\n<p><a href=\"https:\/\/whatsapp.com\/channel\/0029VaAT7tDLI8Yfj5y9Z50Z\"><strong><mark style=\"background-color:rgba(0, 0, 0, 0)\" class=\"has-inline-color has-vivid-red-color\">Siga nosso canal no WhatsApp e veja mais not\u00edcias<\/mark><\/strong><\/a><\/p>\n\n\n\n<figure class=\"wp-block-image aligncenter size-full\"><a href=\"https:\/\/i0.wp.com\/blogdoeloiltoncajuhy.com.br\/site\/wp-content\/uploads\/2025\/03\/Empregos-Vagas-Carteira-Arte-Secom-PR.jpeg\"><img data-recalc-dims=\"1\" fetchpriority=\"high\" decoding=\"async\" width=\"720\" height=\"450\" src=\"https:\/\/i0.wp.com\/blogdoeloiltoncajuhy.com.br\/site\/wp-content\/uploads\/2025\/03\/Empregos-Vagas-Carteira-Arte-Secom-PR.jpeg?resize=720%2C450\" alt=\"\" class=\"wp-image-86747\" srcset=\"https:\/\/i0.wp.com\/blogdoeloiltoncajuhy.com.br\/site\/wp-content\/uploads\/2025\/03\/Empregos-Vagas-Carteira-Arte-Secom-PR.jpeg?w=720&amp;ssl=1 720w, https:\/\/i0.wp.com\/blogdoeloiltoncajuhy.com.br\/site\/wp-content\/uploads\/2025\/03\/Empregos-Vagas-Carteira-Arte-Secom-PR.jpeg?resize=300%2C188&amp;ssl=1 300w\" sizes=\"(max-width: 720px) 100vw, 720px\" \/><\/a><figcaption class=\"wp-element-caption\"><sub>Arte: Secom-PR<\/sub><\/figcaption><\/figure>\n\n\n\n<p>O Brasil gerou 654 mil postos de trabalho com carteira assinada no primeiro trimestre de 2025. S\u00e3o 7,13 milh\u00f5es de admiss\u00f5es e 6,48 milh\u00f5es de desligamentos no per\u00edodo entre janeiro e mar\u00e7o de 2025. Os dados do Cadastro Geral de Empregados e Desempregados (Novo Caged) foram divulgados nesta quarta, 30 de abril, pelo Minist\u00e9rio do Trabalho e Emprego. Nos \u00faltimos 12 meses, s\u00e3o 1,6 milh\u00e3o de vagas com carteira assinada e, desde janeiro de 2023, in\u00edcio da gest\u00e3o do presidente Luiz In\u00e1cio Lula da Silva, 3,8 milh\u00f5es.<\/p>\n\n\n\n<p>No recorte levando em conta apenas o m\u00eas de mar\u00e7o de 2025, a gera\u00e7\u00e3o foi de 71,5 mil postos em todo o pa\u00eds. O resultado no terceiro m\u00eas do ano \u00e9 produto da diferen\u00e7a entre 2,23 milh\u00f5es de admiss\u00f5es e 2,16 milh\u00f5es de desligamentos. Com isso, o Brasil chegou ao maior estoque da hist\u00f3ria: 47,857 milh\u00f5es de trabalhadores formalizados. O bom momento do mercado de trabalho tamb\u00e9m foi registrado pelo IBGE, que nesta quarta-feira divulgou os dados de desemprego no pa\u00eds. O \u00edndice de 7% no primeiro trimestre do ano \u00e9 o menor da s\u00e9rie hist\u00f3rica iniciada em 2012.<\/p>\n\n\n\n<h4 class=\"wp-block-heading\"><strong><mark style=\"background-color:rgba(0, 0, 0, 0)\" class=\"has-inline-color has-black-color\">Setores<\/mark><\/strong><\/h4>\n\n\n\n<p>O crescimento na gera\u00e7\u00e3o de empregos no Brasil no primeiro trimestre de 2025 foi verificado em quatro dos cinco setores da economia, com mais for\u00e7a no de Servi\u00e7os, que gerou 362,8 mil. A Ind\u00fastria tamb\u00e9m vem mantendo bom patamar, com 153,8 mil empregos formais no trimestre. Nesse setor, destaque para o Abate e Fabrica\u00e7\u00e3o de Produtos de Carne (14.517 vagas), principalmente Abate de Aves (+6.505), Processamento Industrial do Fumo (+10.835) e Confec\u00e7\u00e3o de Artigos do Vestu\u00e1rio e Acess\u00f3rios (+9.539).<\/p>\n\n\n\n<p>A Constru\u00e7\u00e3o Civil gerou 100 mil postos em 2025 e a agropecu\u00e1ria respondeu por 51 mil novas vagas. Apenas o Com\u00e9rcio teve desempenho negativo, com -13,6 mil empregos. Em mar\u00e7o, tr\u00eas dos cinco setores foram positivos: Servi\u00e7os (52,4 mil postos), Constru\u00e7\u00e3o (21,9 mil) e Ind\u00fastria (13,1 mil).<\/p>\n\n\n\n<h4 class=\"wp-block-heading\"><strong><mark style=\"background-color:rgba(0, 0, 0, 0)\" class=\"has-inline-color has-black-color\">Estados<\/mark><\/strong><\/h4>\n\n\n\n<p>S\u00e3o Paulo lidera o ranking das unidades da Federa\u00e7\u00e3o com saldos positivos de gera\u00e7\u00e3o empregos formais em mar\u00e7o. O estado registrou 34,8 mil novos postos. Minas Gerais, com 18,1 mil, e Santa Catarina, com 9,8 mil, completam o trio dos estados com maior saldo no m\u00eas passado. No acumulado de 2025, o maior crescimento foi registrado em S\u00e3o Paulo, com 209,6 mil postos, seguido de Minas Gerais, com 75,8 mil, e do Rio Grande do Sul, com 66,4 mil.<\/p>\n\n\n\n<h4 class=\"wp-block-heading\"><strong><mark style=\"background-color:rgba(0, 0, 0, 0)\" class=\"has-inline-color has-black-color\">Regi\u00f5es<\/mark><\/strong><\/h4>\n\n\n\n<p>O saldo de mar\u00e7o foi positivo em quatro das cinco regi\u00f5es do pa\u00eds. O Sudeste acumulou 48 mil postos. Em seguida aparecem Sul (24,5 mil), Centro-Oeste (6,9 mil) e Norte (5,1 mil). O Nordeste teve desempenho negativo no m\u00eas: -13,1 mil postos.<\/p>\n","protected":false},"excerpt":{"rendered":"<p>Dados do Novo Caged foram divulgados nesta quarta, 30 de abril. Em mar\u00e7o, o saldo registrado chegou a 71,5 mil. Desde janeiro de 2023, s\u00e3o quase 3,8 milh\u00f5es de vagas formais. Blog do Eloilton Cajuhy \u2013 BEC Siga nosso canal no WhatsApp e veja mais not\u00edcias O Brasil gerou 654 mil postos de trabalho com [&hellip;]<\/p>\n","protected":false},"author":2,"featured_media":74526,"comment_status":"open","ping_status":"open","sticky":false,"template":"","format":"standard","meta":{"_acf_changed":false,"_monsterinsights_skip_tracking":false,"_monsterinsights_sitenote_active":false,"_monsterinsights_sitenote_note":"","_monsterinsights_sitenote_category":0,"_jetpack_memberships_contains_paid_content":false,"footnotes":"","jetpack_publicize_message":"","jetpack_publicize_feature_enabled":true,"jetpack_social_post_already_shared":true,"jetpack_social_options":{"image_generator_settings":{"template":"highway","enabled":false},"version":2}},"categories":[31],"tags":[],"class_list":["post-87408","post","type-post","status-publish","format-standard","has-post-thumbnail","hentry","category-economia"],"acf":[],"jetpack_publicize_connections":[],"jetpack_featured_media_url":"https:\/\/i0.wp.com\/blogdoeloiltoncajuhy.com.br\/site\/wp-content\/uploads\/2023\/06\/Carteira-trabalho-emprego-vagas_FotoTony-WinstonAgencia-Brasilia.jpg?fit=768%2C510&ssl=1","jetpack_sharing_enabled":true,"publishpress_future_workflow_manual_trigger":{"enabledWorkflows":[]},"_links":{"self":[{"href":"https:\/\/blogdoeloiltoncajuhy.com.br\/site\/wp-json\/wp\/v2\/posts\/87408","targetHints":{"allow":["GET"]}}],"collection":[{"href":"https:\/\/blogdoeloiltoncajuhy.com.br\/site\/wp-json\/wp\/v2\/posts"}],"about":[{"href":"https:\/\/blogdoeloiltoncajuhy.com.br\/site\/wp-json\/wp\/v2\/types\/post"}],"author":[{"embeddable":true,"href":"https:\/\/blogdoeloiltoncajuhy.com.br\/site\/wp-json\/wp\/v2\/users\/2"}],"replies":[{"embeddable":true,"href":"https:\/\/blogdoeloiltoncajuhy.com.br\/site\/wp-json\/wp\/v2\/comments?post=87408"}],"version-history":[{"count":2,"href":"https:\/\/blogdoeloiltoncajuhy.com.br\/site\/wp-json\/wp\/v2\/posts\/87408\/revisions"}],"predecessor-version":[{"id":87410,"href":"https:\/\/blogdoeloiltoncajuhy.com.br\/site\/wp-json\/wp\/v2\/posts\/87408\/revisions\/87410"}],"wp:featuredmedia":[{"embeddable":true,"href":"https:\/\/blogdoeloiltoncajuhy.com.br\/site\/wp-json\/wp\/v2\/media\/74526"}],"wp:attachment":[{"href":"https:\/\/blogdoeloiltoncajuhy.com.br\/site\/wp-json\/wp\/v2\/media?parent=87408"}],"wp:term":[{"taxonomy":"category","embeddable":true,"href":"https:\/\/blogdoeloiltoncajuhy.com.br\/site\/wp-json\/wp\/v2\/categories?post=87408"},{"taxonomy":"post_tag","embeddable":true,"href":"https:\/\/blogdoeloiltoncajuhy.com.br\/site\/wp-json\/wp\/v2\/tags?post=87408"}],"curies":[{"name":"wp","href":"https:\/\/api.w.org\/{rel}","templated":true}]}}