{"id":87362,"date":"2025-04-29T15:33:13","date_gmt":"2025-04-29T18:33:13","guid":{"rendered":"https:\/\/blogdoeloiltoncajuhy.com.br\/site\/?p=87362"},"modified":"2025-04-29T15:33:15","modified_gmt":"2025-04-29T18:33:15","slug":"apos-morte-de-homem-que-inalou-substancia-acida-na-bahia-especialista-alerta-para-uso-de-produtos-durante-a-faxina","status":"publish","type":"post","link":"https:\/\/blogdoeloiltoncajuhy.com.br\/site\/apos-morte-de-homem-que-inalou-substancia-acida-na-bahia-especialista-alerta-para-uso-de-produtos-durante-a-faxina\/","title":{"rendered":"Ap\u00f3s morte de homem que inalou subst\u00e2ncia \u00e1cida na Bahia, especialista alerta para uso de produtos durante a faxina"},"content":{"rendered":"\n<p class=\"has-medium-font-size\"><strong>Marcos Oliveira Correia, de 50 anos, morreu em Feira de Santana ap\u00f3s apresentar sintomas como falta de ar, tosse, aus\u00eancia de apetite e febre.<\/strong><\/p>\n\n\n\n<p><strong>Por g1 BA e TV Suba\u00e9<\/strong><\/p>\n\n\n\n<figure class=\"wp-block-image aligncenter size-full is-resized\"><a href=\"https:\/\/i0.wp.com\/blogdoeloiltoncajuhy.com.br\/site\/wp-content\/uploads\/2025\/04\/Produtos-de-limpeza-%E2%80%94-Foto-Carolina-Mescoloti-g1.jpeg?ssl=1\"><img data-recalc-dims=\"1\" fetchpriority=\"high\" decoding=\"async\" width=\"800\" height=\"600\" src=\"https:\/\/i0.wp.com\/blogdoeloiltoncajuhy.com.br\/site\/wp-content\/uploads\/2025\/04\/Produtos-de-limpeza-%E2%80%94-Foto-Carolina-Mescoloti-g1.jpeg?resize=800%2C600&#038;ssl=1\" alt=\"\" class=\"wp-image-87363\" style=\"width:597px;height:auto\" srcset=\"https:\/\/i0.wp.com\/blogdoeloiltoncajuhy.com.br\/site\/wp-content\/uploads\/2025\/04\/Produtos-de-limpeza-%E2%80%94-Foto-Carolina-Mescoloti-g1.jpeg?w=984&amp;ssl=1 984w, https:\/\/i0.wp.com\/blogdoeloiltoncajuhy.com.br\/site\/wp-content\/uploads\/2025\/04\/Produtos-de-limpeza-%E2%80%94-Foto-Carolina-Mescoloti-g1.jpeg?resize=300%2C225&amp;ssl=1 300w, https:\/\/i0.wp.com\/blogdoeloiltoncajuhy.com.br\/site\/wp-content\/uploads\/2025\/04\/Produtos-de-limpeza-%E2%80%94-Foto-Carolina-Mescoloti-g1.jpeg?resize=768%2C576&amp;ssl=1 768w\" sizes=\"(max-width: 800px) 100vw, 800px\" \/><\/a><figcaption class=\"wp-element-caption\"><sub>Foto: Carolina Mescoloti\/g1<\/sub><\/figcaption><\/figure>\n\n\n\n<p>Um homem morreu na noite do s\u00e1bado (26), em Feira de Santana, segunda maior cidade da Bahia, ap\u00f3s ter contato com uma subst\u00e2ncia \u00e1cida para limpeza de piso. O caso chamou a aten\u00e7\u00e3o de especialistas, que alertam para os cuidados que as pessoas devem ter na hora de manusear os produtos, at\u00e9 mesmo durante uma simples faxina.<\/p>\n\n\n\n<p><a href=\"https:\/\/whatsapp.com\/channel\/0029VaAT7tDLI8Yfj5y9Z50Z\"><strong><mark style=\"background-color:rgba(0, 0, 0, 0)\" class=\"has-inline-color has-vivid-red-color\">Siga nosso canal no WhatsApp e veja mais not\u00edcias<\/mark><\/strong><\/a><\/p>\n\n\n\n<p>Segundo o engenheiro qu\u00edmico Diniz Alves, a utiliza\u00e7\u00e3o de produtos de limpeza j\u00e1 traz risco \u00e0 sa\u00fade das pessoas, ent\u00e3o o primeiro passo importante para o uso \u00e9 ler os r\u00f3tulos e verificar quais s\u00e3o as instru\u00e7\u00f5es de seguran\u00e7a.<\/p>\n\n\n\n<p>&#8220;Alguns produtos mais agressivos, que t\u00eam uma efici\u00eancia maior, trazem v\u00e1rias recomenda\u00e7\u00f5es. Uns pedem para voc\u00ea usar um \u00f3culos de seguran\u00e7a, luvas, at\u00e9 m\u00e1scara facial. Ent\u00e3o, o uso do produto qu\u00edmico por si s\u00f3 puro, ele j\u00e1 traz uma s\u00e9rie de riscos. Quanto mais voc\u00ea misturar esses produtos&#8221;, alertou o especialista.<\/p>\n\n\n\n<p>De acordo com o engenheiro qu\u00edmico, os produtos s\u00e3o fabricados por um qu\u00edmico especializado, que especificam a propor\u00e7\u00e3o certa para o uso e se \u00e9 recomendado misturas.<\/p>\n\n\n\n<blockquote class=\"wp-block-quote is-layout-flow wp-block-quote-is-layout-flow\">\n<p><strong><mark style=\"background-color:rgba(0, 0, 0, 0)\" class=\"has-inline-color has-black-color\">&#8220;A medida que a gente faz mistura desses produtos, rea\u00e7\u00f5es qu\u00edmicas podem acontecer de maneira inesperada e causar mal a sa\u00fade do ser humano&#8221;.<\/mark><\/strong><\/p>\n<\/blockquote>\n\n\n\n<p>Umas das misturas que pode ser perigosa \u00e9 a da \u00e1gua sanit\u00e1ria e sab\u00e3o em p\u00f3. Diniz Alves alertou que a subst\u00e2ncia formada pode causar mal-estar nas pessoas.<\/p>\n\n\n\n<p>&#8220;\u00c9 muito importante que a popula\u00e7\u00e3o n\u00e3o fa\u00e7a essas misturas [sem ter instru\u00e7\u00e3o de especialista]. Existem produtos de limpeza para cada situa\u00e7\u00e3o. Ent\u00e3o, observem o r\u00f3tulo, se est\u00e3o registrados, se tem um qu\u00edmico respons\u00e1vel tamb\u00e9m registrado&#8221;.<\/p>\n\n\n\n<p>O engenheiro qu\u00edmico afirmou ainda que caso ocorra d\u00favidas ap\u00f3s a leitura do r\u00f3tulo, as pessoas devem evitar procurar respostas nas redes sociais.<\/p>\n\n\n\n<blockquote class=\"wp-block-quote is-layout-flow wp-block-quote-is-layout-flow\">\n<p><strong><mark style=\"background-color:rgba(0, 0, 0, 0)\" class=\"has-inline-color has-black-color\">&#8220;O pr\u00f3prio Conselho Federal de Qu\u00edmica tem um site especializado onde explica quais s\u00e3o essas misturas permitidas e quais n\u00e3o s\u00e3o. Eles oferecem esse servi\u00e7o de orienta\u00e7\u00e3o \u00e0 popula\u00e7\u00e3o&#8221;.<\/mark><\/strong><\/p>\n<\/blockquote>\n\n\n\n<h4 class=\"wp-block-heading\"><strong><mark style=\"background-color:rgba(0, 0, 0, 0)\" class=\"has-inline-color has-black-color\">Morte em Feira de Santana<\/mark><\/strong><\/h4>\n\n\n\n<figure class=\"wp-block-image aligncenter size-full\"><a href=\"https:\/\/i0.wp.com\/blogdoeloiltoncajuhy.com.br\/site\/wp-content\/uploads\/2025\/04\/Marcos-Oliveira-Correia-de-50-anos-%E2%80%94-Foto-Arquivo-Pessoal.png?ssl=1\"><img data-recalc-dims=\"1\" decoding=\"async\" width=\"371\" height=\"499\" src=\"https:\/\/i0.wp.com\/blogdoeloiltoncajuhy.com.br\/site\/wp-content\/uploads\/2025\/04\/Marcos-Oliveira-Correia-de-50-anos-%E2%80%94-Foto-Arquivo-Pessoal.png?resize=371%2C499&#038;ssl=1\" alt=\"\" class=\"wp-image-87364\" srcset=\"https:\/\/i0.wp.com\/blogdoeloiltoncajuhy.com.br\/site\/wp-content\/uploads\/2025\/04\/Marcos-Oliveira-Correia-de-50-anos-%E2%80%94-Foto-Arquivo-Pessoal.png?w=371&amp;ssl=1 371w, https:\/\/i0.wp.com\/blogdoeloiltoncajuhy.com.br\/site\/wp-content\/uploads\/2025\/04\/Marcos-Oliveira-Correia-de-50-anos-%E2%80%94-Foto-Arquivo-Pessoal.png?resize=223%2C300&amp;ssl=1 223w\" sizes=\"(max-width: 371px) 100vw, 371px\" \/><\/a><figcaption class=\"wp-element-caption\"><sub>V\u00edtima foi identificada como Marcos Oliveira Correia, de 50 anos \u2014 Foto: Arquivo Pessoal<\/sub><\/figcaption><\/figure>\n\n\n\n<p>Marcos Oliveira Correia, de 50 anos, ficou cerca de 10 dias internado no Hospital Geral Cl\u00e9riston Andrade (HGCA) ap\u00f3s apresentar sintomas como falta de ar, tosse, aus\u00eancia de apetite e febre.<\/p>\n\n\n\n<p>Conforme a Pol\u00edcia Civil, o homem deu entrada em uma Unidade de Pronto Atendimento (UPA) no dia 17 de abril. Em seguida, ele foi transferido para o HGCA, atrav\u00e9s do sistema de regula\u00e7\u00e3o da rede de sa\u00fade do estado.<\/p>\n\n\n\n<p>No hospital, Marcos foi diagnosticado com quadro de insufici\u00eancia respirat\u00f3ria, que evoluiu para S\u00edndrome do Desconforto Respirat\u00f3rio Agudo (SDRA).<\/p>\n","protected":false},"excerpt":{"rendered":"<p>Marcos Oliveira Correia, de 50 anos, morreu em Feira de Santana ap\u00f3s apresentar sintomas como falta de ar, tosse, aus\u00eancia de apetite e febre. Por g1 BA e TV Suba\u00e9 Um homem morreu na noite do s\u00e1bado (26), em Feira de Santana, segunda maior cidade da Bahia, ap\u00f3s ter contato com uma subst\u00e2ncia \u00e1cida para [&hellip;]<\/p>\n","protected":false},"author":2,"featured_media":87363,"comment_status":"open","ping_status":"open","sticky":false,"template":"","format":"standard","meta":{"_acf_changed":false,"_monsterinsights_skip_tracking":false,"_monsterinsights_sitenote_active":false,"_monsterinsights_sitenote_note":"","_monsterinsights_sitenote_category":0,"_jetpack_memberships_contains_paid_content":false,"footnotes":"","jetpack_publicize_message":"","jetpack_publicize_feature_enabled":true,"jetpack_social_post_already_shared":true,"jetpack_social_options":{"image_generator_settings":{"template":"highway","default_image_id":0,"font":"","enabled":false},"version":2}},"categories":[7],"tags":[],"class_list":["post-87362","post","type-post","status-publish","format-standard","has-post-thumbnail","hentry","category-saude"],"acf":[],"jetpack_publicize_connections":[],"jetpack_featured_media_url":"https:\/\/i0.wp.com\/blogdoeloiltoncajuhy.com.br\/site\/wp-content\/uploads\/2025\/04\/Produtos-de-limpeza-%E2%80%94-Foto-Carolina-Mescoloti-g1.jpeg?fit=984%2C738&ssl=1","jetpack_sharing_enabled":true,"publishpress_future_workflow_manual_trigger":{"enabledWorkflows":[]},"_links":{"self":[{"href":"https:\/\/blogdoeloiltoncajuhy.com.br\/site\/wp-json\/wp\/v2\/posts\/87362","targetHints":{"allow":["GET"]}}],"collection":[{"href":"https:\/\/blogdoeloiltoncajuhy.com.br\/site\/wp-json\/wp\/v2\/posts"}],"about":[{"href":"https:\/\/blogdoeloiltoncajuhy.com.br\/site\/wp-json\/wp\/v2\/types\/post"}],"author":[{"embeddable":true,"href":"https:\/\/blogdoeloiltoncajuhy.com.br\/site\/wp-json\/wp\/v2\/users\/2"}],"replies":[{"embeddable":true,"href":"https:\/\/blogdoeloiltoncajuhy.com.br\/site\/wp-json\/wp\/v2\/comments?post=87362"}],"version-history":[{"count":1,"href":"https:\/\/blogdoeloiltoncajuhy.com.br\/site\/wp-json\/wp\/v2\/posts\/87362\/revisions"}],"predecessor-version":[{"id":87365,"href":"https:\/\/blogdoeloiltoncajuhy.com.br\/site\/wp-json\/wp\/v2\/posts\/87362\/revisions\/87365"}],"wp:featuredmedia":[{"embeddable":true,"href":"https:\/\/blogdoeloiltoncajuhy.com.br\/site\/wp-json\/wp\/v2\/media\/87363"}],"wp:attachment":[{"href":"https:\/\/blogdoeloiltoncajuhy.com.br\/site\/wp-json\/wp\/v2\/media?parent=87362"}],"wp:term":[{"taxonomy":"category","embeddable":true,"href":"https:\/\/blogdoeloiltoncajuhy.com.br\/site\/wp-json\/wp\/v2\/categories?post=87362"},{"taxonomy":"post_tag","embeddable":true,"href":"https:\/\/blogdoeloiltoncajuhy.com.br\/site\/wp-json\/wp\/v2\/tags?post=87362"}],"curies":[{"name":"wp","href":"https:\/\/api.w.org\/{rel}","templated":true}]}}