{"id":87349,"date":"2025-04-28T20:21:42","date_gmt":"2025-04-28T23:21:42","guid":{"rendered":"https:\/\/blogdoeloiltoncajuhy.com.br\/site\/?p=87349"},"modified":"2025-04-29T21:41:39","modified_gmt":"2025-04-30T00:41:39","slug":"luto-na-cultura-morre-o-musico-bonfinense-milton-lopes-aos-61-anos","status":"publish","type":"post","link":"https:\/\/blogdoeloiltoncajuhy.com.br\/site\/luto-na-cultura-morre-o-musico-bonfinense-milton-lopes-aos-61-anos\/","title":{"rendered":"Luto na cultura: Morre o m\u00fasico bonfinense Milton Lopes, aos 61 anos"},"content":{"rendered":"\n<p class=\"has-medium-font-size\"><strong>Cantor vinha sofrendo com problemas no f\u00edgado h\u00e1 um bom tempo.<\/strong><\/p>\n\n\n\n<p><strong>Por Blog do Eloilton Cajuhy \u2013 BEC<\/strong><\/p>\n\n\n\n<figure class=\"wp-block-image aligncenter size-full is-resized\"><a href=\"https:\/\/i0.wp.com\/blogdoeloiltoncajuhy.com.br\/site\/wp-content\/uploads\/2025\/04\/MILTON-LOPES.jpg?ssl=1\"><img data-recalc-dims=\"1\" fetchpriority=\"high\" decoding=\"async\" width=\"720\" height=\"720\" src=\"https:\/\/i0.wp.com\/blogdoeloiltoncajuhy.com.br\/site\/wp-content\/uploads\/2025\/04\/MILTON-LOPES.jpg?resize=720%2C720&#038;ssl=1\" alt=\"\" class=\"wp-image-87350\" style=\"width:544px;height:auto\" srcset=\"https:\/\/i0.wp.com\/blogdoeloiltoncajuhy.com.br\/site\/wp-content\/uploads\/2025\/04\/MILTON-LOPES.jpg?w=720&amp;ssl=1 720w, https:\/\/i0.wp.com\/blogdoeloiltoncajuhy.com.br\/site\/wp-content\/uploads\/2025\/04\/MILTON-LOPES.jpg?resize=300%2C300&amp;ssl=1 300w, https:\/\/i0.wp.com\/blogdoeloiltoncajuhy.com.br\/site\/wp-content\/uploads\/2025\/04\/MILTON-LOPES.jpg?resize=150%2C150&amp;ssl=1 150w\" sizes=\"(max-width: 720px) 100vw, 720px\" \/><\/a><figcaption class=\"wp-element-caption\"><sub>Foto: Reprodu\u00e7\u00e3o \/ Facebook<\/sub><\/figcaption><\/figure>\n\n\n\n<p>Morreu por volta das 17h desta segunda-feira (28) o m\u00fasico bonfinense <strong>Milton Lopes<\/strong>. Ele tinha 61 anos e j\u00e1 vinha enfrentando problemas de sa\u00fade h\u00e1 algum tempo por causa de complica\u00e7\u00f5es no f\u00edgado. Nos \u00faltimos dias seu quadro se agravou.<\/p>\n\n\n\n<p>Ao lado do irm\u00e3o, o tamb\u00e9m m\u00fasico Z\u00e9 Lopes, Milton passou cerca de 10 dias no Hospital do Sub\u00farbio em Salvador, retornando a Bonfim h\u00e1 uma semana atr\u00e1s.<\/p>\n\n\n\n<p><a href=\"https:\/\/whatsapp.com\/channel\/0029VaAT7tDLI8Yfj5y9Z50Z\"><strong><mark style=\"background-color:rgba(0, 0, 0, 0)\" class=\"has-inline-color has-vivid-red-color\">Siga nosso canal no WhatsApp e veja mais not\u00edcias<\/mark><\/strong><\/a><\/p>\n\n\n\n<p>Segundo apurou a nossa produ\u00e7\u00e3o, no \u00faltimo s\u00e1bado (26), ele passou mal e foi socorrido pelo Samu para a UPA 24h, sendo em seguida transferido para o Hospital Dom Antonio Monteiro (HDAM), onde faleceu na tarde desta segunda.<\/p>\n\n\n\n<p>Dono de estilo pr\u00f3prio, Milton Lopes conduzia seu rico report\u00f3rio baseado na M\u00fasica Popular Brasileira (MPB). Realizou muitos shows de voz e viol\u00e3o nas noites bonfinenses. Recentemente, participou do grupo &#8220;Quarteto de Violas, ao lado de Gabriel Barros, Souza Filho, Jailson Jaula e Ciel. Deixa uma grande lacuna na cultura de Senhor do Bonfim.<\/p>\n\n\n\n<p>Depois de ser velado no Memorial Vila Nova, o corpo de Milton Lopes foi sepultado na ter\u00e7a-feira (29), no Cemit\u00e9rio Parque Vila Nova, nesta cidade.<\/p>\n\n\n\n<figure class=\"wp-block-image aligncenter size-full is-resized\"><a href=\"https:\/\/i0.wp.com\/blogdoeloiltoncajuhy.com.br\/site\/wp-content\/uploads\/2025\/04\/MILTON-LOPES-02.jpg?ssl=1\"><img data-recalc-dims=\"1\" decoding=\"async\" width=\"720\" height=\"719\" src=\"https:\/\/i0.wp.com\/blogdoeloiltoncajuhy.com.br\/site\/wp-content\/uploads\/2025\/04\/MILTON-LOPES-02.jpg?resize=720%2C719&#038;ssl=1\" alt=\"\" class=\"wp-image-87351\" style=\"width:502px;height:auto\" srcset=\"https:\/\/i0.wp.com\/blogdoeloiltoncajuhy.com.br\/site\/wp-content\/uploads\/2025\/04\/MILTON-LOPES-02.jpg?w=720&amp;ssl=1 720w, https:\/\/i0.wp.com\/blogdoeloiltoncajuhy.com.br\/site\/wp-content\/uploads\/2025\/04\/MILTON-LOPES-02.jpg?resize=300%2C300&amp;ssl=1 300w, https:\/\/i0.wp.com\/blogdoeloiltoncajuhy.com.br\/site\/wp-content\/uploads\/2025\/04\/MILTON-LOPES-02.jpg?resize=150%2C150&amp;ssl=1 150w\" sizes=\"(max-width: 720px) 100vw, 720px\" \/><\/a><figcaption class=\"wp-element-caption\"><sub>Foto: Reprodu\u00e7\u00e3o \/ Facebook<\/sub><\/figcaption><\/figure>\n","protected":false},"excerpt":{"rendered":"<p>Cantor vinha sofrendo com problemas no f\u00edgado h\u00e1 um bom tempo. Por Blog do Eloilton Cajuhy \u2013 BEC Morreu por volta das 17h desta segunda-feira (28) o m\u00fasico bonfinense Milton Lopes. Ele tinha 61 anos e j\u00e1 vinha enfrentando problemas de sa\u00fade h\u00e1 algum tempo por causa de complica\u00e7\u00f5es no f\u00edgado. Nos \u00faltimos dias seu [&hellip;]<\/p>\n","protected":false},"author":2,"featured_media":87350,"comment_status":"open","ping_status":"open","sticky":false,"template":"","format":"standard","meta":{"_acf_changed":false,"_monsterinsights_skip_tracking":false,"_monsterinsights_sitenote_active":false,"_monsterinsights_sitenote_note":"","_monsterinsights_sitenote_category":0,"_jetpack_memberships_contains_paid_content":false,"footnotes":"","jetpack_publicize_message":"","jetpack_publicize_feature_enabled":true,"jetpack_social_post_already_shared":true,"jetpack_social_options":{"image_generator_settings":{"template":"highway","default_image_id":0,"font":"","enabled":false},"version":2}},"categories":[4],"tags":[],"class_list":["post-87349","post","type-post","status-publish","format-standard","has-post-thumbnail","hentry","category-local"],"acf":[],"jetpack_publicize_connections":[],"jetpack_featured_media_url":"https:\/\/i0.wp.com\/blogdoeloiltoncajuhy.com.br\/site\/wp-content\/uploads\/2025\/04\/MILTON-LOPES.jpg?fit=720%2C720&ssl=1","jetpack_sharing_enabled":true,"publishpress_future_workflow_manual_trigger":{"enabledWorkflows":[]},"_links":{"self":[{"href":"https:\/\/blogdoeloiltoncajuhy.com.br\/site\/wp-json\/wp\/v2\/posts\/87349","targetHints":{"allow":["GET"]}}],"collection":[{"href":"https:\/\/blogdoeloiltoncajuhy.com.br\/site\/wp-json\/wp\/v2\/posts"}],"about":[{"href":"https:\/\/blogdoeloiltoncajuhy.com.br\/site\/wp-json\/wp\/v2\/types\/post"}],"author":[{"embeddable":true,"href":"https:\/\/blogdoeloiltoncajuhy.com.br\/site\/wp-json\/wp\/v2\/users\/2"}],"replies":[{"embeddable":true,"href":"https:\/\/blogdoeloiltoncajuhy.com.br\/site\/wp-json\/wp\/v2\/comments?post=87349"}],"version-history":[{"count":4,"href":"https:\/\/blogdoeloiltoncajuhy.com.br\/site\/wp-json\/wp\/v2\/posts\/87349\/revisions"}],"predecessor-version":[{"id":87383,"href":"https:\/\/blogdoeloiltoncajuhy.com.br\/site\/wp-json\/wp\/v2\/posts\/87349\/revisions\/87383"}],"wp:featuredmedia":[{"embeddable":true,"href":"https:\/\/blogdoeloiltoncajuhy.com.br\/site\/wp-json\/wp\/v2\/media\/87350"}],"wp:attachment":[{"href":"https:\/\/blogdoeloiltoncajuhy.com.br\/site\/wp-json\/wp\/v2\/media?parent=87349"}],"wp:term":[{"taxonomy":"category","embeddable":true,"href":"https:\/\/blogdoeloiltoncajuhy.com.br\/site\/wp-json\/wp\/v2\/categories?post=87349"},{"taxonomy":"post_tag","embeddable":true,"href":"https:\/\/blogdoeloiltoncajuhy.com.br\/site\/wp-json\/wp\/v2\/tags?post=87349"}],"curies":[{"name":"wp","href":"https:\/\/api.w.org\/{rel}","templated":true}]}}