{"id":87328,"date":"2025-04-28T14:03:05","date_gmt":"2025-04-28T17:03:05","guid":{"rendered":"https:\/\/blogdoeloiltoncajuhy.com.br\/site\/?p=87328"},"modified":"2025-04-28T14:03:08","modified_gmt":"2025-04-28T17:03:08","slug":"encontro-regional-reune-liderancas-de-11-municipios-em-senhor-do-bonfim-e-fortalece-atuacao-de-bobo-e-daniel-almeida-na-regiao","status":"publish","type":"post","link":"https:\/\/blogdoeloiltoncajuhy.com.br\/site\/encontro-regional-reune-liderancas-de-11-municipios-em-senhor-do-bonfim-e-fortalece-atuacao-de-bobo-e-daniel-almeida-na-regiao\/","title":{"rendered":"Encontro Regional re\u00fane lideran\u00e7as de 11 munic\u00edpios em Senhor do Bonfim e fortalece atua\u00e7\u00e3o de Bob\u00f4 e Daniel Almeida na regi\u00e3o"},"content":{"rendered":"\n<p><strong>Blog do Eloilton Cajuhy \u2013 BEC<\/strong><\/p>\n\n\n\n<figure class=\"wp-block-image aligncenter size-full\"><a href=\"https:\/\/i0.wp.com\/blogdoeloiltoncajuhy.com.br\/site\/wp-content\/uploads\/2025\/04\/Encontro-Regional-Bobo-e-Daniel-2025-04-28-01.jpg?ssl=1\"><img data-recalc-dims=\"1\" fetchpriority=\"high\" decoding=\"async\" width=\"760\" height=\"570\" src=\"https:\/\/i0.wp.com\/blogdoeloiltoncajuhy.com.br\/site\/wp-content\/uploads\/2025\/04\/Encontro-Regional-Bobo-e-Daniel-2025-04-28-01.jpg?resize=760%2C570&#038;ssl=1\" alt=\"\" class=\"wp-image-87329\" srcset=\"https:\/\/i0.wp.com\/blogdoeloiltoncajuhy.com.br\/site\/wp-content\/uploads\/2025\/04\/Encontro-Regional-Bobo-e-Daniel-2025-04-28-01.jpg?w=760&amp;ssl=1 760w, https:\/\/i0.wp.com\/blogdoeloiltoncajuhy.com.br\/site\/wp-content\/uploads\/2025\/04\/Encontro-Regional-Bobo-e-Daniel-2025-04-28-01.jpg?resize=300%2C225&amp;ssl=1 300w\" sizes=\"(max-width: 760px) 100vw, 760px\" \/><\/a><figcaption class=\"wp-element-caption\"><sub>Foto: Ascom Deputado Bob\u00f4<\/sub><\/figcaption><\/figure>\n\n\n\n<p>Neste domingo (27), o audit\u00f3rio da Universidade Federal do Vale do S\u00e3o Francisco (Univasf), em Senhor do Bonfim, foi palco de um importante Encontro Regional promovido pelos deputados estadual Bob\u00f4 e federal Daniel Almeida. O evento reuniu representantes de 11 munic\u00edpios e destacou a for\u00e7a e o reconhecimento do trabalho desenvolvido pelos parlamentares no territ\u00f3rio.<\/p>\n\n\n\n<p>Apresenta\u00e7\u00f5es musicais com o Trio Alvorada e a Filarm\u00f4nica Uni\u00e3o dos Ferrovi\u00e1rios Bonfinenses recepcionaram o p\u00fablico, que lotou o espa\u00e7o. O encontro serviu como um espa\u00e7o de di\u00e1logo entre lideran\u00e7as pol\u00edticas, movimentos sociais e a popula\u00e7\u00e3o, com foco nos desafios e nos rumos da pol\u00edtica local, estadual e nacional.<\/p>\n\n\n\n<p><a href=\"https:\/\/whatsapp.com\/channel\/0029VaAT7tDLI8Yfj5y9Z50Z\"><strong><mark style=\"background-color:rgba(0, 0, 0, 0)\" class=\"has-inline-color has-vivid-red-color\">Siga nosso canal no WhatsApp e veja mais not\u00edcias<\/mark><\/strong><\/a><\/p>\n\n\n\n<p>Em seu discurso, o prefeito de Jaguarari, Ant\u00f4nio Nascimento, destacou a import\u00e2ncia dos partidos comprometidos com as causas populares. \u201cOs partidos da direita possuem um projeto de poder que n\u00e3o visa o povo ou a coletividade. N\u00f3s, dos partidos populares, buscamos abra\u00e7ar e oferecer uma vida melhor \u00e0s pessoas. \u00c9 dessa forma que Bob\u00f4 vem atuando. Por meio de seu trabalho, tem transformado a vida de muitas pessoas em toda a Bahia, especialmente em nossa regi\u00e3o\u201d, afirmou.<\/p>\n\n\n\n<p>\u201c\u00c9 uma grande honra estar ao lado de dois amigos, os deputados Bob\u00f4 e Daniel Almeida. Participar deste encontro territorial, reunindo importantes lideran\u00e7as pol\u00edticas, \u00e9 um prazer. Quero destacar que Cansan\u00e7\u00e3o \u00e9 muito grata pela dedica\u00e7\u00e3o que Daniel Almeida e Bob\u00f4 t\u00eam demonstrado por nossa cidade. Foram mais de quatro milh\u00f5es de reais em emendas parlamentares, investidos em sa\u00fade, infraestrutura, agricultura familiar e esporte. Esses recursos t\u00eam impulsionado o desenvolvimento do nosso munic\u00edpio, tornando-o mais justo e igualit\u00e1rio\u201d, agradeceu o vereador de Cansan\u00e7\u00e3o, Alex.<\/p>\n\n\n\n<figure class=\"wp-block-image aligncenter size-full\"><a href=\"https:\/\/i0.wp.com\/blogdoeloiltoncajuhy.com.br\/site\/wp-content\/uploads\/2025\/04\/Encontro-Regional-Bobo-e-Daniel-2025-04-28-02.jpg?ssl=1\"><img data-recalc-dims=\"1\" decoding=\"async\" width=\"760\" height=\"506\" src=\"https:\/\/i0.wp.com\/blogdoeloiltoncajuhy.com.br\/site\/wp-content\/uploads\/2025\/04\/Encontro-Regional-Bobo-e-Daniel-2025-04-28-02.jpg?resize=760%2C506&#038;ssl=1\" alt=\"\" class=\"wp-image-87330\" srcset=\"https:\/\/i0.wp.com\/blogdoeloiltoncajuhy.com.br\/site\/wp-content\/uploads\/2025\/04\/Encontro-Regional-Bobo-e-Daniel-2025-04-28-02.jpg?w=760&amp;ssl=1 760w, https:\/\/i0.wp.com\/blogdoeloiltoncajuhy.com.br\/site\/wp-content\/uploads\/2025\/04\/Encontro-Regional-Bobo-e-Daniel-2025-04-28-02.jpg?resize=300%2C200&amp;ssl=1 300w\" sizes=\"(max-width: 760px) 100vw, 760px\" \/><\/a><figcaption class=\"wp-element-caption\"><sub>Foto: Ascom Deputado Bob\u00f4<\/sub><\/figcaption><\/figure>\n\n\n\n<p>O deputado federal Daniel Almeida chamou aten\u00e7\u00e3o para o cen\u00e1rio nacional e para a import\u00e2ncia da participa\u00e7\u00e3o popular na reconstru\u00e7\u00e3o do pa\u00eds. \u201cImagina se o resultado das elei\u00e7\u00f5es de 2022 tivesse sido outro? Se o povo n\u00e3o tivesse resgatado a nossa democracia? Estamos tentando reverter o desmonte dos \u00faltimos seis anos. Falta pouco tempo para as elei\u00e7\u00f5es, e os brasileiros precisam discutir os rumos do Brasil, com projetos reais que impactem a vida da popula\u00e7\u00e3o\u201d, declarou.<\/p>\n\n\n\n<p>Encerrando o encontro, o deputado estadual Bob\u00f4 fez um balan\u00e7o do evento e dos investimentos conquistados para a regi\u00e3o. \u201cFiquei muito satisfeito com o resultado deste encontro regional. A participa\u00e7\u00e3o de representantes de 11 munic\u00edpios demonstra que o nosso trabalho, em parceria com o governador Jer\u00f4nimo, est\u00e1 sendo visto e reconhecido. Mais do que isso, confirma que os investimentos em sa\u00fade, educa\u00e7\u00e3o, infraestrutura, esporte e na agricultura familiar est\u00e3o chegando a esses munic\u00edpios e transformando a vida das pessoas. Seguiremos lutando para levar muito mais desenvolvimento aos quatro cantos da Bahia\u201d, destacou o parlamentar.<\/p>\n\n\n\n<p>O evento tamb\u00e9m marcou o lan\u00e7amento do livro Daniel Almeida: A trajet\u00f3ria de um brasileiro socialista, que narra a vida pol\u00edtica do deputado federal desde os tempos de milit\u00e2ncia estudantil at\u00e9 sua atua\u00e7\u00e3o no Congresso Nacional.<\/p>\n\n\n\n<p>Entre as lideran\u00e7as presentes, destacam-se: o prefeito de Jaguarari, Ant\u00f4nio Nascimento, e seu vice, Dr. Veloso; o vice-prefeito de Andorinha, Vagner Lav\u00f4r; a ex-prefeita de Iti\u00faba, Cec\u00edlia Petrina; o diretor do NTE, Helder Amorim; o ex-presidente da Aciasb, Nelson Pinheiro; al\u00e9m dos vereadores Sarah do Nilt\u00e3o, R\u00ea do Sindicato e Jeorge Catatau (Senhor do Bonfim); Alex (Cansan\u00e7\u00e3o); Joilton Bara\u00fana (Iti\u00faba); Marcos Quito (Jaguarari); Rodrigo Carvalho (Ant\u00f4nio Gon\u00e7alves); o presidente do PCdoB de Ponto Novo, Artur Paiva; ex-vereadores da regi\u00e3o, entre outros.<\/p>\n","protected":false},"excerpt":{"rendered":"<p>Blog do Eloilton Cajuhy \u2013 BEC Neste domingo (27), o audit\u00f3rio da Universidade Federal do Vale do S\u00e3o Francisco (Univasf), em Senhor do Bonfim, foi palco de um importante Encontro Regional promovido pelos deputados estadual Bob\u00f4 e federal Daniel Almeida. O evento reuniu representantes de 11 munic\u00edpios e destacou a for\u00e7a e o reconhecimento do [&hellip;]<\/p>\n","protected":false},"author":2,"featured_media":87329,"comment_status":"open","ping_status":"open","sticky":false,"template":"","format":"standard","meta":{"_acf_changed":false,"_monsterinsights_skip_tracking":false,"_monsterinsights_sitenote_active":false,"_monsterinsights_sitenote_note":"","_monsterinsights_sitenote_category":0,"_jetpack_memberships_contains_paid_content":false,"footnotes":"","jetpack_publicize_message":"","jetpack_publicize_feature_enabled":true,"jetpack_social_post_already_shared":true,"jetpack_social_options":{"image_generator_settings":{"template":"highway","default_image_id":0,"font":"","enabled":false},"version":2}},"categories":[3],"tags":[],"class_list":["post-87328","post","type-post","status-publish","format-standard","has-post-thumbnail","hentry","category-politica"],"acf":[],"jetpack_publicize_connections":[],"jetpack_featured_media_url":"https:\/\/i0.wp.com\/blogdoeloiltoncajuhy.com.br\/site\/wp-content\/uploads\/2025\/04\/Encontro-Regional-Bobo-e-Daniel-2025-04-28-01.jpg?fit=760%2C570&ssl=1","jetpack_sharing_enabled":true,"publishpress_future_workflow_manual_trigger":{"enabledWorkflows":[]},"_links":{"self":[{"href":"https:\/\/blogdoeloiltoncajuhy.com.br\/site\/wp-json\/wp\/v2\/posts\/87328","targetHints":{"allow":["GET"]}}],"collection":[{"href":"https:\/\/blogdoeloiltoncajuhy.com.br\/site\/wp-json\/wp\/v2\/posts"}],"about":[{"href":"https:\/\/blogdoeloiltoncajuhy.com.br\/site\/wp-json\/wp\/v2\/types\/post"}],"author":[{"embeddable":true,"href":"https:\/\/blogdoeloiltoncajuhy.com.br\/site\/wp-json\/wp\/v2\/users\/2"}],"replies":[{"embeddable":true,"href":"https:\/\/blogdoeloiltoncajuhy.com.br\/site\/wp-json\/wp\/v2\/comments?post=87328"}],"version-history":[{"count":1,"href":"https:\/\/blogdoeloiltoncajuhy.com.br\/site\/wp-json\/wp\/v2\/posts\/87328\/revisions"}],"predecessor-version":[{"id":87331,"href":"https:\/\/blogdoeloiltoncajuhy.com.br\/site\/wp-json\/wp\/v2\/posts\/87328\/revisions\/87331"}],"wp:featuredmedia":[{"embeddable":true,"href":"https:\/\/blogdoeloiltoncajuhy.com.br\/site\/wp-json\/wp\/v2\/media\/87329"}],"wp:attachment":[{"href":"https:\/\/blogdoeloiltoncajuhy.com.br\/site\/wp-json\/wp\/v2\/media?parent=87328"}],"wp:term":[{"taxonomy":"category","embeddable":true,"href":"https:\/\/blogdoeloiltoncajuhy.com.br\/site\/wp-json\/wp\/v2\/categories?post=87328"},{"taxonomy":"post_tag","embeddable":true,"href":"https:\/\/blogdoeloiltoncajuhy.com.br\/site\/wp-json\/wp\/v2\/tags?post=87328"}],"curies":[{"name":"wp","href":"https:\/\/api.w.org\/{rel}","templated":true}]}}