{"id":87325,"date":"2025-04-28T08:14:23","date_gmt":"2025-04-28T11:14:23","guid":{"rendered":"https:\/\/blogdoeloiltoncajuhy.com.br\/site\/?p=87325"},"modified":"2025-04-28T08:14:25","modified_gmt":"2025-04-28T11:14:25","slug":"transformacoes-na-educacao-exigem-umolhar-mais-humano-e-integral","status":"publish","type":"post","link":"https:\/\/blogdoeloiltoncajuhy.com.br\/site\/transformacoes-na-educacao-exigem-umolhar-mais-humano-e-integral\/","title":{"rendered":"Transforma\u00e7\u00f5es na educa\u00e7\u00e3o exigem umolhar mais humano e integral"},"content":{"rendered":"\n<p class=\"has-medium-font-size\"><strong>No Dia da Educa\u00e7\u00e3o, especialista comenta os desafios e os caminhos para uma escola que valorize o desenvolvimento pleno dos estudantes, para al\u00e9m da sala de aula.<\/strong><\/p>\n\n\n\n<p><strong>Blog do Eloilton Cajuhy &#8211; BEC<\/strong><\/p>\n\n\n\n<figure class=\"wp-block-image aligncenter size-full\"><a href=\"https:\/\/i0.wp.com\/blogdoeloiltoncajuhy.com.br\/site\/wp-content\/uploads\/2025\/04\/Educacao-Foto-Freepik.jpg?ssl=1\"><img data-recalc-dims=\"1\" fetchpriority=\"high\" decoding=\"async\" width=\"800\" height=\"534\" src=\"https:\/\/i0.wp.com\/blogdoeloiltoncajuhy.com.br\/site\/wp-content\/uploads\/2025\/04\/Educacao-Foto-Freepik.jpg?resize=800%2C534&#038;ssl=1\" alt=\"\" class=\"wp-image-87326\" srcset=\"https:\/\/i0.wp.com\/blogdoeloiltoncajuhy.com.br\/site\/wp-content\/uploads\/2025\/04\/Educacao-Foto-Freepik.jpg?w=800&amp;ssl=1 800w, https:\/\/i0.wp.com\/blogdoeloiltoncajuhy.com.br\/site\/wp-content\/uploads\/2025\/04\/Educacao-Foto-Freepik.jpg?resize=300%2C200&amp;ssl=1 300w, https:\/\/i0.wp.com\/blogdoeloiltoncajuhy.com.br\/site\/wp-content\/uploads\/2025\/04\/Educacao-Foto-Freepik.jpg?resize=768%2C513&amp;ssl=1 768w\" sizes=\"(max-width: 800px) 100vw, 800px\" \/><\/a><figcaption class=\"wp-element-caption\"><sub>Foto: Freepik<\/sub><\/figcaption><\/figure>\n\n\n\n<p>O Censo Escolar 2024, divulgado pelo Instituto Nacional de Estudos e Pesquisas Educacionais An\u00edsio Teixeira (Inep), aponta dois movimentos que merecem aten\u00e7\u00e3o: a queda no n\u00famero de matr\u00edculas na educa\u00e7\u00e3o b\u00e1sica e a expans\u00e3o do ensino em tempo integral. Esses dados refletem a urg\u00eancia de uma nova abordagem educacional, mais conectada com as necessidades reais dos estudantes e com as transforma\u00e7\u00f5es da sociedade.<\/p>\n\n\n\n<p><a href=\"https:\/\/whatsapp.com\/channel\/0029VaAT7tDLI8Yfj5y9Z50Z\"><strong><mark style=\"background-color:rgba(0, 0, 0, 0)\" class=\"has-inline-color has-vivid-red-color\">Siga nosso canal no WhatsApp e veja mais not\u00edcias<\/mark><\/strong><\/a><\/p>\n\n\n\n<p>O Dia da Educa\u00e7\u00e3o, celebrado em 28 de abril, \u00e9 um convite \u00e0 reflex\u00e3o sobre o papel da escola na forma\u00e7\u00e3o de sujeitos completos, capazes de atuar com autonomia, empatia e responsabilidade no mundo contempor\u00e2neo.<\/p>\n\n\n\n<blockquote class=\"wp-block-quote is-layout-flow wp-block-quote-is-layout-flow\">\n<p><strong><mark style=\"background-color:rgba(0, 0, 0, 0)\" class=\"has-inline-color has-black-color\">\u201cNos \u00faltimos anos, a escola precisou se reinventar. O ensino h\u00edbrido, as reformas curriculares e as novas exig\u00eancias das fam\u00edlias e da sociedade nos desafiaram a olhar para a educa\u00e7\u00e3o com mais profundidade. Hoje, mais do que resultados acad\u00eamicos, as fam\u00edlias buscam escolas que formem seres humanos preparados para viver em comunidade\u201d, afirma Renato Gurgel, Coordenador Geral no Col\u00e9gio Guilherme Dumont Villares (GDV).<\/mark><\/strong><\/p>\n<\/blockquote>\n\n\n\n<p>Nesse contexto, a educa\u00e7\u00e3o integral se fortalece como um caminho promissor. Mais do que ampliar a carga hor\u00e1ria, ela amplia o sentido da escola: forma alunos que aprendem com intencionalidade, mas tamb\u00e9m convivem, praticam esportes, desenvolvem a criatividade e aprendem a lidar com as pr\u00f3prias emo\u00e7\u00f5es. No Col\u00e9gio GDV, por exemplo, projetos interdisciplinares, pr\u00e1ticas esportivas e a\u00e7\u00f5es voltadas \u00e0 conviv\u00eancia \u00e9tica e cidad\u00e3 s\u00e3o parte estruturante do curr\u00edculo.<\/p>\n\n\n\n<p>\u201cAs atividades f\u00edsicas, a viv\u00eancia art\u00edstica e os momentos de socializa\u00e7\u00e3o s\u00e3o t\u00e3o importantes quanto o conte\u00fado program\u00e1tico. S\u00e3o eles que constroem v\u00ednculos, desenvolvem a autoconfian\u00e7a e promovem o bem-estar dos alunos, contribuindo diretamente para a aprendizagem\u201d, explica Renato.<\/p>\n\n\n\n<p>A pr\u00e1tica esportiva, em especial, tem mostrado resultados consistentes em aspectos como disciplina, coopera\u00e7\u00e3o e autoestima. Al\u00e9m disso, projetos de protagonismo estudantil, eventos culturais e a\u00e7\u00f5es de conviv\u00eancia criam um ambiente educativo mais saud\u00e1vel, onde os alunos se sentem pertencentes, acolhidos e motivados.<\/p>\n\n\n\n<p>\u201cEm um mundo em constante movimento, a miss\u00e3o da escola continua a mesma: educar com sentido, formar cidad\u00e3os conscientes e apoiar o desenvolvimento pleno de cada aluno. E isso s\u00f3 \u00e9 poss\u00edvel quando olhamos para a educa\u00e7\u00e3o de forma integral, valorizando o corpo, a mente e o cora\u00e7\u00e3o\u201d, conclui Renato Gurgel.<\/p>\n","protected":false},"excerpt":{"rendered":"<p>No Dia da Educa\u00e7\u00e3o, especialista comenta os desafios e os caminhos para uma escola que valorize o desenvolvimento pleno dos estudantes, para al\u00e9m da sala de aula. Blog do Eloilton Cajuhy &#8211; BEC O Censo Escolar 2024, divulgado pelo Instituto Nacional de Estudos e Pesquisas Educacionais An\u00edsio Teixeira (Inep), aponta dois movimentos que merecem aten\u00e7\u00e3o: [&hellip;]<\/p>\n","protected":false},"author":2,"featured_media":87326,"comment_status":"open","ping_status":"open","sticky":false,"template":"","format":"standard","meta":{"_acf_changed":false,"_monsterinsights_skip_tracking":false,"_monsterinsights_sitenote_active":false,"_monsterinsights_sitenote_note":"","_monsterinsights_sitenote_category":0,"_jetpack_memberships_contains_paid_content":false,"footnotes":"","jetpack_publicize_message":"","jetpack_publicize_feature_enabled":true,"jetpack_social_post_already_shared":false,"jetpack_social_options":{"image_generator_settings":{"template":"highway","enabled":false},"version":2}},"categories":[14],"tags":[],"class_list":["post-87325","post","type-post","status-publish","format-standard","has-post-thumbnail","hentry","category-educacao"],"acf":[],"jetpack_publicize_connections":[],"jetpack_featured_media_url":"https:\/\/i0.wp.com\/blogdoeloiltoncajuhy.com.br\/site\/wp-content\/uploads\/2025\/04\/Educacao-Foto-Freepik.jpg?fit=800%2C534&ssl=1","jetpack_sharing_enabled":true,"publishpress_future_workflow_manual_trigger":{"enabledWorkflows":[]},"_links":{"self":[{"href":"https:\/\/blogdoeloiltoncajuhy.com.br\/site\/wp-json\/wp\/v2\/posts\/87325","targetHints":{"allow":["GET"]}}],"collection":[{"href":"https:\/\/blogdoeloiltoncajuhy.com.br\/site\/wp-json\/wp\/v2\/posts"}],"about":[{"href":"https:\/\/blogdoeloiltoncajuhy.com.br\/site\/wp-json\/wp\/v2\/types\/post"}],"author":[{"embeddable":true,"href":"https:\/\/blogdoeloiltoncajuhy.com.br\/site\/wp-json\/wp\/v2\/users\/2"}],"replies":[{"embeddable":true,"href":"https:\/\/blogdoeloiltoncajuhy.com.br\/site\/wp-json\/wp\/v2\/comments?post=87325"}],"version-history":[{"count":1,"href":"https:\/\/blogdoeloiltoncajuhy.com.br\/site\/wp-json\/wp\/v2\/posts\/87325\/revisions"}],"predecessor-version":[{"id":87327,"href":"https:\/\/blogdoeloiltoncajuhy.com.br\/site\/wp-json\/wp\/v2\/posts\/87325\/revisions\/87327"}],"wp:featuredmedia":[{"embeddable":true,"href":"https:\/\/blogdoeloiltoncajuhy.com.br\/site\/wp-json\/wp\/v2\/media\/87326"}],"wp:attachment":[{"href":"https:\/\/blogdoeloiltoncajuhy.com.br\/site\/wp-json\/wp\/v2\/media?parent=87325"}],"wp:term":[{"taxonomy":"category","embeddable":true,"href":"https:\/\/blogdoeloiltoncajuhy.com.br\/site\/wp-json\/wp\/v2\/categories?post=87325"},{"taxonomy":"post_tag","embeddable":true,"href":"https:\/\/blogdoeloiltoncajuhy.com.br\/site\/wp-json\/wp\/v2\/tags?post=87325"}],"curies":[{"name":"wp","href":"https:\/\/api.w.org\/{rel}","templated":true}]}}