{"id":87319,"date":"2025-04-26T00:10:00","date_gmt":"2025-04-26T03:10:00","guid":{"rendered":"https:\/\/blogdoeloiltoncajuhy.com.br\/site\/?p=87319"},"modified":"2025-04-25T22:40:41","modified_gmt":"2025-04-26T01:40:41","slug":"conta-de-luz-mais-cara-aneel-anuncia-bandeira-amarela-em-maio","status":"publish","type":"post","link":"https:\/\/blogdoeloiltoncajuhy.com.br\/site\/conta-de-luz-mais-cara-aneel-anuncia-bandeira-amarela-em-maio\/","title":{"rendered":"Conta de luz mais cara: Aneel anuncia bandeira amarela em maio"},"content":{"rendered":"\n<p class=\"has-medium-font-size\"><strong>Decis\u00e3o, motivada pelo in\u00edcio do per\u00edodo de estiagem, interrompe ciclo de cinco meses com bandeira verde, ou seja, sem taxa extra. Bandeira amarela &#8216;custa&#8217; R$ 1,88 a cada 100 kWh.<\/strong><\/p>\n\n\n\n<p><strong>Por Ana Clara Alves, TV Globo<\/strong> \u2014 Bras\u00edlia<\/p>\n\n\n\n<figure class=\"wp-block-image aligncenter size-full is-resized\"><a href=\"https:\/\/i0.wp.com\/blogdoeloiltoncajuhy.com.br\/site\/wp-content\/uploads\/2024\/09\/Conta-de-luz-Energia-eletrica-Foto-Willian-Moreira-Futura-Press_Estadao-Conteudo.png\"><img data-recalc-dims=\"1\" fetchpriority=\"high\" decoding=\"async\" width=\"800\" height=\"537\" src=\"https:\/\/i0.wp.com\/blogdoeloiltoncajuhy.com.br\/site\/wp-content\/uploads\/2024\/09\/Conta-de-luz-Energia-eletrica-Foto-Willian-Moreira-Futura-Press_Estadao-Conteudo.png?resize=800%2C537\" alt=\"\" class=\"wp-image-82733\" style=\"width:621px;height:auto\" srcset=\"https:\/\/i0.wp.com\/blogdoeloiltoncajuhy.com.br\/site\/wp-content\/uploads\/2024\/09\/Conta-de-luz-Energia-eletrica-Foto-Willian-Moreira-Futura-Press_Estadao-Conteudo.png?w=819&amp;ssl=1 819w, https:\/\/i0.wp.com\/blogdoeloiltoncajuhy.com.br\/site\/wp-content\/uploads\/2024\/09\/Conta-de-luz-Energia-eletrica-Foto-Willian-Moreira-Futura-Press_Estadao-Conteudo.png?resize=300%2C201&amp;ssl=1 300w, https:\/\/i0.wp.com\/blogdoeloiltoncajuhy.com.br\/site\/wp-content\/uploads\/2024\/09\/Conta-de-luz-Energia-eletrica-Foto-Willian-Moreira-Futura-Press_Estadao-Conteudo.png?resize=768%2C516&amp;ssl=1 768w\" sizes=\"(max-width: 800px) 100vw, 800px\" \/><\/a><figcaption class=\"wp-element-caption\"><sub>Foto: Willian Moreira\/Futura Press\/Estad\u00e3o Conte\u00fado<\/sub><\/figcaption><\/figure>\n\n\n\n<p>A Ag\u00eancia Nacional de Energia El\u00e9trica (Aneel) anunciou nesta sexta-feira (25) que o pa\u00eds ter\u00e1 bandeira amarela nas contas de luz no m\u00eas de maio.<\/p>\n\n\n\n<p>Isso significa um custo adicional de R$ 1,88 nas faturas para cada 100 kWh consumidos.<\/p>\n\n\n\n<p>Segundo a ag\u00eancia, a decis\u00e3o foi tomada &#8220;devido a redu\u00e7\u00e3o das chuvas em raz\u00e3o da transi\u00e7\u00e3o do per\u00edodo chuvoso para o per\u00edodo seco do ano&#8221;.<\/p>\n\n\n\n<p><a href=\"https:\/\/whatsapp.com\/channel\/0029VaAT7tDLI8Yfj5y9Z50Z\"><strong><mark style=\"background-color:rgba(0, 0, 0, 0)\" class=\"has-inline-color has-vivid-red-color\">Siga nosso canal no WhatsApp e veja mais not\u00edcias<\/mark><\/strong><\/a><\/p>\n\n\n\n<ul class=\"wp-block-list\">\n<li>O sistema de cores da Aneel sinaliza as condi\u00e7\u00f5es de gera\u00e7\u00e3o de energia. Se chove pouco e as hidrel\u00e9tricas geram menos, \u00e9 preciso acionar usinas termel\u00e9tricas, que s\u00e3o mais caras.<\/li>\n<\/ul>\n\n\n\n<ul class=\"wp-block-list\">\n<li>Para pagar por essas usinas, a Aneel aciona as bandeiras amarela, vermelha 1 ou vermelha 2, com taxas extras na conta de luz.<\/li>\n<\/ul>\n\n\n\n<p><\/p>\n\n\n\n<p>&#8220;As previs\u00f5es de chuvas e vaz\u00f5es nas regi\u00f5es dos reservat\u00f3rios para os pr\u00f3ximos meses ficaram abaixo da m\u00e9dia&#8221;, diz a Aneel.<\/p>\n\n\n\n<p>A bandeira amarela em maio interrompe um ciclo de cinco meses de bandeira verde, sem cobran\u00e7a adicional nas contas. De dezembro de 2024 a abril de 2025, o per\u00edodo chuvoso aliviou os reservat\u00f3rios das hidrel\u00e9tricas e dispensou a taxa extra.<\/p>\n\n\n\n<blockquote class=\"wp-block-quote is-layout-flow wp-block-quote-is-layout-flow\">\n<p><strong><mark style=\"background-color:rgba(0, 0, 0, 0)\" class=\"has-inline-color has-black-color\">&#8220;Com o fim do per\u00edodo chuvoso, a previs\u00e3o de gera\u00e7\u00e3o de energia proveniente de hidroel\u00e9trica piorou, o que nos pr\u00f3ximos meses poder\u00e1 demandar maior acionamento de usinas termel\u00e9tricas, que possuem energia mais cara&#8221;, explicou a Aneel.<\/mark><\/strong><\/p>\n<\/blockquote>\n","protected":false},"excerpt":{"rendered":"<p>Decis\u00e3o, motivada pelo in\u00edcio do per\u00edodo de estiagem, interrompe ciclo de cinco meses com bandeira verde, ou seja, sem taxa extra. Bandeira amarela &#8216;custa&#8217; R$ 1,88 a cada 100 kWh. Por Ana Clara Alves, TV Globo \u2014 Bras\u00edlia A Ag\u00eancia Nacional de Energia El\u00e9trica (Aneel) anunciou nesta sexta-feira (25) que o pa\u00eds ter\u00e1 bandeira amarela [&hellip;]<\/p>\n","protected":false},"author":2,"featured_media":82733,"comment_status":"open","ping_status":"open","sticky":false,"template":"","format":"standard","meta":{"_acf_changed":false,"_monsterinsights_skip_tracking":false,"_monsterinsights_sitenote_active":false,"_monsterinsights_sitenote_note":"","_monsterinsights_sitenote_category":0,"_jetpack_memberships_contains_paid_content":false,"footnotes":"","jetpack_publicize_message":"","jetpack_publicize_feature_enabled":true,"jetpack_social_post_already_shared":true,"jetpack_social_options":{"image_generator_settings":{"template":"highway","default_image_id":0,"font":"","enabled":false},"version":2}},"categories":[31],"tags":[],"class_list":["post-87319","post","type-post","status-publish","format-standard","has-post-thumbnail","hentry","category-economia"],"acf":[],"jetpack_publicize_connections":[],"jetpack_featured_media_url":"https:\/\/i0.wp.com\/blogdoeloiltoncajuhy.com.br\/site\/wp-content\/uploads\/2024\/09\/Conta-de-luz-Energia-eletrica-Foto-Willian-Moreira-Futura-Press_Estadao-Conteudo.png?fit=819%2C550&ssl=1","jetpack_sharing_enabled":true,"publishpress_future_workflow_manual_trigger":{"enabledWorkflows":[]},"_links":{"self":[{"href":"https:\/\/blogdoeloiltoncajuhy.com.br\/site\/wp-json\/wp\/v2\/posts\/87319","targetHints":{"allow":["GET"]}}],"collection":[{"href":"https:\/\/blogdoeloiltoncajuhy.com.br\/site\/wp-json\/wp\/v2\/posts"}],"about":[{"href":"https:\/\/blogdoeloiltoncajuhy.com.br\/site\/wp-json\/wp\/v2\/types\/post"}],"author":[{"embeddable":true,"href":"https:\/\/blogdoeloiltoncajuhy.com.br\/site\/wp-json\/wp\/v2\/users\/2"}],"replies":[{"embeddable":true,"href":"https:\/\/blogdoeloiltoncajuhy.com.br\/site\/wp-json\/wp\/v2\/comments?post=87319"}],"version-history":[{"count":1,"href":"https:\/\/blogdoeloiltoncajuhy.com.br\/site\/wp-json\/wp\/v2\/posts\/87319\/revisions"}],"predecessor-version":[{"id":87320,"href":"https:\/\/blogdoeloiltoncajuhy.com.br\/site\/wp-json\/wp\/v2\/posts\/87319\/revisions\/87320"}],"wp:featuredmedia":[{"embeddable":true,"href":"https:\/\/blogdoeloiltoncajuhy.com.br\/site\/wp-json\/wp\/v2\/media\/82733"}],"wp:attachment":[{"href":"https:\/\/blogdoeloiltoncajuhy.com.br\/site\/wp-json\/wp\/v2\/media?parent=87319"}],"wp:term":[{"taxonomy":"category","embeddable":true,"href":"https:\/\/blogdoeloiltoncajuhy.com.br\/site\/wp-json\/wp\/v2\/categories?post=87319"},{"taxonomy":"post_tag","embeddable":true,"href":"https:\/\/blogdoeloiltoncajuhy.com.br\/site\/wp-json\/wp\/v2\/tags?post=87319"}],"curies":[{"name":"wp","href":"https:\/\/api.w.org\/{rel}","templated":true}]}}