{"id":87310,"date":"2025-04-26T00:10:00","date_gmt":"2025-04-26T03:10:00","guid":{"rendered":"https:\/\/blogdoeloiltoncajuhy.com.br\/site\/?p=87310"},"modified":"2025-04-25T21:40:17","modified_gmt":"2025-04-26T00:40:17","slug":"deputado-bobo-visita-itiuba-e-participa-de-missa-em-acao-de-gracas-pela-recuperacao-de-cecilia-petrina","status":"publish","type":"post","link":"https:\/\/blogdoeloiltoncajuhy.com.br\/site\/deputado-bobo-visita-itiuba-e-participa-de-missa-em-acao-de-gracas-pela-recuperacao-de-cecilia-petrina\/","title":{"rendered":"Deputado Bob\u00f4 visita Iti\u00faba e participa de missa em a\u00e7\u00e3o de gra\u00e7as pela recupera\u00e7\u00e3o de Cec\u00edlia Petrina"},"content":{"rendered":"\n<p><strong>Blog do Eloilton Cajuhy \u2013 BEC<\/strong><\/p>\n\n\n\n<figure class=\"wp-block-image aligncenter size-full\"><a href=\"https:\/\/i0.wp.com\/blogdoeloiltoncajuhy.com.br\/site\/wp-content\/uploads\/2025\/04\/Dra.-Cecilia-250425-01.jpeg?ssl=1\"><img data-recalc-dims=\"1\" fetchpriority=\"high\" decoding=\"async\" width=\"760\" height=\"507\" src=\"https:\/\/i0.wp.com\/blogdoeloiltoncajuhy.com.br\/site\/wp-content\/uploads\/2025\/04\/Dra.-Cecilia-250425-01.jpeg?resize=760%2C507&#038;ssl=1\" alt=\"\" class=\"wp-image-87311\" srcset=\"https:\/\/i0.wp.com\/blogdoeloiltoncajuhy.com.br\/site\/wp-content\/uploads\/2025\/04\/Dra.-Cecilia-250425-01.jpeg?w=760&amp;ssl=1 760w, https:\/\/i0.wp.com\/blogdoeloiltoncajuhy.com.br\/site\/wp-content\/uploads\/2025\/04\/Dra.-Cecilia-250425-01.jpeg?resize=300%2C200&amp;ssl=1 300w\" sizes=\"(max-width: 760px) 100vw, 760px\" \/><\/a><figcaption class=\"wp-element-caption\"><sub>Foto: Ascom Deputado Bob\u00f4<\/sub><\/figcaption><\/figure>\n\n\n\n<p>No final da tarde de quinta-feira (24), o deputado estadual Bob\u00f4 esteve no munic\u00edpio de Iti\u00faba para participar de uma missa em a\u00e7\u00e3o de gra\u00e7as pela recupera\u00e7\u00e3o da ex-prefeita Cec\u00edlia Petrina, uma das maiores lideran\u00e7as pol\u00edticas da regi\u00e3o. O parlamentar iniciou sua agenda visitando a resid\u00eancia da ex-gestora, onde se reuniu com o deputado federal Daniel Almeida e com o ex-vereador Caxunxa para um bate-papo descontra\u00eddo antes da celebra\u00e7\u00e3o religiosa.<\/p>\n\n\n\n<p><a href=\"https:\/\/whatsapp.com\/channel\/0029VaAT7tDLI8Yfj5y9Z50Z\"><strong><mark style=\"background-color:rgba(0, 0, 0, 0)\" class=\"has-inline-color has-vivid-red-color\">Siga nosso canal no WhatsApp e veja mais not\u00edcias<\/mark><\/strong><\/a><\/p>\n\n\n\n<p>Em seguida, todos se dirigiram \u00e0 Igreja Matriz de Iti\u00faba, onde j\u00e1 se encontrava o vereador Joilton Bara\u00fana, para participar da missa em agradecimento pela melhora da ex-prefeita. Recentemente, Cec\u00edlia Petrina esteve internada em um hospital da capital baiana, onde passou por tratamento intensivo para restabelecer sua sa\u00fade.<\/p>\n\n\n\n<p>O deputado Bob\u00f4 expressou sua alegria ao reencontrar a amiga em plena recupera\u00e7\u00e3o. \u201cEstou muito feliz por estar aqui e ver que minha amiga e grande lideran\u00e7a pol\u00edtica, Cec\u00edlia Petrina, est\u00e1 recuperada. Essa mulher \u00e9 dura na queda! Hoje tivemos a oportunidade de bater aquele papo descontra\u00eddo, relembrar hist\u00f3rias e agradecer a Deus pela sua recupera\u00e7\u00e3o\u201d, afirmou o parlamentar.<\/p>\n\n\n\n<figure class=\"wp-block-image aligncenter size-full\"><a href=\"https:\/\/i0.wp.com\/blogdoeloiltoncajuhy.com.br\/site\/wp-content\/uploads\/2025\/04\/Dra.-Cecilia-250425-02.jpeg?ssl=1\"><img data-recalc-dims=\"1\" decoding=\"async\" width=\"760\" height=\"507\" src=\"https:\/\/i0.wp.com\/blogdoeloiltoncajuhy.com.br\/site\/wp-content\/uploads\/2025\/04\/Dra.-Cecilia-250425-02.jpeg?resize=760%2C507&#038;ssl=1\" alt=\"\" class=\"wp-image-87312\" srcset=\"https:\/\/i0.wp.com\/blogdoeloiltoncajuhy.com.br\/site\/wp-content\/uploads\/2025\/04\/Dra.-Cecilia-250425-02.jpeg?w=760&amp;ssl=1 760w, https:\/\/i0.wp.com\/blogdoeloiltoncajuhy.com.br\/site\/wp-content\/uploads\/2025\/04\/Dra.-Cecilia-250425-02.jpeg?resize=300%2C200&amp;ssl=1 300w\" sizes=\"(max-width: 760px) 100vw, 760px\" \/><\/a><figcaption class=\"wp-element-caption\"><sub>Foto: Ascom Deputado Bob\u00f4<\/sub><\/figcaption><\/figure>\n","protected":false},"excerpt":{"rendered":"<p>Blog do Eloilton Cajuhy \u2013 BEC No final da tarde de quinta-feira (24), o deputado estadual Bob\u00f4 esteve no munic\u00edpio de Iti\u00faba para participar de uma missa em a\u00e7\u00e3o de gra\u00e7as pela recupera\u00e7\u00e3o da ex-prefeita Cec\u00edlia Petrina, uma das maiores lideran\u00e7as pol\u00edticas da regi\u00e3o. O parlamentar iniciou sua agenda visitando a resid\u00eancia da ex-gestora, onde [&hellip;]<\/p>\n","protected":false},"author":2,"featured_media":87311,"comment_status":"open","ping_status":"open","sticky":false,"template":"","format":"standard","meta":{"_acf_changed":false,"_monsterinsights_skip_tracking":false,"_monsterinsights_sitenote_active":false,"_monsterinsights_sitenote_note":"","_monsterinsights_sitenote_category":0,"_jetpack_memberships_contains_paid_content":false,"footnotes":"","jetpack_publicize_message":"","jetpack_publicize_feature_enabled":true,"jetpack_social_post_already_shared":true,"jetpack_social_options":{"image_generator_settings":{"template":"highway","enabled":false},"version":2}},"categories":[11],"tags":[],"class_list":["post-87310","post","type-post","status-publish","format-standard","has-post-thumbnail","hentry","category-regional"],"acf":[],"jetpack_publicize_connections":[],"jetpack_featured_media_url":"https:\/\/i0.wp.com\/blogdoeloiltoncajuhy.com.br\/site\/wp-content\/uploads\/2025\/04\/Dra.-Cecilia-250425-01.jpeg?fit=760%2C507&ssl=1","jetpack_sharing_enabled":true,"publishpress_future_workflow_manual_trigger":{"enabledWorkflows":[]},"_links":{"self":[{"href":"https:\/\/blogdoeloiltoncajuhy.com.br\/site\/wp-json\/wp\/v2\/posts\/87310","targetHints":{"allow":["GET"]}}],"collection":[{"href":"https:\/\/blogdoeloiltoncajuhy.com.br\/site\/wp-json\/wp\/v2\/posts"}],"about":[{"href":"https:\/\/blogdoeloiltoncajuhy.com.br\/site\/wp-json\/wp\/v2\/types\/post"}],"author":[{"embeddable":true,"href":"https:\/\/blogdoeloiltoncajuhy.com.br\/site\/wp-json\/wp\/v2\/users\/2"}],"replies":[{"embeddable":true,"href":"https:\/\/blogdoeloiltoncajuhy.com.br\/site\/wp-json\/wp\/v2\/comments?post=87310"}],"version-history":[{"count":1,"href":"https:\/\/blogdoeloiltoncajuhy.com.br\/site\/wp-json\/wp\/v2\/posts\/87310\/revisions"}],"predecessor-version":[{"id":87313,"href":"https:\/\/blogdoeloiltoncajuhy.com.br\/site\/wp-json\/wp\/v2\/posts\/87310\/revisions\/87313"}],"wp:featuredmedia":[{"embeddable":true,"href":"https:\/\/blogdoeloiltoncajuhy.com.br\/site\/wp-json\/wp\/v2\/media\/87311"}],"wp:attachment":[{"href":"https:\/\/blogdoeloiltoncajuhy.com.br\/site\/wp-json\/wp\/v2\/media?parent=87310"}],"wp:term":[{"taxonomy":"category","embeddable":true,"href":"https:\/\/blogdoeloiltoncajuhy.com.br\/site\/wp-json\/wp\/v2\/categories?post=87310"},{"taxonomy":"post_tag","embeddable":true,"href":"https:\/\/blogdoeloiltoncajuhy.com.br\/site\/wp-json\/wp\/v2\/tags?post=87310"}],"curies":[{"name":"wp","href":"https:\/\/api.w.org\/{rel}","templated":true}]}}