{"id":87304,"date":"2025-04-25T17:58:17","date_gmt":"2025-04-25T20:58:17","guid":{"rendered":"https:\/\/blogdoeloiltoncajuhy.com.br\/site\/?p=87304"},"modified":"2025-04-25T17:58:19","modified_gmt":"2025-04-25T20:58:19","slug":"beto-jambeiro-o-terceiro-campeao-nacional-de-bonfim","status":"publish","type":"post","link":"https:\/\/blogdoeloiltoncajuhy.com.br\/site\/beto-jambeiro-o-terceiro-campeao-nacional-de-bonfim\/","title":{"rendered":"Beto Jambeiro: O terceiro campe\u00e3o nacional de Bonfim"},"content":{"rendered":"\n<p class=\"has-medium-font-size\"><strong>Confeiteiro bonfinense venceu o concurso do bolo de anivers\u00e1rio de 60 anos da TV Globo.<\/strong><\/p>\n\n\n\n<p><strong>Por Blog do Eloilton Cajuhy &#8211; BEC<\/strong><\/p>\n\n\n\n<figure class=\"wp-block-image aligncenter size-full\"><a href=\"https:\/\/i0.wp.com\/blogdoeloiltoncajuhy.com.br\/site\/wp-content\/uploads\/2025\/04\/Bolo-de-aniversario-dos-60-anos-da-Globo-Beto-Jambeiro-vence-concurso-do-Mais-Voce-%E2%80%94-Foto-Globo.jpeg?ssl=1\"><img data-recalc-dims=\"1\" fetchpriority=\"high\" decoding=\"async\" width=\"800\" height=\"383\" src=\"https:\/\/i0.wp.com\/blogdoeloiltoncajuhy.com.br\/site\/wp-content\/uploads\/2025\/04\/Bolo-de-aniversario-dos-60-anos-da-Globo-Beto-Jambeiro-vence-concurso-do-Mais-Voce-%E2%80%94-Foto-Globo.jpeg?resize=800%2C383&#038;ssl=1\" alt=\"\" class=\"wp-image-87305\" srcset=\"https:\/\/i0.wp.com\/blogdoeloiltoncajuhy.com.br\/site\/wp-content\/uploads\/2025\/04\/Bolo-de-aniversario-dos-60-anos-da-Globo-Beto-Jambeiro-vence-concurso-do-Mais-Voce-%E2%80%94-Foto-Globo.jpeg?w=984&amp;ssl=1 984w, https:\/\/i0.wp.com\/blogdoeloiltoncajuhy.com.br\/site\/wp-content\/uploads\/2025\/04\/Bolo-de-aniversario-dos-60-anos-da-Globo-Beto-Jambeiro-vence-concurso-do-Mais-Voce-%E2%80%94-Foto-Globo.jpeg?resize=300%2C144&amp;ssl=1 300w, https:\/\/i0.wp.com\/blogdoeloiltoncajuhy.com.br\/site\/wp-content\/uploads\/2025\/04\/Bolo-de-aniversario-dos-60-anos-da-Globo-Beto-Jambeiro-vence-concurso-do-Mais-Voce-%E2%80%94-Foto-Globo.jpeg?resize=768%2C368&amp;ssl=1 768w\" sizes=\"(max-width: 800px) 100vw, 800px\" \/><\/a><figcaption class=\"wp-element-caption\"><sub>Bolo de anivers\u00e1rio dos 60 anos da Globo: Beto Jambeiro vence concurso do Mais Voc\u00ea \u2014 Foto: Globo<\/sub><\/figcaption><\/figure>\n\n\n\n<p>O confeiteiro Beto Jambeiro se tornou nesta sexta-feira (25), o terceiro bonfinense a trazer para Senhor do Bonfim um t\u00edtulo nacional. Ele foi o campe\u00e3o do concurso do bolo de anivers\u00e1rio de 60 anos da TV Globo, realizado no Programa Mais Voc\u00ea, da renomada apresentadora Ana Maria Braga.<\/p>\n\n\n\n<p>O bolo de Beto, criado especialmente para comemorar os 60 anos da emissora, foi escolhido o melhor atrav\u00e9s de votos dos jurados e do p\u00fablico de todo o Brasil. O confeiteiro tamb\u00e9m ganha o pr\u00eamio de 60 mil reais. Com o dinheiro, ele pretende colocar novas telhas na casa em que vive em Senhor do Bonfim, segundo relatou no programa.<\/p>\n\n\n\n<p><a href=\"https:\/\/whatsapp.com\/channel\/0029VaAT7tDLI8Yfj5y9Z50Z\"><strong><mark style=\"background-color:rgba(0, 0, 0, 0)\" class=\"has-inline-color has-vivid-red-color\">Siga nosso canal no WhatsApp e veja mais not\u00edcias<\/mark><\/strong><\/a><\/p>\n\n\n\n<p>Segundo o &#8220;Receitas&#8221;, durante a competi\u00e7\u00e3o para eleger o bolo oficial do anivers\u00e1rio da emissora, Beto Jambeiro preparou dois bolos art\u00edsticos: o bolo com recheio de doce de leite e mix de castanhas e o bolo marmorizado com brigadeiro e coco fresco.<\/p>\n\n\n\n<p>Na fase eliminat\u00f3ria, cada confeiteiro preparou seu bolo sozinho. Dessa vez, cada finalista levou um ajudante para auxiliar na decora\u00e7\u00e3o do bolo.<\/p>\n\n\n\n<p>Os jurados votaram pela apar\u00eancia e pelo sabor do bolo. Na primeira eliminat\u00f3ria, o trio de jurados foi formado por Flavio Federico &#8211; jurado fixo -, Mateus Solano e Ana Salinas. Na etapa final do concurso, a atriz Isabel Teixeira e Lucas Corazza &#8211; confeiteiro e tamb\u00e9m jurado do Que Seja Doce &#8211; se uniram a Flavio Federico. Na \u00faltima etapa do concurso, o p\u00fablico votou e deu um ponto extra.<\/p>\n\n\n\n<p>Beto Jambeiro competiu com Carol Niwa e Mary Costa na grande final. No total, ele obteve 30,5 pontos.<\/p>\n\n\n\n<p>De acordo com a emissora, nove confeiteiros de diferentes regi\u00f5es do Brasil participaram do concurso do Mais Voc\u00ea. A iniciativa faz parte das comemora\u00e7\u00f5es das seis d\u00e9cadas da Globo. Uma programa\u00e7\u00e3o especial foi criada para celebrar a hist\u00f3ria da emissora. A programa\u00e7\u00e3o especial come\u00e7ou na quinta (24) e terminar\u00e1 na segunda (28). Ser\u00e3o 60 horas percorrendo o passado, o presente e o futuro da televis\u00e3o, em um fim de semana repleto de homenagens que convidam o p\u00fablico a reviver momentos inesquec\u00edveis.<\/p>\n\n\n\n<h4 class=\"wp-block-heading\"><strong><mark style=\"background-color:rgba(0, 0, 0, 0)\" class=\"has-inline-color has-black-color\">Outros bonfinenses trouxeram t\u00edtulos nacionais para a cidade<\/mark><\/strong><\/h4>\n\n\n\n<figure class=\"wp-block-gallery aligncenter has-nested-images columns-default is-cropped wp-block-gallery-1 is-layout-flex wp-block-gallery-is-layout-flex\">\n<figure class=\"wp-block-image size-large\"><a href=\"https:\/\/i0.wp.com\/blogdoeloiltoncajuhy.com.br\/site\/wp-content\/uploads\/2025\/04\/bobo_bahia.webp?ssl=1\"><img data-recalc-dims=\"1\" decoding=\"async\" width=\"300\" height=\"316\" data-id=\"87306\" src=\"https:\/\/i0.wp.com\/blogdoeloiltoncajuhy.com.br\/site\/wp-content\/uploads\/2025\/04\/bobo_bahia.webp?resize=300%2C316&#038;ssl=1\" alt=\"\" class=\"wp-image-87306\" srcset=\"https:\/\/i0.wp.com\/blogdoeloiltoncajuhy.com.br\/site\/wp-content\/uploads\/2025\/04\/bobo_bahia.webp?w=300&amp;ssl=1 300w, https:\/\/i0.wp.com\/blogdoeloiltoncajuhy.com.br\/site\/wp-content\/uploads\/2025\/04\/bobo_bahia.webp?resize=285%2C300&amp;ssl=1 285w\" sizes=\"(max-width: 300px) 100vw, 300px\" \/><\/a><\/figure>\n\n\n\n<figure class=\"wp-block-image size-large\"><a href=\"https:\/\/i0.wp.com\/blogdoeloiltoncajuhy.com.br\/site\/wp-content\/uploads\/2023\/07\/BONFIM_HENRIQUE-LIMA-2-080723.jpeg?ssl=1\"><img data-recalc-dims=\"1\" decoding=\"async\" width=\"771\" height=\"452\" data-id=\"75269\" src=\"https:\/\/i0.wp.com\/blogdoeloiltoncajuhy.com.br\/site\/wp-content\/uploads\/2023\/07\/BONFIM_HENRIQUE-LIMA-2-080723.jpeg?resize=771%2C452&#038;ssl=1\" alt=\"\" class=\"wp-image-75269\" srcset=\"https:\/\/i0.wp.com\/blogdoeloiltoncajuhy.com.br\/site\/wp-content\/uploads\/2023\/07\/BONFIM_HENRIQUE-LIMA-2-080723.jpeg?w=771&amp;ssl=1 771w, https:\/\/i0.wp.com\/blogdoeloiltoncajuhy.com.br\/site\/wp-content\/uploads\/2023\/07\/BONFIM_HENRIQUE-LIMA-2-080723.jpeg?resize=300%2C176&amp;ssl=1 300w, https:\/\/i0.wp.com\/blogdoeloiltoncajuhy.com.br\/site\/wp-content\/uploads\/2023\/07\/BONFIM_HENRIQUE-LIMA-2-080723.jpeg?resize=768%2C450&amp;ssl=1 768w\" sizes=\"(max-width: 771px) 100vw, 771px\" \/><\/a><\/figure>\n<\/figure>\n\n\n\n<p>Beto Jambeiro, vencedor do concurso do bolo oficial de anivers\u00e1rio da Globo, se junta a outros dois bonfinenses que obtiveram conquistas de reconhecimento nacional para a cidade de Senhor do Bonfim: em 1989, Bob\u00f4, jogando pelo Bahia, sagrou-se Campe\u00e3o Brasileiro de Futebol; em 09 de julho de 2023, Henrique Lima, ent\u00e3o com 14 anos, venceu o The Voice Kids da Rede Globo.<\/p>\n\n\n\n<p>Esses tr\u00eas somam um conjunto de talentos bonfinenses que t\u00eam carreiras reconhecidas. E que outros surjam para elevar ainda mais o nome desta terra aben\u00e7oada pelo Senhor do Bonfim.<\/p>\n","protected":false},"excerpt":{"rendered":"<p>Confeiteiro bonfinense venceu o concurso do bolo de anivers\u00e1rio de 60 anos da TV Globo. Por Blog do Eloilton Cajuhy &#8211; BEC O confeiteiro Beto Jambeiro se tornou nesta sexta-feira (25), o terceiro bonfinense a trazer para Senhor do Bonfim um t\u00edtulo nacional. Ele foi o campe\u00e3o do concurso do bolo de anivers\u00e1rio de 60 [&hellip;]<\/p>\n","protected":false},"author":2,"featured_media":87305,"comment_status":"open","ping_status":"open","sticky":false,"template":"","format":"standard","meta":{"_acf_changed":false,"_monsterinsights_skip_tracking":false,"_monsterinsights_sitenote_active":false,"_monsterinsights_sitenote_note":"","_monsterinsights_sitenote_category":0,"_jetpack_memberships_contains_paid_content":false,"footnotes":"","jetpack_publicize_message":"","jetpack_publicize_feature_enabled":true,"jetpack_social_post_already_shared":true,"jetpack_social_options":{"image_generator_settings":{"template":"highway","default_image_id":0,"font":"","enabled":false},"version":2}},"categories":[4],"tags":[],"class_list":["post-87304","post","type-post","status-publish","format-standard","has-post-thumbnail","hentry","category-local"],"acf":[],"jetpack_publicize_connections":[],"jetpack_featured_media_url":"https:\/\/i0.wp.com\/blogdoeloiltoncajuhy.com.br\/site\/wp-content\/uploads\/2025\/04\/Bolo-de-aniversario-dos-60-anos-da-Globo-Beto-Jambeiro-vence-concurso-do-Mais-Voce-%E2%80%94-Foto-Globo.jpeg?fit=984%2C471&ssl=1","jetpack_sharing_enabled":true,"publishpress_future_workflow_manual_trigger":{"enabledWorkflows":[]},"_links":{"self":[{"href":"https:\/\/blogdoeloiltoncajuhy.com.br\/site\/wp-json\/wp\/v2\/posts\/87304","targetHints":{"allow":["GET"]}}],"collection":[{"href":"https:\/\/blogdoeloiltoncajuhy.com.br\/site\/wp-json\/wp\/v2\/posts"}],"about":[{"href":"https:\/\/blogdoeloiltoncajuhy.com.br\/site\/wp-json\/wp\/v2\/types\/post"}],"author":[{"embeddable":true,"href":"https:\/\/blogdoeloiltoncajuhy.com.br\/site\/wp-json\/wp\/v2\/users\/2"}],"replies":[{"embeddable":true,"href":"https:\/\/blogdoeloiltoncajuhy.com.br\/site\/wp-json\/wp\/v2\/comments?post=87304"}],"version-history":[{"count":1,"href":"https:\/\/blogdoeloiltoncajuhy.com.br\/site\/wp-json\/wp\/v2\/posts\/87304\/revisions"}],"predecessor-version":[{"id":87307,"href":"https:\/\/blogdoeloiltoncajuhy.com.br\/site\/wp-json\/wp\/v2\/posts\/87304\/revisions\/87307"}],"wp:featuredmedia":[{"embeddable":true,"href":"https:\/\/blogdoeloiltoncajuhy.com.br\/site\/wp-json\/wp\/v2\/media\/87305"}],"wp:attachment":[{"href":"https:\/\/blogdoeloiltoncajuhy.com.br\/site\/wp-json\/wp\/v2\/media?parent=87304"}],"wp:term":[{"taxonomy":"category","embeddable":true,"href":"https:\/\/blogdoeloiltoncajuhy.com.br\/site\/wp-json\/wp\/v2\/categories?post=87304"},{"taxonomy":"post_tag","embeddable":true,"href":"https:\/\/blogdoeloiltoncajuhy.com.br\/site\/wp-json\/wp\/v2\/tags?post=87304"}],"curies":[{"name":"wp","href":"https:\/\/api.w.org\/{rel}","templated":true}]}}