{"id":87300,"date":"2025-04-25T16:38:42","date_gmt":"2025-04-25T19:38:42","guid":{"rendered":"https:\/\/blogdoeloiltoncajuhy.com.br\/site\/?p=87300"},"modified":"2025-04-25T16:40:06","modified_gmt":"2025-04-25T19:40:06","slug":"encontros-regionais-senhor-do-bonfim-recebera-evento-dos-mandatos-dos-deputados-daniel-almeida-e-bobo-neste-domingo-27","status":"publish","type":"post","link":"https:\/\/blogdoeloiltoncajuhy.com.br\/site\/encontros-regionais-senhor-do-bonfim-recebera-evento-dos-mandatos-dos-deputados-daniel-almeida-e-bobo-neste-domingo-27\/","title":{"rendered":"Encontros regionais: Senhor do Bonfim receber\u00e1 evento dos mandatos dos deputados Daniel Almeida e Bob\u00f4 neste domingo (27)"},"content":{"rendered":"\n<p><strong>Blog do Eloilton Cajuhy \u2013 BEC<\/strong><\/p>\n\n\n\n<p><a href=\"https:\/\/whatsapp.com\/channel\/0029VaAT7tDLI8Yfj5y9Z50Z\"><strong><mark style=\"background-color:rgba(0, 0, 0, 0)\" class=\"has-inline-color has-vivid-red-color\">Siga nosso canal no WhatsApp e veja mais not\u00edcias<\/mark><\/strong><\/a><\/p>\n\n\n\n<figure class=\"wp-block-image aligncenter size-full\"><a href=\"https:\/\/i0.wp.com\/blogdoeloiltoncajuhy.com.br\/site\/wp-content\/uploads\/2025\/04\/Daniel-Almeida-e-Bobo_2025-04-25.jpeg?ssl=1\"><img data-recalc-dims=\"1\" fetchpriority=\"high\" decoding=\"async\" width=\"800\" height=\"343\" src=\"https:\/\/i0.wp.com\/blogdoeloiltoncajuhy.com.br\/site\/wp-content\/uploads\/2025\/04\/Daniel-Almeida-e-Bobo_2025-04-25.jpeg?resize=800%2C343&#038;ssl=1\" alt=\"\" class=\"wp-image-87301\" srcset=\"https:\/\/i0.wp.com\/blogdoeloiltoncajuhy.com.br\/site\/wp-content\/uploads\/2025\/04\/Daniel-Almeida-e-Bobo_2025-04-25.jpeg?w=1002&amp;ssl=1 1002w, https:\/\/i0.wp.com\/blogdoeloiltoncajuhy.com.br\/site\/wp-content\/uploads\/2025\/04\/Daniel-Almeida-e-Bobo_2025-04-25.jpeg?resize=300%2C128&amp;ssl=1 300w, https:\/\/i0.wp.com\/blogdoeloiltoncajuhy.com.br\/site\/wp-content\/uploads\/2025\/04\/Daniel-Almeida-e-Bobo_2025-04-25.jpeg?resize=768%2C329&amp;ssl=1 768w\" sizes=\"(max-width: 800px) 100vw, 800px\" \/><\/a><figcaption class=\"wp-element-caption\"><sub>Encontro Regional e Lan\u00e7amento do livro Daniel Almeida: A trajet\u00f3ria de um brasileiro socialista<\/sub><\/figcaption><\/figure>\n\n\n\n<p>O audit\u00f3rio da Univasf de Senhor do Bonfim receber\u00e1 no pr\u00f3ximo domingo (27), a partir das 9h, o encontro regional realizado pelos deputados estadual Bob\u00f4 e federal Daniel Almeida. O evento servir\u00e1 para ampliar o di\u00e1logo com lideran\u00e7as pol\u00edticas, movimentos sociais e a popula\u00e7\u00e3o local, discutindo os desafios e os rumos da cidade. Al\u00e9m de um debate sobre a conjuntura pol\u00edtica local e nacional, ser\u00e1 lan\u00e7ado o livro <strong>Daniel Almeida: A trajet\u00f3ria de um brasileiro socialista<\/strong>.<\/p>\n\n\n\n<p>Os deputados est\u00e3o percorrendo algumas cidades do interior da Bahia para realizar os encontros regionais com a presen\u00e7a de lideran\u00e7as pol\u00edticas locais, sindicatos, movimentos populares, produtores da agricultura familiar, esportistas, estudantes e militantes comprometidos em construir um projeto de desenvolvimento efetivo para a cidade e o estado.<\/p>\n\n\n\n<blockquote class=\"wp-block-quote is-layout-flow wp-block-quote-is-layout-flow\">\n<p><strong><mark style=\"background-color:rgba(0, 0, 0, 0)\" class=\"has-inline-color has-black-color\">\u201cReunir lideran\u00e7as e movimentos sociais da regi\u00e3o em Senhor do Bonfim tem um significado especial. Sou filho desta terra e trago no cora\u00e7\u00e3o a responsabilidade de retribuir, com trabalho e compromisso, tudo o que ela representa na minha jornada. Esse encontro \u00e9 mais uma oportunidade de escuta, de constru\u00e7\u00e3o coletiva e de reafirma\u00e7\u00e3o do nosso compromisso com um projeto de desenvolvimento justo, humano e sustent\u00e1vel para o Piemonte Norte do Itapicuru e para toda a Bahia\u201d, destacou Bob\u00f4.<\/mark><\/strong><\/p>\n<\/blockquote>\n\n\n\n<p>O deputado federal Daniel Almeida explicou a import\u00e2ncia dos encontros como instrumentos de articula\u00e7\u00e3o pol\u00edtica, aproxima\u00e7\u00e3o com a base social, na constru\u00e7\u00e3o de um projeto pol\u00edtico transformador e no fortalecimento da democracia.<\/p>\n\n\n\n<blockquote class=\"wp-block-quote is-layout-flow wp-block-quote-is-layout-flow\">\n<p><strong><mark style=\"background-color:rgba(0, 0, 0, 0)\" class=\"has-inline-color has-black-color\">\u201cVivemos um momento decisivo para o Brasil, em que \u00e9 fundamental fortalecer o di\u00e1logo com a sociedade e construir solu\u00e7\u00f5es coletivas para os desafios do presente e do futuro. Esses encontros est\u00e3o sendo espa\u00e7os de debate, troca de ideias e fortalecimento da nossa caminhada por um pa\u00eds mais justo e igualit\u00e1rio\u201d.<\/mark><\/strong><\/p>\n<\/blockquote>\n\n\n\n<p>O livro <strong>Daniel Almeida: A trajet\u00f3ria de um brasileiro socialista<\/strong> resgata a caminhada pol\u00edtica do deputado, desde sua juventude no movimento estudantil at\u00e9 sua atua\u00e7\u00e3o no Congresso Nacional. A obra celebra os 70 anos do parlamentar e apresenta relatos sobre sua contribui\u00e7\u00e3o na defesa dos direitos trabalhistas, da educa\u00e7\u00e3o p\u00fablica, da industrializa\u00e7\u00e3o do Brasil e de uma pol\u00edtica econ\u00f4mica voltada para o desenvolvimento social.<\/p>\n\n\n\n<h2 class=\"wp-block-heading\"><strong><mark style=\"background-color:rgba(0, 0, 0, 0)\" class=\"has-inline-color has-luminous-vivid-orange-color\">SERVI\u00c7O:<\/mark><\/strong><\/h2>\n\n\n\n<ul class=\"wp-block-list\">\n<li><mark style=\"background-color:rgba(0, 0, 0, 0)\" class=\"has-inline-color has-black-color\"><strong>Encontro Regional e Lan\u00e7amento do livro Daniel Almeida: A trajet\u00f3ria de um brasileiro socialista<\/strong><br><\/mark><\/li>\n<\/ul>\n\n\n\n<ul class=\"wp-block-list\">\n<li><strong><mark style=\"background-color:rgba(0, 0, 0, 0)\" class=\"has-inline-color has-black-color\">Data:<\/mark><\/strong> 27 de abril (domingo)<br><\/li>\n<\/ul>\n\n\n\n<ul class=\"wp-block-list\">\n<li><strong><mark style=\"background-color:rgba(0, 0, 0, 0)\" class=\"has-inline-color has-black-color\">Hor\u00e1rio:<\/mark><\/strong> 9h<\/li>\n<\/ul>\n\n\n\n<ul class=\"wp-block-list\">\n<li><strong><mark style=\"background-color:rgba(0, 0, 0, 0)\" class=\"has-inline-color has-black-color\">Local:<\/mark><\/strong> Univasf (Campus Senhor do Bonfim)<\/li>\n<\/ul>\n","protected":false},"excerpt":{"rendered":"<p>Blog do Eloilton Cajuhy \u2013 BEC Siga nosso canal no WhatsApp e veja mais not\u00edcias O audit\u00f3rio da Univasf de Senhor do Bonfim receber\u00e1 no pr\u00f3ximo domingo (27), a partir das 9h, o encontro regional realizado pelos deputados estadual Bob\u00f4 e federal Daniel Almeida. O evento servir\u00e1 para ampliar o di\u00e1logo com lideran\u00e7as pol\u00edticas, movimentos [&hellip;]<\/p>\n","protected":false},"author":2,"featured_media":87301,"comment_status":"open","ping_status":"open","sticky":false,"template":"","format":"standard","meta":{"_acf_changed":false,"_monsterinsights_skip_tracking":false,"_monsterinsights_sitenote_active":false,"_monsterinsights_sitenote_note":"","_monsterinsights_sitenote_category":0,"_jetpack_memberships_contains_paid_content":false,"footnotes":"","jetpack_publicize_message":"","jetpack_publicize_feature_enabled":true,"jetpack_social_post_already_shared":true,"jetpack_social_options":{"image_generator_settings":{"template":"highway","default_image_id":0,"font":"","enabled":false},"version":2}},"categories":[4],"tags":[],"class_list":["post-87300","post","type-post","status-publish","format-standard","has-post-thumbnail","hentry","category-local"],"acf":[],"jetpack_publicize_connections":[],"jetpack_featured_media_url":"https:\/\/i0.wp.com\/blogdoeloiltoncajuhy.com.br\/site\/wp-content\/uploads\/2025\/04\/Daniel-Almeida-e-Bobo_2025-04-25.jpeg?fit=1002%2C429&ssl=1","jetpack_sharing_enabled":true,"publishpress_future_workflow_manual_trigger":{"enabledWorkflows":[]},"_links":{"self":[{"href":"https:\/\/blogdoeloiltoncajuhy.com.br\/site\/wp-json\/wp\/v2\/posts\/87300","targetHints":{"allow":["GET"]}}],"collection":[{"href":"https:\/\/blogdoeloiltoncajuhy.com.br\/site\/wp-json\/wp\/v2\/posts"}],"about":[{"href":"https:\/\/blogdoeloiltoncajuhy.com.br\/site\/wp-json\/wp\/v2\/types\/post"}],"author":[{"embeddable":true,"href":"https:\/\/blogdoeloiltoncajuhy.com.br\/site\/wp-json\/wp\/v2\/users\/2"}],"replies":[{"embeddable":true,"href":"https:\/\/blogdoeloiltoncajuhy.com.br\/site\/wp-json\/wp\/v2\/comments?post=87300"}],"version-history":[{"count":2,"href":"https:\/\/blogdoeloiltoncajuhy.com.br\/site\/wp-json\/wp\/v2\/posts\/87300\/revisions"}],"predecessor-version":[{"id":87303,"href":"https:\/\/blogdoeloiltoncajuhy.com.br\/site\/wp-json\/wp\/v2\/posts\/87300\/revisions\/87303"}],"wp:featuredmedia":[{"embeddable":true,"href":"https:\/\/blogdoeloiltoncajuhy.com.br\/site\/wp-json\/wp\/v2\/media\/87301"}],"wp:attachment":[{"href":"https:\/\/blogdoeloiltoncajuhy.com.br\/site\/wp-json\/wp\/v2\/media?parent=87300"}],"wp:term":[{"taxonomy":"category","embeddable":true,"href":"https:\/\/blogdoeloiltoncajuhy.com.br\/site\/wp-json\/wp\/v2\/categories?post=87300"},{"taxonomy":"post_tag","embeddable":true,"href":"https:\/\/blogdoeloiltoncajuhy.com.br\/site\/wp-json\/wp\/v2\/tags?post=87300"}],"curies":[{"name":"wp","href":"https:\/\/api.w.org\/{rel}","templated":true}]}}