{"id":87296,"date":"2025-04-25T08:46:10","date_gmt":"2025-04-25T11:46:10","guid":{"rendered":"https:\/\/blogdoeloiltoncajuhy.com.br\/site\/?p=87296"},"modified":"2025-04-25T08:46:11","modified_gmt":"2025-04-25T11:46:11","slug":"mar-de-fieis-faz-fila-no-ultimo-dia-de-velorio-do-papa-francisco-mais-de-120-mil-ja-prestaram-homenagens-diz-vaticano","status":"publish","type":"post","link":"https:\/\/blogdoeloiltoncajuhy.com.br\/site\/mar-de-fieis-faz-fila-no-ultimo-dia-de-velorio-do-papa-francisco-mais-de-120-mil-ja-prestaram-homenagens-diz-vaticano\/","title":{"rendered":"&#8216;Mar de fi\u00e9is&#8217; faz fila no \u00faltimo dia de vel\u00f3rio do papa Francisco; mais de 120 mil j\u00e1 prestaram homenagens, diz Vaticano"},"content":{"rendered":"\n<p class=\"has-medium-font-size\"><strong>Portas da Bas\u00edlica de S\u00e3o Pedro foram abertas \u00e0s 2h, no hor\u00e1rio de Bras\u00edlia, desta sexta (25), para o terceiro e \u00faltimo dia do vel\u00f3rio do pont\u00edfice, morto na segunda-feira. Visita\u00e7\u00e3o se encerra \u00e0s 14h (no hor\u00e1rio de Bras\u00edlia), sem extens\u00e3o, informou a Santa S\u00e9.<\/strong><\/p>\n\n\n\n<p><strong>Por g1<\/strong><\/p>\n\n\n\n<figure class=\"wp-block-image aligncenter size-full\"><a href=\"https:\/\/i0.wp.com\/blogdoeloiltoncajuhy.com.br\/site\/wp-content\/uploads\/2025\/04\/Fieis-fazem-fila-na-Praca-de-Sao-Pedro-%E2%80%94-Foto-REUTERS-Dylan-Martinez.png?ssl=1\"><img data-recalc-dims=\"1\" fetchpriority=\"high\" decoding=\"async\" width=\"800\" height=\"509\" src=\"https:\/\/i0.wp.com\/blogdoeloiltoncajuhy.com.br\/site\/wp-content\/uploads\/2025\/04\/Fieis-fazem-fila-na-Praca-de-Sao-Pedro-%E2%80%94-Foto-REUTERS-Dylan-Martinez.png?resize=800%2C509&#038;ssl=1\" alt=\"\" class=\"wp-image-87297\" srcset=\"https:\/\/i0.wp.com\/blogdoeloiltoncajuhy.com.br\/site\/wp-content\/uploads\/2025\/04\/Fieis-fazem-fila-na-Praca-de-Sao-Pedro-%E2%80%94-Foto-REUTERS-Dylan-Martinez.png?w=820&amp;ssl=1 820w, https:\/\/i0.wp.com\/blogdoeloiltoncajuhy.com.br\/site\/wp-content\/uploads\/2025\/04\/Fieis-fazem-fila-na-Praca-de-Sao-Pedro-%E2%80%94-Foto-REUTERS-Dylan-Martinez.png?resize=300%2C191&amp;ssl=1 300w, https:\/\/i0.wp.com\/blogdoeloiltoncajuhy.com.br\/site\/wp-content\/uploads\/2025\/04\/Fieis-fazem-fila-na-Praca-de-Sao-Pedro-%E2%80%94-Foto-REUTERS-Dylan-Martinez.png?resize=768%2C489&amp;ssl=1 768w\" sizes=\"(max-width: 800px) 100vw, 800px\" \/><\/a><figcaption class=\"wp-element-caption\"><sub>Fi\u00e9is fazem fila na Pra\u00e7a de S\u00e3o Pedro para visitar o caix\u00e3o do papa Francisco na Bas\u00edlica de S\u00e3o Pedro em 25 de abril de 2025 \u2014 Foto: REUTERS\/Dylan Martinez<\/sub><\/figcaption><\/figure>\n\n\n\n<p>Uma multid\u00e3o de fi\u00e9is faz fila para visitar o caix\u00e3o do papa Francisco na bas\u00edlica de S\u00e3o Pedro, no Vaticano, no \u00faltimo dia de vel\u00f3rio p\u00fablico. Mais de 120 mil j\u00e1 prestaram suas homenagens ao pont\u00edfice, e a visita\u00e7\u00e3o p\u00fablica se encerra \u00e0s 14h no hor\u00e1rio de Bras\u00edlia (8h no hor\u00e1rio local), sem extens\u00e3o de hor\u00e1rio, anunciou o Vaticano.<\/p>\n\n\n\n<p><a href=\"https:\/\/whatsapp.com\/channel\/0029VaAT7tDLI8Yfj5y9Z50Z\"><strong><mark style=\"background-color:rgba(0, 0, 0, 0)\" class=\"has-inline-color has-vivid-red-color\">Siga nosso canal no WhatsApp e veja mais not\u00edcias<\/mark><\/strong><\/a><\/p>\n\n\n\n<p>O balan\u00e7o de visitantes foi divulgado enquanto milhares de pessoas continuam esperando em longas filas para prestar suas homenagens ao primeiro pont\u00edfice latino-americano. Ao todo, 128 mil fi\u00e9is j\u00e1 passaram pelo vel\u00f3rio at\u00e9 as 3h desta sexta-feira (8h no hor\u00e1rio local), segundo o Vaticano.<\/p>\n\n\n\n<p>As portas da Bas\u00edlica de S\u00e3o Pedro foram abertas ao p\u00fablico para o \u00faltimo dia de vel\u00f3rio \u00e0s 0h50 desta sexta (25), no hor\u00e1rio de Bras\u00edlia (7h no hor\u00e1rio local). A cerim\u00f4nia se encerrar\u00e1 \u00e0s 14h no hor\u00e1rio de Bras\u00edlia, 20h no hor\u00e1rio local de Roma.<\/p>\n\n\n\n<blockquote class=\"wp-block-quote is-layout-flow wp-block-quote-is-layout-flow\">\n<p><strong><mark style=\"background-color:rgba(0, 0, 0, 0)\" class=\"has-inline-color has-black-color\">Segundo o rep\u00f3rter da TV Globo Leonardo Monteiro, que est\u00e1 no Vaticano, nesta sexta-feira tem muito mais gente do que ontem na fila por conta de um feriado nacional na It\u00e1lia. Os italianos comemoram nesta sexta o Dia da Liberta\u00e7\u00e3o, dos 80 anos do fim do regime fascista de Benito Mussolini.<\/mark><\/strong><\/p>\n<\/blockquote>\n\n\n\n<p>Por conta da grande quantidade de fi\u00e9is que fazem fila para visitar o caix\u00e3o do papa Francisco, a bas\u00edlica ficou aberta at\u00e9 as 2h30 e reabriu \u00e0s 5h40, no hor\u00e1rio local (21h30 de quinta e 0h40, respectivamente, no hor\u00e1rio de Bras\u00edlia), o que adicionou pouco mais de quatro horas de visita\u00e7\u00e3o, segundo o Vaticano.<\/p>\n\n\n\n<p>Uma medida similar foi adotada pelo Vaticano durante a madrugada do primeiro para o segundo dia do vel\u00f3rio, em que a bas\u00edlica ficou fechada apenas durante 1h30 para limpeza. Cerca de 13 mil fi\u00e9is visitaram o caix\u00e3o do papa nessa madrugada.<\/p>\n\n\n\n<p>Ainda n\u00e3o se sabe se o Vaticano pretende estender o vel\u00f3rio p\u00fablico de Francisco para al\u00e9m das 14h no hor\u00e1rio de Bras\u00edlia, por conta das filas. O fechamento do caix\u00e3o do pont\u00edfice, em cerim\u00f4nia fechada, est\u00e1 marcada para uma hora depois, as 15h.<\/p>\n\n\n\n<h4 class=\"wp-block-heading\"><strong><mark style=\"background-color:rgba(0, 0, 0, 0)\" class=\"has-inline-color has-black-color\">Vel\u00f3rio p\u00fablico<\/mark><\/strong><\/h4>\n\n\n\n<p>A Bas\u00edlica de S\u00e3o pedro foi reaberta ao p\u00fablico que deseja se despedir do papa Francisco \u00e0s 2h desta sexta (24), no hor\u00e1rio de Bras\u00edlia (7h no hor\u00e1rio local). Este \u00e9 o terceiro dia do vel\u00f3rio do pont\u00edfice que se encerra nesta sexta (25), \u00e0s 14h tamb\u00e9m no hor\u00e1rio de Bras\u00edlia.<\/p>\n\n\n\n<p>No primeiro dia da cerim\u00f4nia, o fechamento da bas\u00edlica teve que ser adiado em raz\u00e3o do grande n\u00famero de fi\u00e9is que ainda estavam na fila. O fechamento oficial ocorreu por volta das 20h50, no hor\u00e1rio de Bras\u00edlia, quase duas horas depois do previsto. Durante a tarde, o Vaticano informou que mais de 20 mil pessoas j\u00e1 haviam passado pela Bas\u00edlia de S\u00e3o Pedro.<\/p>\n\n\n\n<p>O sepultamento de Francisco ser\u00e1 neste s\u00e1bado \u00e0s 5h. <a href=\"https:\/\/g1.globo.com\/mundo\/noticia\/2025\/04\/25\/do-fechamento-do-caixao-ao-sepultamento-veja-passo-a-passo-como-sera-o-funeral-do-papa-francisco.ghtml\"><strong><mark style=\"background-color:rgba(0, 0, 0, 0)\" class=\"has-inline-color has-vivid-cyan-blue-color\">Veja aqui o passo a passo de como ser\u00e3o as cerim\u00f4nias<\/mark><\/strong><\/a>.<\/p>\n\n\n\n<p>A grande fila para visitar o caix\u00e3o do papa continua grande neste terceiro dia de vel\u00f3rio. No primeiro dia, as visitas se estenderam por quase duas horas al\u00e9m do hor\u00e1rio previsto.<\/p>\n\n\n\n<figure class=\"wp-block-image aligncenter size-full\"><a href=\"https:\/\/i0.wp.com\/blogdoeloiltoncajuhy.com.br\/site\/wp-content\/uploads\/2025\/04\/2o-dia-de-velorio-do-papa-Francisco-%E2%80%94-Foto-Reuters-e-AFP.png?ssl=1\"><img data-recalc-dims=\"1\" decoding=\"async\" width=\"800\" height=\"536\" src=\"https:\/\/i0.wp.com\/blogdoeloiltoncajuhy.com.br\/site\/wp-content\/uploads\/2025\/04\/2o-dia-de-velorio-do-papa-Francisco-%E2%80%94-Foto-Reuters-e-AFP.png?resize=800%2C536&#038;ssl=1\" alt=\"\" class=\"wp-image-87298\" srcset=\"https:\/\/i0.wp.com\/blogdoeloiltoncajuhy.com.br\/site\/wp-content\/uploads\/2025\/04\/2o-dia-de-velorio-do-papa-Francisco-%E2%80%94-Foto-Reuters-e-AFP.png?w=822&amp;ssl=1 822w, https:\/\/i0.wp.com\/blogdoeloiltoncajuhy.com.br\/site\/wp-content\/uploads\/2025\/04\/2o-dia-de-velorio-do-papa-Francisco-%E2%80%94-Foto-Reuters-e-AFP.png?resize=300%2C201&amp;ssl=1 300w, https:\/\/i0.wp.com\/blogdoeloiltoncajuhy.com.br\/site\/wp-content\/uploads\/2025\/04\/2o-dia-de-velorio-do-papa-Francisco-%E2%80%94-Foto-Reuters-e-AFP.png?resize=768%2C515&amp;ssl=1 768w\" sizes=\"(max-width: 800px) 100vw, 800px\" \/><\/a><figcaption class=\"wp-element-caption\"><sub>2\u00ba dia de vel\u00f3rio do papa Francisco \u2014 Foto: Reuters e AFP<\/sub><\/figcaption><\/figure>\n","protected":false},"excerpt":{"rendered":"<p>Portas da Bas\u00edlica de S\u00e3o Pedro foram abertas \u00e0s 2h, no hor\u00e1rio de Bras\u00edlia, desta sexta (25), para o terceiro e \u00faltimo dia do vel\u00f3rio do pont\u00edfice, morto na segunda-feira. Visita\u00e7\u00e3o se encerra \u00e0s 14h (no hor\u00e1rio de Bras\u00edlia), sem extens\u00e3o, informou a Santa S\u00e9. Por g1 Uma multid\u00e3o de fi\u00e9is faz fila para visitar [&hellip;]<\/p>\n","protected":false},"author":2,"featured_media":87297,"comment_status":"open","ping_status":"open","sticky":false,"template":"","format":"standard","meta":{"_acf_changed":false,"_monsterinsights_skip_tracking":false,"_monsterinsights_sitenote_active":false,"_monsterinsights_sitenote_note":"","_monsterinsights_sitenote_category":0,"_jetpack_memberships_contains_paid_content":false,"footnotes":"","jetpack_publicize_message":"","jetpack_publicize_feature_enabled":true,"jetpack_social_post_already_shared":true,"jetpack_social_options":{"image_generator_settings":{"template":"highway","default_image_id":0,"font":"","enabled":false},"version":2}},"categories":[1],"tags":[],"class_list":["post-87296","post","type-post","status-publish","format-standard","has-post-thumbnail","hentry","category-noticias"],"acf":[],"jetpack_publicize_connections":[],"jetpack_featured_media_url":"https:\/\/i0.wp.com\/blogdoeloiltoncajuhy.com.br\/site\/wp-content\/uploads\/2025\/04\/Fieis-fazem-fila-na-Praca-de-Sao-Pedro-%E2%80%94-Foto-REUTERS-Dylan-Martinez.png?fit=820%2C522&ssl=1","jetpack_sharing_enabled":true,"publishpress_future_workflow_manual_trigger":{"enabledWorkflows":[]},"_links":{"self":[{"href":"https:\/\/blogdoeloiltoncajuhy.com.br\/site\/wp-json\/wp\/v2\/posts\/87296","targetHints":{"allow":["GET"]}}],"collection":[{"href":"https:\/\/blogdoeloiltoncajuhy.com.br\/site\/wp-json\/wp\/v2\/posts"}],"about":[{"href":"https:\/\/blogdoeloiltoncajuhy.com.br\/site\/wp-json\/wp\/v2\/types\/post"}],"author":[{"embeddable":true,"href":"https:\/\/blogdoeloiltoncajuhy.com.br\/site\/wp-json\/wp\/v2\/users\/2"}],"replies":[{"embeddable":true,"href":"https:\/\/blogdoeloiltoncajuhy.com.br\/site\/wp-json\/wp\/v2\/comments?post=87296"}],"version-history":[{"count":1,"href":"https:\/\/blogdoeloiltoncajuhy.com.br\/site\/wp-json\/wp\/v2\/posts\/87296\/revisions"}],"predecessor-version":[{"id":87299,"href":"https:\/\/blogdoeloiltoncajuhy.com.br\/site\/wp-json\/wp\/v2\/posts\/87296\/revisions\/87299"}],"wp:featuredmedia":[{"embeddable":true,"href":"https:\/\/blogdoeloiltoncajuhy.com.br\/site\/wp-json\/wp\/v2\/media\/87297"}],"wp:attachment":[{"href":"https:\/\/blogdoeloiltoncajuhy.com.br\/site\/wp-json\/wp\/v2\/media?parent=87296"}],"wp:term":[{"taxonomy":"category","embeddable":true,"href":"https:\/\/blogdoeloiltoncajuhy.com.br\/site\/wp-json\/wp\/v2\/categories?post=87296"},{"taxonomy":"post_tag","embeddable":true,"href":"https:\/\/blogdoeloiltoncajuhy.com.br\/site\/wp-json\/wp\/v2\/tags?post=87296"}],"curies":[{"name":"wp","href":"https:\/\/api.w.org\/{rel}","templated":true}]}}