{"id":87293,"date":"2025-04-25T08:23:05","date_gmt":"2025-04-25T11:23:05","guid":{"rendered":"https:\/\/blogdoeloiltoncajuhy.com.br\/site\/?p=87293"},"modified":"2025-04-25T08:23:07","modified_gmt":"2025-04-25T11:23:07","slug":"ex-presidente-fernando-collor-e-preso-apos-decisao-de-moraes-por-condenacao-na-lava-jato","status":"publish","type":"post","link":"https:\/\/blogdoeloiltoncajuhy.com.br\/site\/ex-presidente-fernando-collor-e-preso-apos-decisao-de-moraes-por-condenacao-na-lava-jato\/","title":{"rendered":"Ex-presidente Fernando Collor \u00e9 preso ap\u00f3s decis\u00e3o de Moraes por condena\u00e7\u00e3o na Lava Jato"},"content":{"rendered":"\n<p class=\"has-medium-font-size\"><strong>Pris\u00e3o aconteceu \u00e0s 4h desta sexta-feira (25), em Macei\u00f3. Ex-presidente foi condenado a 8 anos e 10 meses por corrup\u00e7\u00e3o e lavagem de dinheiro; caso envolve propina em neg\u00f3cios da BR Distribuidora.<\/strong><\/p>\n\n\n\n<p><strong>Por g1<\/strong><\/p>\n\n\n\n<figure class=\"wp-block-image aligncenter size-full\"><a href=\"https:\/\/i0.wp.com\/blogdoeloiltoncajuhy.com.br\/site\/wp-content\/uploads\/2025\/04\/Fernando-Collor-%E2%80%94-Foto-Jefferson-Rudy-Agencia-Senado.png?ssl=1\"><img data-recalc-dims=\"1\" fetchpriority=\"high\" decoding=\"async\" width=\"800\" height=\"540\" src=\"https:\/\/i0.wp.com\/blogdoeloiltoncajuhy.com.br\/site\/wp-content\/uploads\/2025\/04\/Fernando-Collor-%E2%80%94-Foto-Jefferson-Rudy-Agencia-Senado.png?resize=800%2C540&#038;ssl=1\" alt=\"\" class=\"wp-image-87294\" srcset=\"https:\/\/i0.wp.com\/blogdoeloiltoncajuhy.com.br\/site\/wp-content\/uploads\/2025\/04\/Fernando-Collor-%E2%80%94-Foto-Jefferson-Rudy-Agencia-Senado.png?w=819&amp;ssl=1 819w, https:\/\/i0.wp.com\/blogdoeloiltoncajuhy.com.br\/site\/wp-content\/uploads\/2025\/04\/Fernando-Collor-%E2%80%94-Foto-Jefferson-Rudy-Agencia-Senado.png?resize=300%2C203&amp;ssl=1 300w, https:\/\/i0.wp.com\/blogdoeloiltoncajuhy.com.br\/site\/wp-content\/uploads\/2025\/04\/Fernando-Collor-%E2%80%94-Foto-Jefferson-Rudy-Agencia-Senado.png?resize=768%2C519&amp;ssl=1 768w\" sizes=\"(max-width: 800px) 100vw, 800px\" \/><\/a><figcaption class=\"wp-element-caption\"><sub>Fernando Collor \u2014 Foto: Jefferson Rudy\/Ag\u00eancia Senado<\/sub><\/figcaption><\/figure>\n\n\n\n<p>O ex-presidente Fernando Collor de Mello foi preso na madrugada desta sexta-feira (25) em Macei\u00f3 (AL). A pris\u00e3o foi determinada pelo ministro do Supremo Tribunal Federal (STF) Alexandre de Moraes, que rejeitou os recursos da defesa contra a condena\u00e7\u00e3o a 8 anos e 10 meses de pris\u00e3o em um desdobramento da Opera\u00e7\u00e3o Lava Jato. Moraes determinou a pris\u00e3o imediata de Collor e o in\u00edcio imediato do cumprimento da pena.<\/p>\n\n\n\n<p>Ele foi preso no aeroporto de Macei\u00f3 quando se preparava para embarcar para Bras\u00edlia. O ex-presidente continuar\u00e1 preso na superintend\u00eancia da Pol\u00edcia Federal (PF) em Macei\u00f3 at\u00e9 que o STF defina o local para cumprimento da pena, segundo o diretor-geral da PF, Andrei Rodrigues.<\/p>\n\n\n\n<p><a href=\"https:\/\/whatsapp.com\/channel\/0029VaAT7tDLI8Yfj5y9Z50Z\"><strong><mark style=\"background-color:rgba(0, 0, 0, 0)\" class=\"has-inline-color has-vivid-red-color\">Siga nosso canal no WhatsApp e veja mais not\u00edcias<\/mark><\/strong><\/a><\/p>\n\n\n\n<p>Collor \u00e9 o terceiro ex-presidente preso desde a redemocratiza\u00e7\u00e3o. Em nota, a defesa dele informou que a pris\u00e3o aconteceu \u00e0s 4h.<\/p>\n\n\n\n<blockquote class=\"wp-block-quote is-layout-flow wp-block-quote-is-layout-flow\">\n<p><strong><mark style=\"background-color:rgba(0, 0, 0, 0)\" class=\"has-inline-color has-black-color\">&#8220;O ex-presidente Fernando Collor de Mello encontra-se custodiado, no momento, na Superintend\u00eancia da Pol\u00edcia Federal na capital alagoana. S\u00e3o estas as informa\u00e7\u00f5es que temos at\u00e9 o momento&#8221;, afirmou a defesa.<\/mark><\/strong><\/p>\n<\/blockquote>\n\n\n\n<p>Collor foi condenado em 2023 por corrup\u00e7\u00e3o e lavagem de dinheiro. Ele \u00e9 acusado de receber R$ 20 milh\u00f5es em propinas por neg\u00f3cios da BR Distribuidora, subsidi\u00e1ria da Petrobras, entre 2010 e 2014.<\/p>\n\n\n\n<p>Na decis\u00e3o de quinta-feira (24), Moraes afirmou que os recursos apresentados pela defesa de Collor tinham car\u00e1ter &#8220;meramente protelat\u00f3rio&#8221;.<\/p>\n\n\n\n<p>A pedido de Moraes, o presidente do STF, ministro Lu\u00eds Roberto Barroso, marcou uma sess\u00e3o em plen\u00e1rio virtual para esta sexta, das 11h \u00e0s 23h59, para que os ministros analisem a decis\u00e3o individual. Enquanto isso, a ordem de pris\u00e3o segue em vigor.<\/p>\n\n\n\n<h4 class=\"wp-block-heading\"><strong><mark style=\"background-color:rgba(0, 0, 0, 0)\" class=\"has-inline-color has-black-color\">Condena\u00e7\u00e3o na Lava Jato<\/mark><\/strong><\/h4>\n\n\n\n<p>Al\u00e9m de Collor, os empres\u00e1rios Luis Pereira Duarte de Amorim e Pedro Paulo Bergamaschi de Leoni Ramos foram condenados pelo recebimento do dinheiro.<\/p>\n\n\n\n<p>A propina seria para viabilizar irregularmente contratos da BR Distribuidora com a UTC Engenharia para a constru\u00e7\u00e3o de bases de distribui\u00e7\u00e3o de combust\u00edveis.<\/p>\n\n\n\n<p>Collor foi denunciado pela Procuradoria-Geral da Rep\u00fablica (PGR) ao STF em agosto de 2015 por corrup\u00e7\u00e3o passiva, lavagem de dinheiro, organiza\u00e7\u00e3o criminosa, peculato e obstru\u00e7\u00e3o de Justi\u00e7a.<\/p>\n","protected":false},"excerpt":{"rendered":"<p>Pris\u00e3o aconteceu \u00e0s 4h desta sexta-feira (25), em Macei\u00f3. Ex-presidente foi condenado a 8 anos e 10 meses por corrup\u00e7\u00e3o e lavagem de dinheiro; caso envolve propina em neg\u00f3cios da BR Distribuidora. Por g1 O ex-presidente Fernando Collor de Mello foi preso na madrugada desta sexta-feira (25) em Macei\u00f3 (AL). A pris\u00e3o foi determinada pelo [&hellip;]<\/p>\n","protected":false},"author":2,"featured_media":87294,"comment_status":"open","ping_status":"open","sticky":false,"template":"","format":"standard","meta":{"_acf_changed":false,"_monsterinsights_skip_tracking":false,"_monsterinsights_sitenote_active":false,"_monsterinsights_sitenote_note":"","_monsterinsights_sitenote_category":0,"_jetpack_memberships_contains_paid_content":false,"footnotes":"","jetpack_publicize_message":"","jetpack_publicize_feature_enabled":true,"jetpack_social_post_already_shared":true,"jetpack_social_options":{"image_generator_settings":{"template":"highway","default_image_id":0,"font":"","enabled":false},"version":2}},"categories":[3],"tags":[],"class_list":["post-87293","post","type-post","status-publish","format-standard","has-post-thumbnail","hentry","category-politica"],"acf":[],"jetpack_publicize_connections":[],"jetpack_featured_media_url":"https:\/\/i0.wp.com\/blogdoeloiltoncajuhy.com.br\/site\/wp-content\/uploads\/2025\/04\/Fernando-Collor-%E2%80%94-Foto-Jefferson-Rudy-Agencia-Senado.png?fit=819%2C553&ssl=1","jetpack_sharing_enabled":true,"publishpress_future_workflow_manual_trigger":{"enabledWorkflows":[]},"_links":{"self":[{"href":"https:\/\/blogdoeloiltoncajuhy.com.br\/site\/wp-json\/wp\/v2\/posts\/87293","targetHints":{"allow":["GET"]}}],"collection":[{"href":"https:\/\/blogdoeloiltoncajuhy.com.br\/site\/wp-json\/wp\/v2\/posts"}],"about":[{"href":"https:\/\/blogdoeloiltoncajuhy.com.br\/site\/wp-json\/wp\/v2\/types\/post"}],"author":[{"embeddable":true,"href":"https:\/\/blogdoeloiltoncajuhy.com.br\/site\/wp-json\/wp\/v2\/users\/2"}],"replies":[{"embeddable":true,"href":"https:\/\/blogdoeloiltoncajuhy.com.br\/site\/wp-json\/wp\/v2\/comments?post=87293"}],"version-history":[{"count":1,"href":"https:\/\/blogdoeloiltoncajuhy.com.br\/site\/wp-json\/wp\/v2\/posts\/87293\/revisions"}],"predecessor-version":[{"id":87295,"href":"https:\/\/blogdoeloiltoncajuhy.com.br\/site\/wp-json\/wp\/v2\/posts\/87293\/revisions\/87295"}],"wp:featuredmedia":[{"embeddable":true,"href":"https:\/\/blogdoeloiltoncajuhy.com.br\/site\/wp-json\/wp\/v2\/media\/87294"}],"wp:attachment":[{"href":"https:\/\/blogdoeloiltoncajuhy.com.br\/site\/wp-json\/wp\/v2\/media?parent=87293"}],"wp:term":[{"taxonomy":"category","embeddable":true,"href":"https:\/\/blogdoeloiltoncajuhy.com.br\/site\/wp-json\/wp\/v2\/categories?post=87293"},{"taxonomy":"post_tag","embeddable":true,"href":"https:\/\/blogdoeloiltoncajuhy.com.br\/site\/wp-json\/wp\/v2\/tags?post=87293"}],"curies":[{"name":"wp","href":"https:\/\/api.w.org\/{rel}","templated":true}]}}