{"id":87253,"date":"2025-04-23T16:18:09","date_gmt":"2025-04-23T19:18:09","guid":{"rendered":"https:\/\/blogdoeloiltoncajuhy.com.br\/site\/?p=87253"},"modified":"2025-04-23T16:18:11","modified_gmt":"2025-04-23T19:18:11","slug":"novo-exame-anual-do-mec-vai-avaliar-qualidade-dos-cursos-de-medicina-e-selecionar-alunos-para-residencia","status":"publish","type":"post","link":"https:\/\/blogdoeloiltoncajuhy.com.br\/site\/novo-exame-anual-do-mec-vai-avaliar-qualidade-dos-cursos-de-medicina-e-selecionar-alunos-para-residencia\/","title":{"rendered":"Novo exame anual do MEC vai avaliar qualidade dos cursos de medicina e selecionar alunos para resid\u00eancia"},"content":{"rendered":"\n<p class=\"has-medium-font-size\"><strong>Prova deve ser aplicada em outubro e os resultados estar\u00e3o dispon\u00edveis no in\u00edcio de dezembro. Novo exame vai ajudar em processo que, em 2024, j\u00e1 recebeu 56 mil candidatos para quase 9 mil vagas de resid\u00eancia.<\/strong><\/p>\n\n\n\n<p><strong>Por g1<\/strong><\/p>\n\n\n\n<figure class=\"wp-block-image aligncenter size-full is-resized\"><a href=\"https:\/\/i0.wp.com\/blogdoeloiltoncajuhy.com.br\/site\/wp-content\/uploads\/2025\/04\/Professora-e-aluno-de-Medicina-do-UNIFAGOC-%E2%80%94-Foto-Comunicacao-UNIFAGOC-Divulgacao.png?ssl=1\"><img data-recalc-dims=\"1\" fetchpriority=\"high\" decoding=\"async\" width=\"800\" height=\"514\" src=\"https:\/\/i0.wp.com\/blogdoeloiltoncajuhy.com.br\/site\/wp-content\/uploads\/2025\/04\/Professora-e-aluno-de-Medicina-do-UNIFAGOC-%E2%80%94-Foto-Comunicacao-UNIFAGOC-Divulgacao.png?resize=800%2C514&#038;ssl=1\" alt=\"\" class=\"wp-image-87254\" style=\"width:685px;height:auto\" srcset=\"https:\/\/i0.wp.com\/blogdoeloiltoncajuhy.com.br\/site\/wp-content\/uploads\/2025\/04\/Professora-e-aluno-de-Medicina-do-UNIFAGOC-%E2%80%94-Foto-Comunicacao-UNIFAGOC-Divulgacao.png?w=820&amp;ssl=1 820w, https:\/\/i0.wp.com\/blogdoeloiltoncajuhy.com.br\/site\/wp-content\/uploads\/2025\/04\/Professora-e-aluno-de-Medicina-do-UNIFAGOC-%E2%80%94-Foto-Comunicacao-UNIFAGOC-Divulgacao.png?resize=300%2C193&amp;ssl=1 300w, https:\/\/i0.wp.com\/blogdoeloiltoncajuhy.com.br\/site\/wp-content\/uploads\/2025\/04\/Professora-e-aluno-de-Medicina-do-UNIFAGOC-%E2%80%94-Foto-Comunicacao-UNIFAGOC-Divulgacao.png?resize=768%2C494&amp;ssl=1 768w\" sizes=\"(max-width: 800px) 100vw, 800px\" \/><\/a><figcaption class=\"wp-element-caption\"><sub>Professora e aluno de Medicina do UNIFAGOC \u2014 Foto: Comunica\u00e7\u00e3o UNIFAGOC\/Divulga\u00e7\u00e3o<\/sub><\/figcaption><\/figure>\n\n\n\n<p>Um novo exame anual ser\u00e1 realizado pelo governo federal para avaliar a qualidade do cursos de medicina no Brasil. A mesma prova tamb\u00e9m poder\u00e1 ser utilizada por quem quiser tentar vagas de resid\u00eancia m\u00e9dica.<\/p>\n\n\n\n<p>O Minist\u00e9rio da Educa\u00e7\u00e3o (MEC) afirma que o novo Exame Nacional de Avalia\u00e7\u00e3o da Forma\u00e7\u00e3o M\u00e9dica (Enamed) ter\u00e1 como objetivos:<\/p>\n\n\n\n<ul class=\"wp-block-list\">\n<li>avaliar a qualidade da forma\u00e7\u00e3o m\u00e9dica oferecida por cerca de 300 cursos de medicina em 200 munic\u00edpios do Brasil;<\/li>\n\n\n\n<li>ajudar na sele\u00e7\u00e3o de alunos para cursos de resid\u00eancia m\u00e9dica por meio do Exame Nacional de Resid\u00eancia M\u00e9dica (Enare), na modalidade acesso direto.<\/li>\n<\/ul>\n\n\n\n<p><\/p>\n\n\n\n<p>A estimativa \u00e9 que participem 42 mil estudantes concluintes, al\u00e9m de m\u00e9dicos j\u00e1 formados que desejarem tentar vagas por meio do Enare (atualmente o Enare \u00e9 a porta de entrada para 1\/4 de todas as vagas de resid\u00eancia no pa\u00eds).<\/p>\n\n\n\n<blockquote class=\"wp-block-quote is-layout-flow wp-block-quote-is-layout-flow\">\n<p><strong><mark style=\"background-color:rgba(0, 0, 0, 0)\" class=\"has-inline-color has-black-color\">O cronograma prev\u00ea que a prova seja aplicada ainda em outubro deste ano e que os resultados estejam dispon\u00edveis no in\u00edcio de dezembro.<\/mark><\/strong><\/p>\n<\/blockquote>\n\n\n\n<p>O Enamed vai utilizar matriz de refer\u00eancia e instrumentos de avalia\u00e7\u00e3o te\u00f3rica desenvolvida pelo Instituto Nacional de Estudos e Pesquisas Educacionais An\u00edsio Teixeira (Inep).<\/p>\n\n\n\n<h4 class=\"wp-block-heading\"><strong><mark style=\"background-color:rgba(0, 0, 0, 0)\" class=\"has-inline-color has-black-color\">Como ser\u00e1 a prova?<\/mark><\/strong><\/h4>\n\n\n\n<p>A prova vai ser elaborada considerando as Diretrizes Curriculares Nacionais dos cursos de Medicina, tendo matriz de refer\u00eancia e instrumentos de avalia\u00e7\u00e3o te\u00f3rica desenvolvidos pelo Inep.<\/p>\n\n\n\n<p><a href=\"https:\/\/whatsapp.com\/channel\/0029VaAT7tDLI8Yfj5y9Z50Z\"><strong><mark style=\"background-color:rgba(0, 0, 0, 0)\" class=\"has-inline-color has-vivid-red-color\">Siga nosso canal no WhatsApp e veja mais not\u00edcias<\/mark><\/strong><\/a><\/p>\n\n\n\n<p>O Enamed ter\u00e1 100 quest\u00f5es objetivas de m\u00faltipla escolha nas \u00e1reas:<\/p>\n\n\n\n<ul class=\"wp-block-list\">\n<li>Cl\u00ednica M\u00e9dica<br><\/li>\n<\/ul>\n\n\n\n<ul class=\"wp-block-list\">\n<li>Cirurgia Geral<br><\/li>\n<\/ul>\n\n\n\n<ul class=\"wp-block-list\">\n<li>Ginecologia e obstetr\u00edcia<br><\/li>\n<\/ul>\n\n\n\n<ul class=\"wp-block-list\">\n<li>Pediatria<br><\/li>\n<\/ul>\n\n\n\n<ul class=\"wp-block-list\">\n<li>Medicina da Fam\u00edlia e Comunidade<br><\/li>\n<\/ul>\n\n\n\n<ul class=\"wp-block-list\">\n<li>Sa\u00fade Mental<br><\/li>\n<\/ul>\n\n\n\n<ul class=\"wp-block-list\">\n<li>Sa\u00fade Coletiva<\/li>\n<\/ul>\n\n\n\n<p><\/p>\n\n\n\n<h4 class=\"wp-block-heading\"><strong><mark style=\"background-color:rgba(0, 0, 0, 0)\" class=\"has-inline-color has-black-color\">Datas de inscri\u00e7\u00e3o<\/mark><\/strong><\/h4>\n\n\n\n<p>As inscri\u00e7\u00f5es de alunos concluintes ser\u00e3o feitas pelas institui\u00e7\u00f5es de ensino, via Enade, entre maio e junho.<\/p>\n\n\n\n<p>Em julho ser\u00e3o abertas as inscri\u00e7\u00f5es individuais para m\u00e9dicos que desejarem utillzar a prova em processos de sele\u00e7\u00e3o para resid\u00eancia m\u00e9dica.<\/p>\n\n\n\n<h4 class=\"wp-block-heading\"><strong><mark style=\"background-color:rgba(0, 0, 0, 0)\" class=\"has-inline-color has-black-color\">P\u00fablico-Alvo:<\/mark><\/strong><\/h4>\n\n\n\n<ul class=\"wp-block-list\">\n<li>Estudantes que est\u00e3o concluindo o curso de medicina inscritos no Exame Nacional de Desempenho dos Estudantes (Enade), que poder\u00e3o indicar seu interesse em utilizar a nota da prova no processo seletivo do Exame Nacional de Resid\u00eancia M\u00e9dica (Enare);<br><\/li>\n<\/ul>\n\n\n\n<ul class=\"wp-block-list\">\n<li>Outros interessados em participar do processo seletivo de programas de resid\u00eancia m\u00e9dica de acesso direto do Enare.<\/li>\n<\/ul>\n\n\n\n<p><\/p>\n\n\n\n<h4 class=\"wp-block-heading\"><strong><mark style=\"background-color:rgba(0, 0, 0, 0)\" class=\"has-inline-color has-black-color\">Futuro do Enamed: avalia\u00e7\u00e3o no meio do curso<\/mark><\/strong><\/h4>\n\n\n\n<p>De acordo com o ministro da Educa\u00e7\u00e3o, Camilo Santana, a previs\u00e3o \u00e9 que o Enamed ganhe uma segunda etapa para avaliar os alunos que est\u00e3o no meio no curso. Apesar da previs\u00e3o, n\u00e3o h\u00e1 data para que essa nova etapa seja implementada.<\/p>\n\n\n\n<p>O ministro da Sa\u00fade, Alexandre Padilha, afirmou que \u00e9 necess\u00e1rio aumentar a avalia\u00e7\u00e3o para cobrar mais das faculdades.<\/p>\n\n\n\n<blockquote class=\"wp-block-quote is-layout-flow wp-block-quote-is-layout-flow\">\n<p><strong><mark style=\"background-color:rgba(0, 0, 0, 0)\" class=\"has-inline-color has-black-color\">&#8220;Todos n\u00f3s sabemos que algo n\u00e3o est\u00e1 bem na nossa forma\u00e7\u00e3o m\u00e9dica do nosso pa\u00eds. (\u2026) Tem que ter um olhar sobre essa institui\u00e7\u00e3o formadora. Porque sen\u00e3o ela vai continuar faturando com suas mensalidades enquanto oferece uma baixa qualidade na forma\u00e7\u00e3o&#8221;, afirmou Padilha.<\/mark><\/strong><\/p>\n<\/blockquote>\n\n\n\n<h4 class=\"wp-block-heading\"><strong><mark style=\"background-color:rgba(0, 0, 0, 0)\" class=\"has-inline-color has-black-color\">Resid\u00eancia m\u00e9dica via Enare<\/mark><\/strong><\/h4>\n\n\n\n<p>O Exame Nacional de Resid\u00eancia M\u00e9dica (Enare) \u00e9 um processo conduzido pela Empresa Brasileira de Servi\u00e7os Hospitalares (Esberh).<\/p>\n\n\n\n<p>De acordo Arthur Chioro, presidente da Esberh, em 2024 foram 162 institui\u00e7\u00f5es participando com a oferta de vagas em mais de 1,7 mil programas de resid\u00eancia, com 8,8 mil vagas. Ao todo, foram mais de 56 mil candidatos participantes.<\/p>\n\n\n\n<blockquote class=\"wp-block-quote is-layout-flow wp-block-quote-is-layout-flow\">\n<p><strong><mark style=\"background-color:rgba(0, 0, 0, 0)\" class=\"has-inline-color has-black-color\">&#8220;Essas vagas (via Enare) correspondem a 1\/4 das bolsas de resid\u00eancia m\u00e9dica oferecidas no pa\u00eds&#8221;, afirma Chioro.<\/mark><\/strong><\/p>\n<\/blockquote>\n\n\n\n<p>Segundo Chioro, com as mudan\u00e7as e cria\u00e7\u00e3o do Enamed, institui\u00e7\u00f5es privadas, estaduais, municipais e filantr\u00f3picas tamb\u00e9m poder\u00e3o passar a utilizar as provas do Enare para sele\u00e7\u00e3o de alunos. Ele afirmou que h\u00e1 expectativa de que as secretarias municipais e estaduais de S\u00e3o Paulo passem a utilizar o exame federal j\u00e1 neste ano.<\/p>\n","protected":false},"excerpt":{"rendered":"<p>Prova deve ser aplicada em outubro e os resultados estar\u00e3o dispon\u00edveis no in\u00edcio de dezembro. Novo exame vai ajudar em processo que, em 2024, j\u00e1 recebeu 56 mil candidatos para quase 9 mil vagas de resid\u00eancia. Por g1 Um novo exame anual ser\u00e1 realizado pelo governo federal para avaliar a qualidade do cursos de medicina [&hellip;]<\/p>\n","protected":false},"author":2,"featured_media":87254,"comment_status":"open","ping_status":"open","sticky":false,"template":"","format":"standard","meta":{"_acf_changed":false,"_monsterinsights_skip_tracking":false,"_monsterinsights_sitenote_active":false,"_monsterinsights_sitenote_note":"","_monsterinsights_sitenote_category":0,"_jetpack_memberships_contains_paid_content":false,"footnotes":"","jetpack_publicize_message":"","jetpack_publicize_feature_enabled":true,"jetpack_social_post_already_shared":true,"jetpack_social_options":{"image_generator_settings":{"template":"highway","default_image_id":0,"font":"","enabled":false},"version":2}},"categories":[7],"tags":[],"class_list":["post-87253","post","type-post","status-publish","format-standard","has-post-thumbnail","hentry","category-saude"],"acf":[],"jetpack_publicize_connections":[],"jetpack_featured_media_url":"https:\/\/i0.wp.com\/blogdoeloiltoncajuhy.com.br\/site\/wp-content\/uploads\/2025\/04\/Professora-e-aluno-de-Medicina-do-UNIFAGOC-%E2%80%94-Foto-Comunicacao-UNIFAGOC-Divulgacao.png?fit=820%2C527&ssl=1","jetpack_sharing_enabled":true,"publishpress_future_workflow_manual_trigger":{"enabledWorkflows":[]},"_links":{"self":[{"href":"https:\/\/blogdoeloiltoncajuhy.com.br\/site\/wp-json\/wp\/v2\/posts\/87253","targetHints":{"allow":["GET"]}}],"collection":[{"href":"https:\/\/blogdoeloiltoncajuhy.com.br\/site\/wp-json\/wp\/v2\/posts"}],"about":[{"href":"https:\/\/blogdoeloiltoncajuhy.com.br\/site\/wp-json\/wp\/v2\/types\/post"}],"author":[{"embeddable":true,"href":"https:\/\/blogdoeloiltoncajuhy.com.br\/site\/wp-json\/wp\/v2\/users\/2"}],"replies":[{"embeddable":true,"href":"https:\/\/blogdoeloiltoncajuhy.com.br\/site\/wp-json\/wp\/v2\/comments?post=87253"}],"version-history":[{"count":1,"href":"https:\/\/blogdoeloiltoncajuhy.com.br\/site\/wp-json\/wp\/v2\/posts\/87253\/revisions"}],"predecessor-version":[{"id":87255,"href":"https:\/\/blogdoeloiltoncajuhy.com.br\/site\/wp-json\/wp\/v2\/posts\/87253\/revisions\/87255"}],"wp:featuredmedia":[{"embeddable":true,"href":"https:\/\/blogdoeloiltoncajuhy.com.br\/site\/wp-json\/wp\/v2\/media\/87254"}],"wp:attachment":[{"href":"https:\/\/blogdoeloiltoncajuhy.com.br\/site\/wp-json\/wp\/v2\/media?parent=87253"}],"wp:term":[{"taxonomy":"category","embeddable":true,"href":"https:\/\/blogdoeloiltoncajuhy.com.br\/site\/wp-json\/wp\/v2\/categories?post=87253"},{"taxonomy":"post_tag","embeddable":true,"href":"https:\/\/blogdoeloiltoncajuhy.com.br\/site\/wp-json\/wp\/v2\/tags?post=87253"}],"curies":[{"name":"wp","href":"https:\/\/api.w.org\/{rel}","templated":true}]}}