{"id":87248,"date":"2025-04-23T15:44:54","date_gmt":"2025-04-23T18:44:54","guid":{"rendered":"https:\/\/blogdoeloiltoncajuhy.com.br\/site\/?p=87248"},"modified":"2025-04-23T15:45:35","modified_gmt":"2025-04-23T18:45:35","slug":"assembleia-virtual-de-cultura-visa-fortalecer-a-identidade-dos-territorios","status":"publish","type":"post","link":"https:\/\/blogdoeloiltoncajuhy.com.br\/site\/assembleia-virtual-de-cultura-visa-fortalecer-a-identidade-dos-territorios\/","title":{"rendered":"Assembleia Virtual de Cultura visa fortalecer a identidade dos territ\u00f3rios"},"content":{"rendered":"\n<p class=\"has-medium-font-size\"><strong>Oportunidade para transformar desafios em oportunidades.<\/strong><\/p>\n\n\n\n<p><strong>Por Blog do Eloilton Cajuhy &#8211; BEC<\/strong><\/p>\n\n\n\n<figure class=\"wp-block-image aligncenter size-full\"><a href=\"https:\/\/i0.wp.com\/blogdoeloiltoncajuhy.com.br\/site\/wp-content\/uploads\/2025\/04\/Assembleia-Digital-da-Sicredi.jpg?ssl=1\"><img data-recalc-dims=\"1\" fetchpriority=\"high\" decoding=\"async\" width=\"700\" height=\"467\" src=\"https:\/\/i0.wp.com\/blogdoeloiltoncajuhy.com.br\/site\/wp-content\/uploads\/2025\/04\/Assembleia-Digital-da-Sicredi.jpg?resize=700%2C467&#038;ssl=1\" alt=\"\" class=\"wp-image-87250\" srcset=\"https:\/\/i0.wp.com\/blogdoeloiltoncajuhy.com.br\/site\/wp-content\/uploads\/2025\/04\/Assembleia-Digital-da-Sicredi.jpg?w=700&amp;ssl=1 700w, https:\/\/i0.wp.com\/blogdoeloiltoncajuhy.com.br\/site\/wp-content\/uploads\/2025\/04\/Assembleia-Digital-da-Sicredi.jpg?resize=300%2C200&amp;ssl=1 300w\" sizes=\"(max-width: 700px) 100vw, 700px\" \/><\/a><figcaption class=\"wp-element-caption\"><sub>Cr\u00e9dito: Sicredi<\/sub><\/figcaption><\/figure>\n\n\n\n<p>A comunidade cultural dos munic\u00edpios dos Territ\u00f3rios Piemonte Norte do Itapicuru e Piemonte da Diamantina tem uma oportunidade \u00fanica para se reunir, discutir e fortalecer a cultura local. A Assembleia Virtual de Cultura, promovida pelo Comit\u00ea de Cultura da Bahia, em parceria com a Sudecult da Secretaria de Cultura da Bahia, vai acontecer nesta quinta-feira (24), a partir das 18h30.<\/p>\n\n\n\n<p>De acordo com os organizadores, o objetivo principal desta assembleia \u00e9 promover um espa\u00e7o de escuta, debate e fortalecimento da cultura local, com foco no desenvolvimento de pol\u00edticas e a\u00e7\u00f5es que valorizem nossa identidade cultural.<\/p>\n\n\n\n<p><a href=\"https:\/\/whatsapp.com\/channel\/0029VaAT7tDLI8Yfj5y9Z50Z\"><strong><mark style=\"background-color:rgba(0, 0, 0, 0)\" class=\"has-inline-color has-vivid-red-color\">Siga nosso canal no WhatsApp e veja mais not\u00edcias<\/mark><\/strong><\/a><\/p>\n\n\n\n<p>Ser\u00e1 um encontro especial para artistas, produtores, gestores e fazedores de cultura dos munic\u00edpios de <strong><mark style=\"background-color:rgba(0, 0, 0, 0)\" class=\"has-inline-color has-black-color\">Andorinha, Ant\u00f4nio Gon\u00e7alves, Caldeir\u00e3o Grande, Campo Formoso, Filad\u00e9lfia, Jaguarari, Pindoba\u00e7u, Ponto Novo, Senhor do Bonfim, Ca\u00e9m, Jacobina, Miguel Calmon, Mirangaba, Ourol\u00e2ndia, Sa\u00fade, Serrol\u00e2ndia, Umburanas e V\u00e1rzea Nova<\/mark><\/strong>.<\/p>\n\n\n\n<h4 class=\"wp-block-heading\"><strong><mark style=\"background-color:rgba(0, 0, 0, 0)\" class=\"has-inline-color has-black-color\">Por que participar?<\/mark><\/strong><\/h4>\n\n\n\n<p>Ainda segundo a organiza\u00e7\u00e3o do evento, a voz popular \u00e9 essencial para construir um futuro com mais oportunidades, visibilidade e valoriza\u00e7\u00e3o da nossa cultura. Esta \u00e9 a chance de contribuir com ideias, propostas e sonhos para a regi\u00e3o.<\/p>\n\n\n\n<h2 class=\"wp-block-heading\"><strong><mark style=\"background-color:rgba(0, 0, 0, 0)\" class=\"has-inline-color has-luminous-vivid-orange-color\">Servi\u00e7o<\/mark><\/strong><\/h2>\n\n\n\n<ul class=\"wp-block-list\">\n<li><strong><mark style=\"background-color:rgba(0, 0, 0, 0)\" class=\"has-inline-color has-black-color\">O Qu\u00ea?<\/mark><\/strong> Assembleia Virtual de Cultura<\/li>\n<\/ul>\n\n\n\n<ul class=\"wp-block-list\">\n<li><strong><mark style=\"background-color:rgba(0, 0, 0, 0)\" class=\"has-inline-color has-black-color\">Quando?<\/mark><\/strong> 24 de abril (quinta-feira)<br><\/li>\n<\/ul>\n\n\n\n<ul class=\"wp-block-list\">\n<li><strong><mark style=\"background-color:rgba(0, 0, 0, 0)\" class=\"has-inline-color has-black-color\">Hor\u00e1rio?<\/mark><\/strong> 18h30<br><\/li>\n<\/ul>\n\n\n\n<ul class=\"wp-block-list\">\n<li><strong><mark style=\"background-color:rgba(0, 0, 0, 0)\" class=\"has-inline-color has-black-color\">Local:<\/mark><\/strong> Online (via Google Meet)<br><\/li>\n<\/ul>\n\n\n\n<ul class=\"wp-block-list\">\n<li><strong><mark style=\"background-color:rgba(0, 0, 0, 0)\" class=\"has-inline-color has-black-color\">Inscri\u00e7\u00f5es:<\/mark><\/strong> <a href=\"https:\/\/forms.gle\/6dcgC5QcCLuJ7gnc6\"><strong><mark style=\"background-color:rgba(0, 0, 0, 0)\" class=\"has-inline-color has-vivid-cyan-blue-color\">https:\/\/forms.gle\/6dcgC5QcCLuJ7gnc6<\/mark><\/strong><\/a><\/li>\n<\/ul>\n\n\n\n<p><\/p>\n\n\n\n<figure class=\"wp-block-image aligncenter size-full\"><a href=\"https:\/\/i0.wp.com\/blogdoeloiltoncajuhy.com.br\/site\/wp-content\/uploads\/2025\/04\/Assembleia-Virtual-de-Cultura-2025.png?ssl=1\"><img data-recalc-dims=\"1\" decoding=\"async\" width=\"526\" height=\"519\" src=\"https:\/\/i0.wp.com\/blogdoeloiltoncajuhy.com.br\/site\/wp-content\/uploads\/2025\/04\/Assembleia-Virtual-de-Cultura-2025.png?resize=526%2C519&#038;ssl=1\" alt=\"\" class=\"wp-image-87249\" srcset=\"https:\/\/i0.wp.com\/blogdoeloiltoncajuhy.com.br\/site\/wp-content\/uploads\/2025\/04\/Assembleia-Virtual-de-Cultura-2025.png?w=526&amp;ssl=1 526w, https:\/\/i0.wp.com\/blogdoeloiltoncajuhy.com.br\/site\/wp-content\/uploads\/2025\/04\/Assembleia-Virtual-de-Cultura-2025.png?resize=300%2C296&amp;ssl=1 300w\" sizes=\"(max-width: 526px) 100vw, 526px\" \/><\/a><\/figure>\n","protected":false},"excerpt":{"rendered":"<p>Oportunidade para transformar desafios em oportunidades. Por Blog do Eloilton Cajuhy &#8211; BEC A comunidade cultural dos munic\u00edpios dos Territ\u00f3rios Piemonte Norte do Itapicuru e Piemonte da Diamantina tem uma oportunidade \u00fanica para se reunir, discutir e fortalecer a cultura local. A Assembleia Virtual de Cultura, promovida pelo Comit\u00ea de Cultura da Bahia, em parceria [&hellip;]<\/p>\n","protected":false},"author":2,"featured_media":87250,"comment_status":"open","ping_status":"open","sticky":false,"template":"","format":"standard","meta":{"_acf_changed":false,"_monsterinsights_skip_tracking":false,"_monsterinsights_sitenote_active":false,"_monsterinsights_sitenote_note":"","_monsterinsights_sitenote_category":0,"_jetpack_memberships_contains_paid_content":false,"footnotes":"","jetpack_publicize_message":"","jetpack_publicize_feature_enabled":true,"jetpack_social_post_already_shared":true,"jetpack_social_options":{"image_generator_settings":{"template":"highway","default_image_id":0,"font":"","enabled":false},"version":2}},"categories":[8],"tags":[],"class_list":["post-87248","post","type-post","status-publish","format-standard","has-post-thumbnail","hentry","category-cultura"],"acf":[],"jetpack_publicize_connections":[],"jetpack_featured_media_url":"https:\/\/i0.wp.com\/blogdoeloiltoncajuhy.com.br\/site\/wp-content\/uploads\/2025\/04\/Assembleia-Digital-da-Sicredi.jpg?fit=700%2C467&ssl=1","jetpack_sharing_enabled":true,"publishpress_future_workflow_manual_trigger":{"enabledWorkflows":[]},"_links":{"self":[{"href":"https:\/\/blogdoeloiltoncajuhy.com.br\/site\/wp-json\/wp\/v2\/posts\/87248","targetHints":{"allow":["GET"]}}],"collection":[{"href":"https:\/\/blogdoeloiltoncajuhy.com.br\/site\/wp-json\/wp\/v2\/posts"}],"about":[{"href":"https:\/\/blogdoeloiltoncajuhy.com.br\/site\/wp-json\/wp\/v2\/types\/post"}],"author":[{"embeddable":true,"href":"https:\/\/blogdoeloiltoncajuhy.com.br\/site\/wp-json\/wp\/v2\/users\/2"}],"replies":[{"embeddable":true,"href":"https:\/\/blogdoeloiltoncajuhy.com.br\/site\/wp-json\/wp\/v2\/comments?post=87248"}],"version-history":[{"count":2,"href":"https:\/\/blogdoeloiltoncajuhy.com.br\/site\/wp-json\/wp\/v2\/posts\/87248\/revisions"}],"predecessor-version":[{"id":87252,"href":"https:\/\/blogdoeloiltoncajuhy.com.br\/site\/wp-json\/wp\/v2\/posts\/87248\/revisions\/87252"}],"wp:featuredmedia":[{"embeddable":true,"href":"https:\/\/blogdoeloiltoncajuhy.com.br\/site\/wp-json\/wp\/v2\/media\/87250"}],"wp:attachment":[{"href":"https:\/\/blogdoeloiltoncajuhy.com.br\/site\/wp-json\/wp\/v2\/media?parent=87248"}],"wp:term":[{"taxonomy":"category","embeddable":true,"href":"https:\/\/blogdoeloiltoncajuhy.com.br\/site\/wp-json\/wp\/v2\/categories?post=87248"},{"taxonomy":"post_tag","embeddable":true,"href":"https:\/\/blogdoeloiltoncajuhy.com.br\/site\/wp-json\/wp\/v2\/tags?post=87248"}],"curies":[{"name":"wp","href":"https:\/\/api.w.org\/{rel}","templated":true}]}}