{"id":87243,"date":"2025-04-23T08:48:08","date_gmt":"2025-04-23T11:48:08","guid":{"rendered":"https:\/\/blogdoeloiltoncajuhy.com.br\/site\/?p=87243"},"modified":"2025-04-23T08:48:10","modified_gmt":"2025-04-23T11:48:10","slug":"corpo-do-papa-francisco-e-velado-na-basilica-de-sao-pedro-cerimonia-e-aberta-ao-publico","status":"publish","type":"post","link":"https:\/\/blogdoeloiltoncajuhy.com.br\/site\/corpo-do-papa-francisco-e-velado-na-basilica-de-sao-pedro-cerimonia-e-aberta-ao-publico\/","title":{"rendered":"Corpo do papa Francisco \u00e9 velado na Bas\u00edlica de S\u00e3o Pedro; cerim\u00f4nia \u00e9 aberta ao p\u00fablico"},"content":{"rendered":"\n<p class=\"has-medium-font-size\"><strong>Ritos lit\u00fargicos foram realizados entre chegada do pont\u00edfice na bas\u00edlica e abertura para fi\u00e9is. Corpo do papa poder\u00e1 ser visitado at\u00e9 sexta-feira (25). Funeral oficial e enterro ser\u00e3o no s\u00e1bado (26).<\/strong><\/p>\n\n\n\n<p><strong>Por Aline Freitas, Artur Alvarez, g1<\/strong> \u2014 S\u00e3o Paulo<\/p>\n\n\n\n<figure class=\"wp-block-image aligncenter size-full\"><a href=\"https:\/\/i0.wp.com\/blogdoeloiltoncajuhy.com.br\/site\/wp-content\/uploads\/2025\/04\/Corpo-do-papa-Francisco-sendo-velado-na-Basilica-de-Sao-Pedro-em-23-de-abril-de-2025-%E2%80%94-Foto-Andrew-Medichini-Pool-via-REUTERS.jpeg?ssl=1\"><img data-recalc-dims=\"1\" fetchpriority=\"high\" decoding=\"async\" width=\"800\" height=\"533\" src=\"https:\/\/i0.wp.com\/blogdoeloiltoncajuhy.com.br\/site\/wp-content\/uploads\/2025\/04\/Corpo-do-papa-Francisco-sendo-velado-na-Basilica-de-Sao-Pedro-em-23-de-abril-de-2025-%E2%80%94-Foto-Andrew-Medichini-Pool-via-REUTERS.jpeg?resize=800%2C533&#038;ssl=1\" alt=\"\" class=\"wp-image-87244\" srcset=\"https:\/\/i0.wp.com\/blogdoeloiltoncajuhy.com.br\/site\/wp-content\/uploads\/2025\/04\/Corpo-do-papa-Francisco-sendo-velado-na-Basilica-de-Sao-Pedro-em-23-de-abril-de-2025-%E2%80%94-Foto-Andrew-Medichini-Pool-via-REUTERS.jpeg?w=984&amp;ssl=1 984w, https:\/\/i0.wp.com\/blogdoeloiltoncajuhy.com.br\/site\/wp-content\/uploads\/2025\/04\/Corpo-do-papa-Francisco-sendo-velado-na-Basilica-de-Sao-Pedro-em-23-de-abril-de-2025-%E2%80%94-Foto-Andrew-Medichini-Pool-via-REUTERS.jpeg?resize=300%2C200&amp;ssl=1 300w, https:\/\/i0.wp.com\/blogdoeloiltoncajuhy.com.br\/site\/wp-content\/uploads\/2025\/04\/Corpo-do-papa-Francisco-sendo-velado-na-Basilica-de-Sao-Pedro-em-23-de-abril-de-2025-%E2%80%94-Foto-Andrew-Medichini-Pool-via-REUTERS.jpeg?resize=768%2C512&amp;ssl=1 768w\" sizes=\"(max-width: 800px) 100vw, 800px\" \/><\/a><figcaption class=\"wp-element-caption\"><sub>Corpo do papa Francisco sendo velado na Bas\u00edlica de S\u00e3o Pedro em 23 de abril de 2025 \u2014 Foto: Andrew Medichini\/Pool via REUTERS<\/sub><\/figcaption><\/figure>\n\n\n\n<p>O corpo do papa Francisco come\u00e7ou a ser velado na Bas\u00edlica de S\u00e3o Pedro nesta quarta-feira (23) ap\u00f3s prociss\u00e3o dos fi\u00e9is desde a Casa de Santa Marta, onde morava. As cerim\u00f4nias come\u00e7aram por volta das 4h, no hor\u00e1rio de Bras\u00edlia, e o vel\u00f3rio foi aberto ao p\u00fablico \u00e0s 6h.<\/p>\n\n\n\n<p>O corpo do papa foi recebido por uma multid\u00e3o, que fazia fila para entrar na bas\u00edlica e prestar suas \u00faltimas homenagens ao pont\u00edfice. O vel\u00f3rio p\u00fablico ficar\u00e1 aberto at\u00e9 a sexta-feira (25), e o caix\u00e3o ser\u00e1 fechado \u00e0s 15h, no hor\u00e1rio de Bras\u00edlia (20h no hor\u00e1rio local).<\/p>\n\n\n\n<p>A programa\u00e7\u00e3o incluiu uma s\u00e9rie de cerim\u00f4nias lit\u00fargicas para marcar a despedida de Francisco. Antes de os fi\u00e9is entrarem na igreja, o corpo do papa foi velado por bispos e padres, que realizaram ritos e prestaram suas homenagens.<\/p>\n\n\n\n<p><a href=\"https:\/\/whatsapp.com\/channel\/0029VaAT7tDLI8Yfj5y9Z50Z\"><strong><mark style=\"background-color:rgba(0, 0, 0, 0)\" class=\"has-inline-color has-vivid-red-color\">Siga nosso canal no WhatsApp e veja mais not\u00edcias<\/mark><\/strong><\/a><\/p>\n\n\n\n<p>Antes de entrar na Bas\u00edlica de S\u00e3o Pedro, o corpo do papa passou por uma prociss\u00e3o desde a Casa de Santa Marta, onde ele estava. O trajeto percorreu a Pra\u00e7a Santa Marta e a Pra\u00e7a dos Protom\u00e1rtires Romanos, saiu pelo Arco dos Sinos em dire\u00e7\u00e3o \u00e0 Pra\u00e7a de S\u00e3o Pedro e entrou na bas\u00edlica pela porta central.<\/p>\n\n\n\n<p>\u00c0 medida que o caix\u00e3o atravessava a Pra\u00e7a de S\u00e3o Pedro, uma multid\u00e3o de milhares de pessoas aplaudia Francisco repetidamente \u2014 um gesto tradicional de respeito na It\u00e1lia em ocasi\u00f5es como essa. Segundo o Vaticano, 20 mil fi\u00e9is estavam presentes na pra\u00e7a, e alguns se emocionaram com a passagem do corpo.<\/p>\n\n\n\n<figure class=\"wp-block-image aligncenter size-full\"><a href=\"https:\/\/i0.wp.com\/blogdoeloiltoncajuhy.com.br\/site\/wp-content\/uploads\/2025\/04\/Corpo-de-papa-Francisco-chega-a-Basilica-de-Sao-Pedro-%E2%80%94-Foto-REUTERS-Guglielmo-Mangiapane.jpeg?ssl=1\"><img data-recalc-dims=\"1\" decoding=\"async\" width=\"800\" height=\"576\" src=\"https:\/\/i0.wp.com\/blogdoeloiltoncajuhy.com.br\/site\/wp-content\/uploads\/2025\/04\/Corpo-de-papa-Francisco-chega-a-Basilica-de-Sao-Pedro-%E2%80%94-Foto-REUTERS-Guglielmo-Mangiapane.jpeg?resize=800%2C576&#038;ssl=1\" alt=\"\" class=\"wp-image-87245\" srcset=\"https:\/\/i0.wp.com\/blogdoeloiltoncajuhy.com.br\/site\/wp-content\/uploads\/2025\/04\/Corpo-de-papa-Francisco-chega-a-Basilica-de-Sao-Pedro-%E2%80%94-Foto-REUTERS-Guglielmo-Mangiapane.jpeg?w=984&amp;ssl=1 984w, https:\/\/i0.wp.com\/blogdoeloiltoncajuhy.com.br\/site\/wp-content\/uploads\/2025\/04\/Corpo-de-papa-Francisco-chega-a-Basilica-de-Sao-Pedro-%E2%80%94-Foto-REUTERS-Guglielmo-Mangiapane.jpeg?resize=300%2C216&amp;ssl=1 300w, https:\/\/i0.wp.com\/blogdoeloiltoncajuhy.com.br\/site\/wp-content\/uploads\/2025\/04\/Corpo-de-papa-Francisco-chega-a-Basilica-de-Sao-Pedro-%E2%80%94-Foto-REUTERS-Guglielmo-Mangiapane.jpeg?resize=768%2C553&amp;ssl=1 768w\" sizes=\"(max-width: 800px) 100vw, 800px\" \/><\/a><figcaption class=\"wp-element-caption\"><sub>Corpo de papa Francisco chega \u00e0 Bas\u00edlica de S\u00e3o Pedro \u2014 Foto: REUTERS\/Guglielmo Mangiapane<\/sub><\/figcaption><\/figure>\n\n\n\n<p>Anteriormente, a prociss\u00e3o tamb\u00e9m passava pelo Pal\u00e1cio Apost\u00f3lico. No entanto, Francisco retirou o local do trajeto para deixar a cerim\u00f4nia ainda mais simples.<\/p>\n\n\n\n<h4 class=\"wp-block-heading\"><strong><mark style=\"background-color:rgba(0, 0, 0, 0)\" class=\"has-inline-color has-black-color\">Prociss\u00e3o lit\u00fargica<\/mark><\/strong><\/h4>\n\n\n\n<p>O ritual de prociss\u00e3o foi presidido pelo cardeal irland\u00eas-americano Kevin Farrell, camerlengo da Santa S\u00e9. Antes da sa\u00edda da Casa Santa Marta, houve um momento de ora\u00e7\u00e3o. Farrell tamb\u00e9m comanda a Liturgia da Palavra na Bas\u00edlica de S\u00e3o Pedro.<\/p>\n\n\n\n<blockquote class=\"wp-block-quote is-layout-flow wp-block-quote-is-layout-flow\">\n<p><strong><mark style=\"background-color:rgba(0, 0, 0, 0)\" class=\"has-inline-color has-black-color\">\u201cQueridos irm\u00e3os e irm\u00e3s, com profunda dor agora acompanhamos os restos mortais do nosso papa Francisco at\u00e9 a Bas\u00edlica Vaticana\u201d, disse Kevin Farrell no in\u00edcio da cerim\u00f4nia.<\/mark><\/strong><\/p>\n<\/blockquote>\n\n\n\n<p>O corpo de Francisco est\u00e1 exposto diretamente no caix\u00e3o, sem o uso de uma plataforma elevada, como era feito anteriormente. A mudan\u00e7a tamb\u00e9m atende a um desejo do papa para deixar o vel\u00f3rio mais discreto.<\/p>\n\n\n\n<p>O pr\u00f3prio Francisco tamb\u00e9m determinou que o caix\u00e3o fosse mais simples. No passado, papas eram enterrados em tr\u00eas urnas: uma de cipreste, outra de chumbo e a \u00faltima de carvalho. Agora, a estrutura ter\u00e1 apenas um caix\u00e3o de madeira revestido com zinco.<\/p>\n\n\n\n<p>O funeral oficial ser\u00e1 realizado no s\u00e1bado (26), \u00e0s 10h (5h em Bras\u00edlia), com uma missa na Pra\u00e7a de S\u00e3o Pedro, presidida pelo cardeal Giovanni Battista Re, decano do Col\u00e9gio dos Cardeais. A celebra\u00e7\u00e3o marcar\u00e1 o in\u00edcio dos &#8220;novemdiales&#8221;, os nove dias de luto e ora\u00e7\u00f5es pela morte de um papa.<\/p>\n\n\n\n<p>Ao contr\u00e1rio de seus antecessores, Francisco pediu para ser sepultado na Bas\u00edlica de Santa Maria Maggiore, em Roma, e n\u00e3o na cripta da Bas\u00edlica de S\u00e3o Pedro.<\/p>\n\n\n\n<figure class=\"wp-block-image aligncenter size-full\"><a href=\"https:\/\/i0.wp.com\/blogdoeloiltoncajuhy.com.br\/site\/wp-content\/uploads\/2025\/04\/Fieis-se-reunem-para-procissao-que-acompanhara-corpo-de-papa-Francisco-ate-a-Basilica-de-Sao-Pedro-%E2%80%94-Foto-Reuters.jpeg?ssl=1\"><img data-recalc-dims=\"1\" decoding=\"async\" width=\"800\" height=\"533\" src=\"https:\/\/i0.wp.com\/blogdoeloiltoncajuhy.com.br\/site\/wp-content\/uploads\/2025\/04\/Fieis-se-reunem-para-procissao-que-acompanhara-corpo-de-papa-Francisco-ate-a-Basilica-de-Sao-Pedro-%E2%80%94-Foto-Reuters.jpeg?resize=800%2C533&#038;ssl=1\" alt=\"\" class=\"wp-image-87246\" srcset=\"https:\/\/i0.wp.com\/blogdoeloiltoncajuhy.com.br\/site\/wp-content\/uploads\/2025\/04\/Fieis-se-reunem-para-procissao-que-acompanhara-corpo-de-papa-Francisco-ate-a-Basilica-de-Sao-Pedro-%E2%80%94-Foto-Reuters.jpeg?w=984&amp;ssl=1 984w, https:\/\/i0.wp.com\/blogdoeloiltoncajuhy.com.br\/site\/wp-content\/uploads\/2025\/04\/Fieis-se-reunem-para-procissao-que-acompanhara-corpo-de-papa-Francisco-ate-a-Basilica-de-Sao-Pedro-%E2%80%94-Foto-Reuters.jpeg?resize=300%2C200&amp;ssl=1 300w, https:\/\/i0.wp.com\/blogdoeloiltoncajuhy.com.br\/site\/wp-content\/uploads\/2025\/04\/Fieis-se-reunem-para-procissao-que-acompanhara-corpo-de-papa-Francisco-ate-a-Basilica-de-Sao-Pedro-%E2%80%94-Foto-Reuters.jpeg?resize=768%2C512&amp;ssl=1 768w\" sizes=\"(max-width: 800px) 100vw, 800px\" \/><\/a><figcaption class=\"wp-element-caption\"><sub>Fi\u00e9is se re\u00fanem para prociss\u00e3o que acompanhar\u00e1 corpo de papa Francisco at\u00e9 a Bas\u00edlica de S\u00e3o Pedro \u2014 Foto: Reuters<\/sub><\/figcaption><\/figure>\n","protected":false},"excerpt":{"rendered":"<p>Ritos lit\u00fargicos foram realizados entre chegada do pont\u00edfice na bas\u00edlica e abertura para fi\u00e9is. Corpo do papa poder\u00e1 ser visitado at\u00e9 sexta-feira (25). Funeral oficial e enterro ser\u00e3o no s\u00e1bado (26). Por Aline Freitas, Artur Alvarez, g1 \u2014 S\u00e3o Paulo O corpo do papa Francisco come\u00e7ou a ser velado na Bas\u00edlica de S\u00e3o Pedro nesta [&hellip;]<\/p>\n","protected":false},"author":2,"featured_media":87245,"comment_status":"open","ping_status":"open","sticky":false,"template":"","format":"standard","meta":{"_acf_changed":false,"_monsterinsights_skip_tracking":false,"_monsterinsights_sitenote_active":false,"_monsterinsights_sitenote_note":"","_monsterinsights_sitenote_category":0,"_jetpack_memberships_contains_paid_content":false,"footnotes":"","jetpack_publicize_message":"","jetpack_publicize_feature_enabled":true,"jetpack_social_post_already_shared":true,"jetpack_social_options":{"image_generator_settings":{"template":"highway","default_image_id":0,"font":"","enabled":false},"version":2}},"categories":[1],"tags":[],"class_list":["post-87243","post","type-post","status-publish","format-standard","has-post-thumbnail","hentry","category-noticias"],"acf":[],"jetpack_publicize_connections":[],"jetpack_featured_media_url":"https:\/\/i0.wp.com\/blogdoeloiltoncajuhy.com.br\/site\/wp-content\/uploads\/2025\/04\/Corpo-de-papa-Francisco-chega-a-Basilica-de-Sao-Pedro-%E2%80%94-Foto-REUTERS-Guglielmo-Mangiapane.jpeg?fit=984%2C708&ssl=1","jetpack_sharing_enabled":true,"publishpress_future_workflow_manual_trigger":{"enabledWorkflows":[]},"_links":{"self":[{"href":"https:\/\/blogdoeloiltoncajuhy.com.br\/site\/wp-json\/wp\/v2\/posts\/87243","targetHints":{"allow":["GET"]}}],"collection":[{"href":"https:\/\/blogdoeloiltoncajuhy.com.br\/site\/wp-json\/wp\/v2\/posts"}],"about":[{"href":"https:\/\/blogdoeloiltoncajuhy.com.br\/site\/wp-json\/wp\/v2\/types\/post"}],"author":[{"embeddable":true,"href":"https:\/\/blogdoeloiltoncajuhy.com.br\/site\/wp-json\/wp\/v2\/users\/2"}],"replies":[{"embeddable":true,"href":"https:\/\/blogdoeloiltoncajuhy.com.br\/site\/wp-json\/wp\/v2\/comments?post=87243"}],"version-history":[{"count":1,"href":"https:\/\/blogdoeloiltoncajuhy.com.br\/site\/wp-json\/wp\/v2\/posts\/87243\/revisions"}],"predecessor-version":[{"id":87247,"href":"https:\/\/blogdoeloiltoncajuhy.com.br\/site\/wp-json\/wp\/v2\/posts\/87243\/revisions\/87247"}],"wp:featuredmedia":[{"embeddable":true,"href":"https:\/\/blogdoeloiltoncajuhy.com.br\/site\/wp-json\/wp\/v2\/media\/87245"}],"wp:attachment":[{"href":"https:\/\/blogdoeloiltoncajuhy.com.br\/site\/wp-json\/wp\/v2\/media?parent=87243"}],"wp:term":[{"taxonomy":"category","embeddable":true,"href":"https:\/\/blogdoeloiltoncajuhy.com.br\/site\/wp-json\/wp\/v2\/categories?post=87243"},{"taxonomy":"post_tag","embeddable":true,"href":"https:\/\/blogdoeloiltoncajuhy.com.br\/site\/wp-json\/wp\/v2\/tags?post=87243"}],"curies":[{"name":"wp","href":"https:\/\/api.w.org\/{rel}","templated":true}]}}