{"id":87235,"date":"2025-04-23T08:17:14","date_gmt":"2025-04-23T11:17:14","guid":{"rendered":"https:\/\/blogdoeloiltoncajuhy.com.br\/site\/?p=87235"},"modified":"2025-04-23T08:17:16","modified_gmt":"2025-04-23T11:17:16","slug":"alice-portugal-declaracoes-de-moraes-sobre-jair-bolsonaro-apontam-que-houve-uma-clara-tentativa-de-golpe","status":"publish","type":"post","link":"https:\/\/blogdoeloiltoncajuhy.com.br\/site\/alice-portugal-declaracoes-de-moraes-sobre-jair-bolsonaro-apontam-que-houve-uma-clara-tentativa-de-golpe\/","title":{"rendered":"Alice Portugal: declara\u00e7\u00f5es de Moraes sobre Jair Bolsonaro apontam que houve &#8220;uma clara tentativa de golpe&#8221;"},"content":{"rendered":"\n<p><strong>Por Brasil 247<\/strong><\/p>\n\n\n\n<figure class=\"wp-block-image aligncenter size-full is-resized\"><a href=\"https:\/\/i0.wp.com\/blogdoeloiltoncajuhy.com.br\/site\/wp-content\/uploads\/2025\/04\/Alice-Portugal-declaracoes-de-Moraes-sobre-Jair-Bolsonaro-apontam-que-houve.jpeg?ssl=1\"><img data-recalc-dims=\"1\" fetchpriority=\"high\" decoding=\"async\" width=\"610\" height=\"380\" src=\"https:\/\/i0.wp.com\/blogdoeloiltoncajuhy.com.br\/site\/wp-content\/uploads\/2025\/04\/Alice-Portugal-declaracoes-de-Moraes-sobre-Jair-Bolsonaro-apontam-que-houve.jpeg?resize=610%2C380&#038;ssl=1\" alt=\"\" class=\"wp-image-87236\" style=\"width:710px;height:auto\" srcset=\"https:\/\/i0.wp.com\/blogdoeloiltoncajuhy.com.br\/site\/wp-content\/uploads\/2025\/04\/Alice-Portugal-declaracoes-de-Moraes-sobre-Jair-Bolsonaro-apontam-que-houve.jpeg?w=610&amp;ssl=1 610w, https:\/\/i0.wp.com\/blogdoeloiltoncajuhy.com.br\/site\/wp-content\/uploads\/2025\/04\/Alice-Portugal-declaracoes-de-Moraes-sobre-Jair-Bolsonaro-apontam-que-houve.jpeg?resize=300%2C187&amp;ssl=1 300w\" sizes=\"(max-width: 610px) 100vw, 610px\" \/><\/a><figcaption class=\"wp-element-caption\"><sub>Alice Portugal: declara\u00e7\u00f5es de Moraes sobre Jair Bolsonaro apontam que houve<\/sub><\/figcaption><\/figure>\n\n\n\n<p>A deputada federal Alice Portugal (PCdoB-BA) destacou a gravidade do plano golpista e mencionou declara\u00e7\u00f5es do ministro Alexandre de Moraes, relator do inqu\u00e9rito no Supremo Tribunal Federal (STF). O magistrado citou a minuta do golpe e fez refer\u00eancia \u00e0 participa\u00e7\u00e3o de Jair Bolsonaro (PL) no esquema ilegal. O pol\u00edtico da extrema-direita est\u00e1 entre os 14 acusados que se tornaram r\u00e9us por decis\u00e3o do STF. Nesta ter\u00e7a-feira (22), o tribunal anunciou mais seis r\u00e9us.<\/p>\n\n\n\n<blockquote class=\"wp-block-quote is-layout-flow wp-block-quote-is-layout-flow\">\n<p><strong><mark style=\"background-color:rgba(0, 0, 0, 0)\" class=\"has-inline-color has-black-color\">\u201cA minuta do golpe, que passou de m\u00e3o em m\u00e3o at\u00e9 chegar ao ex-presidente, \u00e9 prova clara de uma tentativa de golpe. Por unanimidade, o STF acaba de tornar r\u00e9us seis acusados. N\u00e3o h\u00e1 mais espa\u00e7o para d\u00favida: quem tentou abalar a democracia precisa pagar pelo seu crime!\u201d, escreveu a parlamentar na rede social X.<\/mark><\/strong><\/p>\n<\/blockquote>\n\n\n\n<p>O ministro Alexandre de Moraes relembrou declara\u00e7\u00f5es de Jair Bolsonaro, que, em 26 de mar\u00e7o, confirmou em entrevista coletiva ter recebido a minuta do golpe. Bolsonaro afirmou ter imprimido o documento para \u201csaber o que era\u201d.<\/p>\n\n\n\n<p>\u201cVoc\u00ea pega a minuta do golpe encontrada na casa do Anderson. Tem um primeiro par\u00e1grafo, meia d\u00fazia de linhas, que fala que seria uma interven\u00e7\u00e3o via estado de defesa no TSE. O resto, as outras duas p\u00e1ginas, s\u00e3o c\u00f3pias da Constitui\u00e7\u00e3o\u201d, disse Bolsonaro na \u00e9poca.<\/p>\n\n\n\n<p><a href=\"https:\/\/whatsapp.com\/channel\/0029VaAT7tDLI8Yfj5y9Z50Z\"><strong><mark style=\"background-color:rgba(0, 0, 0, 0)\" class=\"has-inline-color has-vivid-red-color\">Siga nosso canal no WhatsApp e veja mais not\u00edcias<\/mark><\/strong><\/a><\/p>\n\n\n\n<p>Em comunicado divulgado em 26 de mar\u00e7o, o STF afirmou que a den\u00fancia da Procuradoria-Geral da Rep\u00fablica (PGR) apontou o &#8220;N\u00facleo 1&#8221;, ou &#8220;N\u00facleo Crucial&#8221;, como &#8220;uma organiza\u00e7\u00e3o criminosa que buscava impedir o regular funcionamento dos Poderes da Rep\u00fablica e depor o governo legitimamente eleito&#8221;.<\/p>\n\n\n\n<p>Os membros do N\u00facleo 2 foram acusados de usar a m\u00e1quina p\u00fablica, como a Pol\u00edcia Rodovi\u00e1ria Federal (PRF), para dificultar o acesso de eleitores aos locais de vota\u00e7\u00e3o no segundo turno das Elei\u00e7\u00f5es 2022, principalmente no Nordeste, reduto eleitoral de Luiz In\u00e1cio Lula da Silva (PT), ent\u00e3o advers\u00e1rio de Jair Bolsonaro na disputa presidencial.<\/p>\n","protected":false},"excerpt":{"rendered":"<p>Por Brasil 247 A deputada federal Alice Portugal (PCdoB-BA) destacou a gravidade do plano golpista e mencionou declara\u00e7\u00f5es do ministro Alexandre de Moraes, relator do inqu\u00e9rito no Supremo Tribunal Federal (STF). O magistrado citou a minuta do golpe e fez refer\u00eancia \u00e0 participa\u00e7\u00e3o de Jair Bolsonaro (PL) no esquema ilegal. O pol\u00edtico da extrema-direita est\u00e1 [&hellip;]<\/p>\n","protected":false},"author":2,"featured_media":87236,"comment_status":"open","ping_status":"open","sticky":false,"template":"","format":"standard","meta":{"_acf_changed":false,"_monsterinsights_skip_tracking":false,"_monsterinsights_sitenote_active":false,"_monsterinsights_sitenote_note":"","_monsterinsights_sitenote_category":0,"_jetpack_memberships_contains_paid_content":false,"footnotes":"","jetpack_publicize_message":"","jetpack_publicize_feature_enabled":true,"jetpack_social_post_already_shared":true,"jetpack_social_options":{"image_generator_settings":{"template":"highway","default_image_id":0,"font":"","enabled":false},"version":2}},"categories":[3],"tags":[],"class_list":["post-87235","post","type-post","status-publish","format-standard","has-post-thumbnail","hentry","category-politica"],"acf":[],"jetpack_publicize_connections":[],"jetpack_featured_media_url":"https:\/\/i0.wp.com\/blogdoeloiltoncajuhy.com.br\/site\/wp-content\/uploads\/2025\/04\/Alice-Portugal-declaracoes-de-Moraes-sobre-Jair-Bolsonaro-apontam-que-houve.jpeg?fit=610%2C380&ssl=1","jetpack_sharing_enabled":true,"publishpress_future_workflow_manual_trigger":{"enabledWorkflows":[]},"_links":{"self":[{"href":"https:\/\/blogdoeloiltoncajuhy.com.br\/site\/wp-json\/wp\/v2\/posts\/87235","targetHints":{"allow":["GET"]}}],"collection":[{"href":"https:\/\/blogdoeloiltoncajuhy.com.br\/site\/wp-json\/wp\/v2\/posts"}],"about":[{"href":"https:\/\/blogdoeloiltoncajuhy.com.br\/site\/wp-json\/wp\/v2\/types\/post"}],"author":[{"embeddable":true,"href":"https:\/\/blogdoeloiltoncajuhy.com.br\/site\/wp-json\/wp\/v2\/users\/2"}],"replies":[{"embeddable":true,"href":"https:\/\/blogdoeloiltoncajuhy.com.br\/site\/wp-json\/wp\/v2\/comments?post=87235"}],"version-history":[{"count":1,"href":"https:\/\/blogdoeloiltoncajuhy.com.br\/site\/wp-json\/wp\/v2\/posts\/87235\/revisions"}],"predecessor-version":[{"id":87237,"href":"https:\/\/blogdoeloiltoncajuhy.com.br\/site\/wp-json\/wp\/v2\/posts\/87235\/revisions\/87237"}],"wp:featuredmedia":[{"embeddable":true,"href":"https:\/\/blogdoeloiltoncajuhy.com.br\/site\/wp-json\/wp\/v2\/media\/87236"}],"wp:attachment":[{"href":"https:\/\/blogdoeloiltoncajuhy.com.br\/site\/wp-json\/wp\/v2\/media?parent=87235"}],"wp:term":[{"taxonomy":"category","embeddable":true,"href":"https:\/\/blogdoeloiltoncajuhy.com.br\/site\/wp-json\/wp\/v2\/categories?post=87235"},{"taxonomy":"post_tag","embeddable":true,"href":"https:\/\/blogdoeloiltoncajuhy.com.br\/site\/wp-json\/wp\/v2\/tags?post=87235"}],"curies":[{"name":"wp","href":"https:\/\/api.w.org\/{rel}","templated":true}]}}