{"id":87232,"date":"2025-04-23T08:02:48","date_gmt":"2025-04-23T11:02:48","guid":{"rendered":"https:\/\/blogdoeloiltoncajuhy.com.br\/site\/?p=87232"},"modified":"2025-04-23T08:02:50","modified_gmt":"2025-04-23T11:02:50","slug":"encceja-2025-abre-inscricoes-e-oferece-nova-chance-para-quem-deseja-concluir-os-estudos","status":"publish","type":"post","link":"https:\/\/blogdoeloiltoncajuhy.com.br\/site\/encceja-2025-abre-inscricoes-e-oferece-nova-chance-para-quem-deseja-concluir-os-estudos\/","title":{"rendered":"Encceja 2025 abre inscri\u00e7\u00f5es e oferece nova chance para quem deseja concluir os estudos"},"content":{"rendered":"\n<p><strong>Por Catraca Livre<\/strong><\/p>\n\n\n\n<figure class=\"wp-block-image aligncenter size-full is-resized\"><a href=\"https:\/\/i0.wp.com\/blogdoeloiltoncajuhy.com.br\/site\/wp-content\/uploads\/2025\/04\/Provas-Encceja-Sala-de-Aula-Foto-Joel-Rodrigues-Agencia-Brasilia.jpeg?ssl=1\"><img data-recalc-dims=\"1\" fetchpriority=\"high\" decoding=\"async\" width=\"768\" height=\"459\" src=\"https:\/\/i0.wp.com\/blogdoeloiltoncajuhy.com.br\/site\/wp-content\/uploads\/2025\/04\/Provas-Encceja-Sala-de-Aula-Foto-Joel-Rodrigues-Agencia-Brasilia.jpeg?resize=768%2C459&#038;ssl=1\" alt=\"\" class=\"wp-image-87233\" style=\"width:701px;height:auto\" srcset=\"https:\/\/i0.wp.com\/blogdoeloiltoncajuhy.com.br\/site\/wp-content\/uploads\/2025\/04\/Provas-Encceja-Sala-de-Aula-Foto-Joel-Rodrigues-Agencia-Brasilia.jpeg?w=768&amp;ssl=1 768w, https:\/\/i0.wp.com\/blogdoeloiltoncajuhy.com.br\/site\/wp-content\/uploads\/2025\/04\/Provas-Encceja-Sala-de-Aula-Foto-Joel-Rodrigues-Agencia-Brasilia.jpeg?resize=300%2C179&amp;ssl=1 300w\" sizes=\"(max-width: 768px) 100vw, 768px\" \/><\/a><figcaption class=\"wp-element-caption\"><sub>Foto: Joel Rodrigues\/Ag\u00eancia Bras\u00edlia<\/sub><\/figcaption><\/figure>\n\n\n\n<p>O Instituto Nacional de Estudos e Pesquisas Educacionais An\u00edsio Teixeira (Inep) abriu as inscri\u00e7\u00f5es para a edi\u00e7\u00e3o 2025 do Exame Nacional para Certifica\u00e7\u00e3o de Compet\u00eancias de Jovens e Adultos (Encceja).<\/p>\n\n\n\n<p>A prova, totalmente gratuita, \u00e9 voltada para quem deseja obter o certificado de conclus\u00e3o do ensino fundamental ou m\u00e9dio e n\u00e3o p\u00f4de concluir os estudos na idade apropriada.<\/p>\n\n\n\n<p><a href=\"https:\/\/whatsapp.com\/channel\/0029VaAT7tDLI8Yfj5y9Z50Z\"><strong><mark style=\"background-color:rgba(0, 0, 0, 0)\" class=\"has-inline-color has-vivid-red-color\">Siga nosso canal no WhatsApp e veja mais not\u00edcias<\/mark><\/strong><\/a><\/p>\n\n\n\n<p>O per\u00edodo de inscri\u00e7\u00f5es vai de 21 de abril a 2 de maio de 2025, e o cadastro deve ser feito exclusivamente pelo site oficial do exame: <a href=\"http:\/\/enccejanacional.inep.gov.br\/encceja\"><strong><mark style=\"background-color:rgba(0, 0, 0, 0)\" class=\"has-inline-color has-vivid-cyan-blue-color\">enccejanacional.inep.gov.br\/encceja<\/mark><\/strong><\/a>. As provas da edi\u00e7\u00e3o 2025 est\u00e3o previstas para acontecer no dia 3 de agosto em todo o pa\u00eds.<\/p>\n\n\n\n<p>Para participar, \u00e9 necess\u00e1rio ter no m\u00ednimo 15 anos completos (para o ensino fundamental) ou 18 anos (para o ensino m\u00e9dio) at\u00e9 a data da aplica\u00e7\u00e3o da prova.<\/p>\n\n\n\n<h4 class=\"wp-block-heading\"><strong><mark style=\"background-color:rgba(0, 0, 0, 0)\" class=\"has-inline-color has-black-color\">Prova Encceja 2025<\/mark><\/strong><\/h4>\n\n\n\n<p>A prova avalia conhecimentos nas \u00e1reas de ci\u00eancias humanas, ci\u00eancias da natureza, matem\u00e1tica, linguagens e reda\u00e7\u00e3o. Para ser aprovado, o participante precisa atingir a nota m\u00ednima em cada \u00e1rea e na reda\u00e7\u00e3o. Quem conseguir bons resultados pode obter o certificado de conclus\u00e3o ou a declara\u00e7\u00e3o parcial de profici\u00eancia.<\/p>\n\n\n\n<p>O Encceja \u00e9 uma oportunidade fundamental para quem busca retomar os estudos, acessar o ensino superior, participar de concursos p\u00fablicos ou melhorar suas chances no mercado de trabalho.<\/p>\n\n\n\n<p>Al\u00e9m de permitir que milhares de brasileiros retomem seus estudos, o Encceja tamb\u00e9m contribui para a formula\u00e7\u00e3o de pol\u00edticas p\u00fablicas voltadas \u00e0 Educa\u00e7\u00e3o de Jovens e Adultos (EJA), servindo ainda como fonte de dados e indicadores importantes para avalia\u00e7\u00e3o do sistema educacional brasileiro.<\/p>\n\n\n\n<p>Al\u00e9m da inscri\u00e7\u00e3o, o Inep tamb\u00e9m recebe, no mesmo per\u00edodo, solicita\u00e7\u00f5es de atendimento especializado e de tratamento pelo nome social, garantindo inclus\u00e3o e acessibilidade para todos os participantes.<\/p>\n\n\n\n<p>Mais informa\u00e7\u00f5es est\u00e3o dispon\u00edveis no site do Instituto Nacional de Estudos e Pesquisas Educacionais An\u00edsio Teixeira (Inep), respons\u00e1vel pela organiza\u00e7\u00e3o do exame: <a href=\"http:\/\/www.gov.br\/inep\"><strong><mark style=\"background-color:rgba(0, 0, 0, 0)\" class=\"has-inline-color has-vivid-cyan-blue-color\">www.gov.br\/inep<\/mark><\/strong><\/a>.<\/p>\n","protected":false},"excerpt":{"rendered":"<p>Por Catraca Livre O Instituto Nacional de Estudos e Pesquisas Educacionais An\u00edsio Teixeira (Inep) abriu as inscri\u00e7\u00f5es para a edi\u00e7\u00e3o 2025 do Exame Nacional para Certifica\u00e7\u00e3o de Compet\u00eancias de Jovens e Adultos (Encceja). A prova, totalmente gratuita, \u00e9 voltada para quem deseja obter o certificado de conclus\u00e3o do ensino fundamental ou m\u00e9dio e n\u00e3o p\u00f4de [&hellip;]<\/p>\n","protected":false},"author":2,"featured_media":87233,"comment_status":"open","ping_status":"open","sticky":false,"template":"","format":"standard","meta":{"_acf_changed":false,"_monsterinsights_skip_tracking":false,"_monsterinsights_sitenote_active":false,"_monsterinsights_sitenote_note":"","_monsterinsights_sitenote_category":0,"_jetpack_memberships_contains_paid_content":false,"footnotes":"","jetpack_publicize_message":"","jetpack_publicize_feature_enabled":true,"jetpack_social_post_already_shared":true,"jetpack_social_options":{"image_generator_settings":{"template":"highway","default_image_id":0,"font":"","enabled":false},"version":2}},"categories":[14],"tags":[],"class_list":["post-87232","post","type-post","status-publish","format-standard","has-post-thumbnail","hentry","category-educacao"],"acf":[],"jetpack_publicize_connections":[],"jetpack_featured_media_url":"https:\/\/i0.wp.com\/blogdoeloiltoncajuhy.com.br\/site\/wp-content\/uploads\/2025\/04\/Provas-Encceja-Sala-de-Aula-Foto-Joel-Rodrigues-Agencia-Brasilia.jpeg?fit=768%2C459&ssl=1","jetpack_sharing_enabled":true,"publishpress_future_workflow_manual_trigger":{"enabledWorkflows":[]},"_links":{"self":[{"href":"https:\/\/blogdoeloiltoncajuhy.com.br\/site\/wp-json\/wp\/v2\/posts\/87232","targetHints":{"allow":["GET"]}}],"collection":[{"href":"https:\/\/blogdoeloiltoncajuhy.com.br\/site\/wp-json\/wp\/v2\/posts"}],"about":[{"href":"https:\/\/blogdoeloiltoncajuhy.com.br\/site\/wp-json\/wp\/v2\/types\/post"}],"author":[{"embeddable":true,"href":"https:\/\/blogdoeloiltoncajuhy.com.br\/site\/wp-json\/wp\/v2\/users\/2"}],"replies":[{"embeddable":true,"href":"https:\/\/blogdoeloiltoncajuhy.com.br\/site\/wp-json\/wp\/v2\/comments?post=87232"}],"version-history":[{"count":1,"href":"https:\/\/blogdoeloiltoncajuhy.com.br\/site\/wp-json\/wp\/v2\/posts\/87232\/revisions"}],"predecessor-version":[{"id":87234,"href":"https:\/\/blogdoeloiltoncajuhy.com.br\/site\/wp-json\/wp\/v2\/posts\/87232\/revisions\/87234"}],"wp:featuredmedia":[{"embeddable":true,"href":"https:\/\/blogdoeloiltoncajuhy.com.br\/site\/wp-json\/wp\/v2\/media\/87233"}],"wp:attachment":[{"href":"https:\/\/blogdoeloiltoncajuhy.com.br\/site\/wp-json\/wp\/v2\/media?parent=87232"}],"wp:term":[{"taxonomy":"category","embeddable":true,"href":"https:\/\/blogdoeloiltoncajuhy.com.br\/site\/wp-json\/wp\/v2\/categories?post=87232"},{"taxonomy":"post_tag","embeddable":true,"href":"https:\/\/blogdoeloiltoncajuhy.com.br\/site\/wp-json\/wp\/v2\/tags?post=87232"}],"curies":[{"name":"wp","href":"https:\/\/api.w.org\/{rel}","templated":true}]}}