{"id":87179,"date":"2025-04-19T11:41:02","date_gmt":"2025-04-19T14:41:02","guid":{"rendered":"https:\/\/blogdoeloiltoncajuhy.com.br\/site\/?p=87179"},"modified":"2025-04-19T11:41:03","modified_gmt":"2025-04-19T14:41:03","slug":"acao-policial-termina-com-tres-homens-mortos-mulher-presa-e-dois-adolescentes-apreendidos-em-jacobina","status":"publish","type":"post","link":"https:\/\/blogdoeloiltoncajuhy.com.br\/site\/acao-policial-termina-com-tres-homens-mortos-mulher-presa-e-dois-adolescentes-apreendidos-em-jacobina\/","title":{"rendered":"A\u00e7\u00e3o policial termina com tr\u00eas homens mortos, mulher presa e dois adolescentes apreendidos em Jacobina"},"content":{"rendered":"\n<p><strong>Por g1 BA<\/strong><\/p>\n\n\n\n<figure class=\"wp-block-image aligncenter size-full\"><a href=\"https:\/\/i0.wp.com\/blogdoeloiltoncajuhy.com.br\/site\/wp-content\/uploads\/2025\/04\/Material-apreendido-com-o-grupo-%E2%80%94-Foto-Policia-Militar.jpeg?ssl=1\"><img data-recalc-dims=\"1\" fetchpriority=\"high\" decoding=\"async\" width=\"800\" height=\"385\" src=\"https:\/\/i0.wp.com\/blogdoeloiltoncajuhy.com.br\/site\/wp-content\/uploads\/2025\/04\/Material-apreendido-com-o-grupo-%E2%80%94-Foto-Policia-Militar.jpeg?resize=800%2C385&#038;ssl=1\" alt=\"\" class=\"wp-image-87180\" srcset=\"https:\/\/i0.wp.com\/blogdoeloiltoncajuhy.com.br\/site\/wp-content\/uploads\/2025\/04\/Material-apreendido-com-o-grupo-%E2%80%94-Foto-Policia-Militar.jpeg?w=984&amp;ssl=1 984w, https:\/\/i0.wp.com\/blogdoeloiltoncajuhy.com.br\/site\/wp-content\/uploads\/2025\/04\/Material-apreendido-com-o-grupo-%E2%80%94-Foto-Policia-Militar.jpeg?resize=300%2C145&amp;ssl=1 300w, https:\/\/i0.wp.com\/blogdoeloiltoncajuhy.com.br\/site\/wp-content\/uploads\/2025\/04\/Material-apreendido-com-o-grupo-%E2%80%94-Foto-Policia-Militar.jpeg?resize=768%2C370&amp;ssl=1 768w\" sizes=\"(max-width: 800px) 100vw, 800px\" \/><\/a><figcaption class=\"wp-element-caption\"><sub>Material apreendido com o grupo \u2014 Foto: Pol\u00edcia Militar<\/sub><\/figcaption><\/figure>\n\n\n\n<p>Tr\u00eas homens morreram, uma mulher foi presa e dois adolescentes foram apreendidos ap\u00f3s uma troca de tiros entre um grupo armado e policiais militares na sexta-feira (18), na cidade de Jacobina, no norte da Bahia.<\/p>\n\n\n\n<p>De acordo com a Pol\u00edcia Militar, o confronto aconteceu ap\u00f3s os agentes receberem uma den\u00fancia de homens armados na localidade conhecida como &#8220;Lagoa do Peixe&#8221;.<\/p>\n\n\n\n<p><a href=\"https:\/\/whatsapp.com\/channel\/0029VaAT7tDLI8Yfj5y9Z50Z\"><strong><mark style=\"background-color:rgba(0, 0, 0, 0)\" class=\"has-inline-color has-vivid-red-color\">Siga nosso canal no WhatsApp e veja mais not\u00edcias<\/mark><\/strong><\/a><\/p>\n\n\n\n<p>A PM informou que os homens, que n\u00e3o tiveram os nomes revelados, foram socorridos e levados para uma unidade de sa\u00fade da regi\u00e3o, onde tiveram os \u00f3bitos confirmados. A mulher e os adolescentes foram encaminhados para a delegacia do munic\u00edpio.<\/p>\n\n\n\n<p>Com o grupo, os policiais apreenderam uma pistola, quatro rev\u00f3lveres, quase 100 muni\u00e7\u00f5es de calibres variados, coletes antibal\u00edstico, al\u00e9m de maconha, crack, uma motocicleta e oito celulares.<\/p>\n\n\n\n<p>Um dia antes, cinco homens morreram ap\u00f3s confronto com policiais militares, na zona rural de Santa B\u00e1rbara, na regi\u00e3o de Feira de Santana.<\/p>\n","protected":false},"excerpt":{"rendered":"<p>Por g1 BA Tr\u00eas homens morreram, uma mulher foi presa e dois adolescentes foram apreendidos ap\u00f3s uma troca de tiros entre um grupo armado e policiais militares na sexta-feira (18), na cidade de Jacobina, no norte da Bahia. De acordo com a Pol\u00edcia Militar, o confronto aconteceu ap\u00f3s os agentes receberem uma den\u00fancia de homens [&hellip;]<\/p>\n","protected":false},"author":2,"featured_media":87180,"comment_status":"open","ping_status":"open","sticky":false,"template":"","format":"standard","meta":{"_acf_changed":false,"_monsterinsights_skip_tracking":false,"_monsterinsights_sitenote_active":false,"_monsterinsights_sitenote_note":"","_monsterinsights_sitenote_category":0,"_jetpack_memberships_contains_paid_content":false,"footnotes":"","jetpack_publicize_message":"","jetpack_publicize_feature_enabled":true,"jetpack_social_post_already_shared":true,"jetpack_social_options":{"image_generator_settings":{"template":"highway","default_image_id":0,"font":"","enabled":false},"version":2}},"categories":[15],"tags":[],"class_list":["post-87179","post","type-post","status-publish","format-standard","has-post-thumbnail","hentry","category-policia"],"acf":[],"jetpack_publicize_connections":[],"jetpack_featured_media_url":"https:\/\/i0.wp.com\/blogdoeloiltoncajuhy.com.br\/site\/wp-content\/uploads\/2025\/04\/Material-apreendido-com-o-grupo-%E2%80%94-Foto-Policia-Militar.jpeg?fit=984%2C474&ssl=1","jetpack_sharing_enabled":true,"publishpress_future_workflow_manual_trigger":{"enabledWorkflows":[]},"_links":{"self":[{"href":"https:\/\/blogdoeloiltoncajuhy.com.br\/site\/wp-json\/wp\/v2\/posts\/87179","targetHints":{"allow":["GET"]}}],"collection":[{"href":"https:\/\/blogdoeloiltoncajuhy.com.br\/site\/wp-json\/wp\/v2\/posts"}],"about":[{"href":"https:\/\/blogdoeloiltoncajuhy.com.br\/site\/wp-json\/wp\/v2\/types\/post"}],"author":[{"embeddable":true,"href":"https:\/\/blogdoeloiltoncajuhy.com.br\/site\/wp-json\/wp\/v2\/users\/2"}],"replies":[{"embeddable":true,"href":"https:\/\/blogdoeloiltoncajuhy.com.br\/site\/wp-json\/wp\/v2\/comments?post=87179"}],"version-history":[{"count":1,"href":"https:\/\/blogdoeloiltoncajuhy.com.br\/site\/wp-json\/wp\/v2\/posts\/87179\/revisions"}],"predecessor-version":[{"id":87181,"href":"https:\/\/blogdoeloiltoncajuhy.com.br\/site\/wp-json\/wp\/v2\/posts\/87179\/revisions\/87181"}],"wp:featuredmedia":[{"embeddable":true,"href":"https:\/\/blogdoeloiltoncajuhy.com.br\/site\/wp-json\/wp\/v2\/media\/87180"}],"wp:attachment":[{"href":"https:\/\/blogdoeloiltoncajuhy.com.br\/site\/wp-json\/wp\/v2\/media?parent=87179"}],"wp:term":[{"taxonomy":"category","embeddable":true,"href":"https:\/\/blogdoeloiltoncajuhy.com.br\/site\/wp-json\/wp\/v2\/categories?post=87179"},{"taxonomy":"post_tag","embeddable":true,"href":"https:\/\/blogdoeloiltoncajuhy.com.br\/site\/wp-json\/wp\/v2\/tags?post=87179"}],"curies":[{"name":"wp","href":"https:\/\/api.w.org\/{rel}","templated":true}]}}