{"id":87172,"date":"2025-04-19T11:22:01","date_gmt":"2025-04-19T14:22:01","guid":{"rendered":"https:\/\/blogdoeloiltoncajuhy.com.br\/site\/?p=87172"},"modified":"2025-04-19T11:22:02","modified_gmt":"2025-04-19T14:22:02","slug":"neymar-e-proibido-de-voar-com-helicoptero-pela-anac-por-problemas-de-documentacao","status":"publish","type":"post","link":"https:\/\/blogdoeloiltoncajuhy.com.br\/site\/neymar-e-proibido-de-voar-com-helicoptero-pela-anac-por-problemas-de-documentacao\/","title":{"rendered":"Neymar \u00e9 proibido de voar com helic\u00f3ptero pela Anac por problemas de documenta\u00e7\u00e3o"},"content":{"rendered":"\n<p class=\"has-medium-font-size\"><strong>Equipe do craque afirma que procedimento \u00e9 padr\u00e3o e aeronave passa por manuten\u00e7\u00e3o.<\/strong><\/p>\n\n\n\n<p><strong>Por f5\/Folha de S.Paulo<\/strong><\/p>\n\n\n\n<figure class=\"wp-block-image aligncenter size-full\"><a href=\"https:\/\/i0.wp.com\/blogdoeloiltoncajuhy.com.br\/site\/wp-content\/uploads\/2025\/04\/Helicopetero-Neymar-Reproducao.jpg?ssl=1\"><img data-recalc-dims=\"1\" fetchpriority=\"high\" decoding=\"async\" width=\"720\" height=\"480\" src=\"https:\/\/i0.wp.com\/blogdoeloiltoncajuhy.com.br\/site\/wp-content\/uploads\/2025\/04\/Helicopetero-Neymar-Reproducao.jpg?resize=720%2C480&#038;ssl=1\" alt=\"\" class=\"wp-image-87173\" srcset=\"https:\/\/i0.wp.com\/blogdoeloiltoncajuhy.com.br\/site\/wp-content\/uploads\/2025\/04\/Helicopetero-Neymar-Reproducao.jpg?w=720&amp;ssl=1 720w, https:\/\/i0.wp.com\/blogdoeloiltoncajuhy.com.br\/site\/wp-content\/uploads\/2025\/04\/Helicopetero-Neymar-Reproducao.jpg?resize=300%2C200&amp;ssl=1 300w\" sizes=\"(max-width: 720px) 100vw, 720px\" \/><\/a><figcaption class=\"wp-element-caption\"><sub>Neymar chega de helic\u00f3ptero em Santos &#8211; Reprodu\u00e7\u00e3o<\/sub><\/figcaption><\/figure>\n\n\n\n<p>A Ag\u00eancia Nacional de Avia\u00e7\u00e3o Civil (Anac) proibiu o jogador Neymar de voar com seu helic\u00f3ptero desde o in\u00edcio de abril. O motivo \u00e9 o vencimento do Certificado de Verifica\u00e7\u00e3o de Aeronavegabilidade (CVA), o que fez com que o Certificado de Aeronavegabilidade (CA) fosse suspenso no dia 4.<\/p>\n\n\n\n<p>O helic\u00f3ptero, avaliado em cerca de R$ 50 milh\u00f5es, era costumeiramente utilizado pelo atleta em idas ao centro de treinamento do Santos, onde joga, e para a mans\u00e3o dele em Mangaratiba, no Rio de Janeiro. Cada trecho para ir ao trabalho equivalia a R$ 7.000 de gastos.<\/p>\n\n\n\n<p><a href=\"https:\/\/whatsapp.com\/channel\/0029VaAT7tDLI8Yfj5y9Z50Z\"><strong><mark style=\"background-color:rgba(0, 0, 0, 0)\" class=\"has-inline-color has-vivid-red-color\">Siga nosso canal no WhatsApp e veja mais not\u00edcias<\/mark><\/strong><\/a><\/p>\n\n\n\n<p>Segundo normas da Anac, a cada tr\u00eas anos o documento precisa ser apresentado. No ano passado, Neymar conseguiu prorrogar o prazo, j\u00e1 que o certificado j\u00e1 estaria expirado.<\/p>\n\n\n\n<p>A aeronave, toda preta e com s\u00edmbolos do Batman na parte interna, tem nove assentos para passageiros e um para o piloto. Em mar\u00e7o, ela foi vista estacionada num casar\u00e3o em Ara\u00e7oiaba da Serra (interior de SP), onde o atleta teria estado numa festa com outras garotas, o que rendeu crise no casamento com Bruna Biancardi.<\/p>\n\n\n\n<p>Procurada, a assessoria de Neymar afirmou que se trata de um &#8220;procedimento padr\u00e3o realizado anualmente&#8221; e que a aeronave est\u00e1 em manuten\u00e7\u00e3o desde o dia 26 de mar\u00e7o, com previs\u00e3o de conclus\u00e3o em at\u00e9 40 dias. Disse ainda que ap\u00f3s essa manuten\u00e7\u00e3o, a Anac verificar\u00e1 a realiza\u00e7\u00e3o de todos os itens da inspe\u00e7\u00e3o e atualizar\u00e1 o sistema, liberando a aeronave.<\/p>\n\n\n\n<figure class=\"wp-block-image aligncenter size-full is-resized\"><a href=\"https:\/\/i0.wp.com\/blogdoeloiltoncajuhy.com.br\/site\/wp-content\/uploads\/2025\/04\/Neymar-Reproducao-Instagram.png?ssl=1\"><img data-recalc-dims=\"1\" decoding=\"async\" width=\"517\" height=\"515\" src=\"https:\/\/i0.wp.com\/blogdoeloiltoncajuhy.com.br\/site\/wp-content\/uploads\/2025\/04\/Neymar-Reproducao-Instagram.png?resize=517%2C515&#038;ssl=1\" alt=\"\" class=\"wp-image-87174\" style=\"width:517px;height:auto\" srcset=\"https:\/\/i0.wp.com\/blogdoeloiltoncajuhy.com.br\/site\/wp-content\/uploads\/2025\/04\/Neymar-Reproducao-Instagram.png?w=517&amp;ssl=1 517w, https:\/\/i0.wp.com\/blogdoeloiltoncajuhy.com.br\/site\/wp-content\/uploads\/2025\/04\/Neymar-Reproducao-Instagram.png?resize=300%2C300&amp;ssl=1 300w, https:\/\/i0.wp.com\/blogdoeloiltoncajuhy.com.br\/site\/wp-content\/uploads\/2025\/04\/Neymar-Reproducao-Instagram.png?resize=150%2C150&amp;ssl=1 150w\" sizes=\"(max-width: 517px) 100vw, 517px\" \/><\/a><figcaption class=\"wp-element-caption\"><sub>Reprodu\u00e7\u00e3o \/ Instagram<\/sub><\/figcaption><\/figure>\n","protected":false},"excerpt":{"rendered":"<p>Equipe do craque afirma que procedimento \u00e9 padr\u00e3o e aeronave passa por manuten\u00e7\u00e3o. Por f5\/Folha de S.Paulo A Ag\u00eancia Nacional de Avia\u00e7\u00e3o Civil (Anac) proibiu o jogador Neymar de voar com seu helic\u00f3ptero desde o in\u00edcio de abril. O motivo \u00e9 o vencimento do Certificado de Verifica\u00e7\u00e3o de Aeronavegabilidade (CVA), o que fez com que [&hellip;]<\/p>\n","protected":false},"author":2,"featured_media":87173,"comment_status":"open","ping_status":"open","sticky":false,"template":"","format":"standard","meta":{"_acf_changed":false,"_monsterinsights_skip_tracking":false,"_monsterinsights_sitenote_active":false,"_monsterinsights_sitenote_note":"","_monsterinsights_sitenote_category":0,"_jetpack_memberships_contains_paid_content":false,"footnotes":"","jetpack_publicize_message":"","jetpack_publicize_feature_enabled":true,"jetpack_social_post_already_shared":true,"jetpack_social_options":{"image_generator_settings":{"template":"highway","default_image_id":0,"font":"","enabled":false},"version":2}},"categories":[6],"tags":[],"class_list":["post-87172","post","type-post","status-publish","format-standard","has-post-thumbnail","hentry","category-esportes"],"acf":[],"jetpack_publicize_connections":[],"jetpack_featured_media_url":"https:\/\/i0.wp.com\/blogdoeloiltoncajuhy.com.br\/site\/wp-content\/uploads\/2025\/04\/Helicopetero-Neymar-Reproducao.jpg?fit=720%2C480&ssl=1","jetpack_sharing_enabled":true,"publishpress_future_workflow_manual_trigger":{"enabledWorkflows":[]},"_links":{"self":[{"href":"https:\/\/blogdoeloiltoncajuhy.com.br\/site\/wp-json\/wp\/v2\/posts\/87172","targetHints":{"allow":["GET"]}}],"collection":[{"href":"https:\/\/blogdoeloiltoncajuhy.com.br\/site\/wp-json\/wp\/v2\/posts"}],"about":[{"href":"https:\/\/blogdoeloiltoncajuhy.com.br\/site\/wp-json\/wp\/v2\/types\/post"}],"author":[{"embeddable":true,"href":"https:\/\/blogdoeloiltoncajuhy.com.br\/site\/wp-json\/wp\/v2\/users\/2"}],"replies":[{"embeddable":true,"href":"https:\/\/blogdoeloiltoncajuhy.com.br\/site\/wp-json\/wp\/v2\/comments?post=87172"}],"version-history":[{"count":1,"href":"https:\/\/blogdoeloiltoncajuhy.com.br\/site\/wp-json\/wp\/v2\/posts\/87172\/revisions"}],"predecessor-version":[{"id":87175,"href":"https:\/\/blogdoeloiltoncajuhy.com.br\/site\/wp-json\/wp\/v2\/posts\/87172\/revisions\/87175"}],"wp:featuredmedia":[{"embeddable":true,"href":"https:\/\/blogdoeloiltoncajuhy.com.br\/site\/wp-json\/wp\/v2\/media\/87173"}],"wp:attachment":[{"href":"https:\/\/blogdoeloiltoncajuhy.com.br\/site\/wp-json\/wp\/v2\/media?parent=87172"}],"wp:term":[{"taxonomy":"category","embeddable":true,"href":"https:\/\/blogdoeloiltoncajuhy.com.br\/site\/wp-json\/wp\/v2\/categories?post=87172"},{"taxonomy":"post_tag","embeddable":true,"href":"https:\/\/blogdoeloiltoncajuhy.com.br\/site\/wp-json\/wp\/v2\/tags?post=87172"}],"curies":[{"name":"wp","href":"https:\/\/api.w.org\/{rel}","templated":true}]}}