{"id":87169,"date":"2025-04-19T10:52:17","date_gmt":"2025-04-19T13:52:17","guid":{"rendered":"https:\/\/blogdoeloiltoncajuhy.com.br\/site\/?p=87169"},"modified":"2025-04-19T10:52:19","modified_gmt":"2025-04-19T13:52:19","slug":"psdb-prepara-fusao-com-podemos-para-tentar-voltar-ao-jogo-apos-definhar","status":"publish","type":"post","link":"https:\/\/blogdoeloiltoncajuhy.com.br\/site\/psdb-prepara-fusao-com-podemos-para-tentar-voltar-ao-jogo-apos-definhar\/","title":{"rendered":"PSDB prepara fus\u00e3o com Podemos para tentar voltar ao jogo ap\u00f3s definhar"},"content":{"rendered":"\n<p class=\"has-medium-font-size\"><strong>Partido planeja processo em etapas e avalia formar federa\u00e7\u00e3o com Solidariedade para viabilizar nome \u00e0 Presid\u00eancia em 2026.<\/strong><\/p>\n\n\n\n<p><strong>Por Folha de S.Paulo<\/strong><\/p>\n\n\n\n<figure class=\"wp-block-image aligncenter size-full\"><a href=\"https:\/\/i0.wp.com\/blogdoeloiltoncajuhy.com.br\/site\/wp-content\/uploads\/2025\/04\/Governador-do-Rio-Grande-do-Sul-Eduardo-Leite-PSDB-Foto-Pedro-Ladeira-Folhapress.jpg?ssl=1\"><img data-recalc-dims=\"1\" fetchpriority=\"high\" decoding=\"async\" width=\"720\" height=\"480\" src=\"https:\/\/i0.wp.com\/blogdoeloiltoncajuhy.com.br\/site\/wp-content\/uploads\/2025\/04\/Governador-do-Rio-Grande-do-Sul-Eduardo-Leite-PSDB-Foto-Pedro-Ladeira-Folhapress.jpg?resize=720%2C480&#038;ssl=1\" alt=\"\" class=\"wp-image-87170\" srcset=\"https:\/\/i0.wp.com\/blogdoeloiltoncajuhy.com.br\/site\/wp-content\/uploads\/2025\/04\/Governador-do-Rio-Grande-do-Sul-Eduardo-Leite-PSDB-Foto-Pedro-Ladeira-Folhapress.jpg?w=720&amp;ssl=1 720w, https:\/\/i0.wp.com\/blogdoeloiltoncajuhy.com.br\/site\/wp-content\/uploads\/2025\/04\/Governador-do-Rio-Grande-do-Sul-Eduardo-Leite-PSDB-Foto-Pedro-Ladeira-Folhapress.jpg?resize=300%2C200&amp;ssl=1 300w\" sizes=\"(max-width: 720px) 100vw, 720px\" \/><\/a><figcaption class=\"wp-element-caption\"><sub>O governador do Rio Grande do Sul, Eduardo Leite (PSDB), um dos dois chefes de governo estadual da sigla &#8211; Foto: Pedro Ladeira\/Folhapress<\/sub><\/figcaption><\/figure>\n\n\n\n<p>Ap\u00f3s negociar com grandes partidos uma fus\u00e3o, o PSDB deve optar por um processo de alian\u00e7as com siglas menores. Na reta final do prazo estabelecido por seus l\u00edderes para decidir o futuro da legenda, a expectativa na c\u00fapula tucana \u00e9 anunciar em duas semanas a uni\u00e3o com o Podemos.<\/p>\n\n\n\n<p>O grupo planeja um processo em etapas, em que a fus\u00e3o com o Podemos seria seguida pela forma\u00e7\u00e3o de uma federa\u00e7\u00e3o com o Solidariedade. O objetivo do PSDB \u00e9 voltar ao jogo e apresentar uma candidatura alternativa aos campos dominados pelo presidente Lula (PT) e pelo ex-presidente Jair Bolsonaro (PL).<\/p>\n\n\n\n<p>O movimento busca manter a identidade e a hist\u00f3ria do partido, evitando que a legenda seja incorporada por siglas maiores. A decis\u00e3o, no entanto, cria uma amea\u00e7a de sa\u00edda dos dois governadores que restaram no PSDB e que cobram maior estrutura para as elei\u00e7\u00f5es.<\/p>\n\n\n\n<p><a href=\"https:\/\/whatsapp.com\/channel\/0029VaAT7tDLI8Yfj5y9Z50Z\"><strong><mark style=\"background-color:rgba(0, 0, 0, 0)\" class=\"has-inline-color has-vivid-red-color\">Siga nosso canal no WhatsApp e veja mais not\u00edcias<\/mark><\/strong><\/a><\/p>\n\n\n\n<figure class=\"wp-block-image aligncenter size-full is-resized\"><a href=\"https:\/\/i0.wp.com\/blogdoeloiltoncajuhy.com.br\/site\/wp-content\/uploads\/2017\/05\/a%C3%A9cio-neves_mai2017.jpg\"><img data-recalc-dims=\"1\" decoding=\"async\" width=\"500\" height=\"333\" src=\"https:\/\/i0.wp.com\/blogdoeloiltoncajuhy.com.br\/site\/wp-content\/uploads\/2017\/05\/a%C3%A9cio-neves_mai2017.jpg?resize=500%2C333\" alt=\"\" class=\"wp-image-17560\" style=\"width:698px;height:auto\" srcset=\"https:\/\/i0.wp.com\/blogdoeloiltoncajuhy.com.br\/site\/wp-content\/uploads\/2017\/05\/a%C3%A9cio-neves_mai2017.jpg?w=500&amp;ssl=1 500w, https:\/\/i0.wp.com\/blogdoeloiltoncajuhy.com.br\/site\/wp-content\/uploads\/2017\/05\/a%C3%A9cio-neves_mai2017.jpg?resize=300%2C200&amp;ssl=1 300w, https:\/\/i0.wp.com\/blogdoeloiltoncajuhy.com.br\/site\/wp-content\/uploads\/2017\/05\/a%C3%A9cio-neves_mai2017.jpg?resize=250%2C167&amp;ssl=1 250w\" sizes=\"(max-width: 500px) 100vw, 500px\" \/><\/a><figcaption class=\"wp-element-caption\"><sub>A\u00e9cio Neves, um dos caciques tucanos &#8211; Foto: Reprodu\u00e7\u00e3o<\/sub><\/figcaption><\/figure>\n\n\n\n<p>Os defensores da alian\u00e7a tentam convencer Eduardo Leite (Rio Grande do Sul) e Eduardo Riedel (Mato Grosso do Sul) a permanecer no partido, com o argumento de que a nova agremia\u00e7\u00e3o teria mais fundo eleitoral e partid\u00e1rio do que outras, como Republicanos, MDB, PSD e PP.<\/p>\n\n\n\n<p>&#8220;Estamos prestes a construir um novo caminho para o centro democr\u00e1tico brasileiro e para os milh\u00f5es de brasileiros que n\u00e3o se sentem confort\u00e1veis nem com o que representa o lulopetismo nem com o que representa o bolsonarismo&#8221;, afirmou o deputado A\u00e9cio Neves (PSDB-MG), presidente do Instituto Teot\u00f4nio Vilela.<\/p>\n\n\n\n<p>Os governadores do PSDB definiram abril como o prazo final para o partido decidir com quem se aliar\u00e1 na tentativa de sobreviver ap\u00f3s definhar. O processo de encolhimento seu deu com a perda do protagonismo na oposi\u00e7\u00e3o ao PT para Bolsonaro e com os principais l\u00edderes da sigla denunciados na Opera\u00e7\u00e3o Lava Jato.<\/p>\n\n\n\n<p>A legenda chegou a eleger 99 deputados federais e sete governadores em 1998, al\u00e9m de contar com 16 senadores. Na elei\u00e7\u00e3o nacional passada, quando nem sequer lan\u00e7ou candidatura pr\u00f3pria para a Presid\u00eancia, foram apenas 13 deputados federais, tr\u00eas governadores e nenhum senador. Al\u00e9m disso, 2024 foi a pior elei\u00e7\u00e3o municipal na hist\u00f3ria do PSDB.<\/p>\n","protected":false},"excerpt":{"rendered":"<p>Partido planeja processo em etapas e avalia formar federa\u00e7\u00e3o com Solidariedade para viabilizar nome \u00e0 Presid\u00eancia em 2026. Por Folha de S.Paulo Ap\u00f3s negociar com grandes partidos uma fus\u00e3o, o PSDB deve optar por um processo de alian\u00e7as com siglas menores. Na reta final do prazo estabelecido por seus l\u00edderes para decidir o futuro da [&hellip;]<\/p>\n","protected":false},"author":2,"featured_media":87170,"comment_status":"open","ping_status":"open","sticky":false,"template":"","format":"standard","meta":{"_acf_changed":false,"_monsterinsights_skip_tracking":false,"_monsterinsights_sitenote_active":false,"_monsterinsights_sitenote_note":"","_monsterinsights_sitenote_category":0,"_jetpack_memberships_contains_paid_content":false,"footnotes":"","jetpack_publicize_message":"","jetpack_publicize_feature_enabled":true,"jetpack_social_post_already_shared":true,"jetpack_social_options":{"image_generator_settings":{"template":"highway","default_image_id":0,"font":"","enabled":false},"version":2}},"categories":[3],"tags":[],"class_list":["post-87169","post","type-post","status-publish","format-standard","has-post-thumbnail","hentry","category-politica"],"acf":[],"jetpack_publicize_connections":[],"jetpack_featured_media_url":"https:\/\/i0.wp.com\/blogdoeloiltoncajuhy.com.br\/site\/wp-content\/uploads\/2025\/04\/Governador-do-Rio-Grande-do-Sul-Eduardo-Leite-PSDB-Foto-Pedro-Ladeira-Folhapress.jpg?fit=720%2C480&ssl=1","jetpack_sharing_enabled":true,"publishpress_future_workflow_manual_trigger":{"enabledWorkflows":[]},"_links":{"self":[{"href":"https:\/\/blogdoeloiltoncajuhy.com.br\/site\/wp-json\/wp\/v2\/posts\/87169","targetHints":{"allow":["GET"]}}],"collection":[{"href":"https:\/\/blogdoeloiltoncajuhy.com.br\/site\/wp-json\/wp\/v2\/posts"}],"about":[{"href":"https:\/\/blogdoeloiltoncajuhy.com.br\/site\/wp-json\/wp\/v2\/types\/post"}],"author":[{"embeddable":true,"href":"https:\/\/blogdoeloiltoncajuhy.com.br\/site\/wp-json\/wp\/v2\/users\/2"}],"replies":[{"embeddable":true,"href":"https:\/\/blogdoeloiltoncajuhy.com.br\/site\/wp-json\/wp\/v2\/comments?post=87169"}],"version-history":[{"count":1,"href":"https:\/\/blogdoeloiltoncajuhy.com.br\/site\/wp-json\/wp\/v2\/posts\/87169\/revisions"}],"predecessor-version":[{"id":87171,"href":"https:\/\/blogdoeloiltoncajuhy.com.br\/site\/wp-json\/wp\/v2\/posts\/87169\/revisions\/87171"}],"wp:featuredmedia":[{"embeddable":true,"href":"https:\/\/blogdoeloiltoncajuhy.com.br\/site\/wp-json\/wp\/v2\/media\/87170"}],"wp:attachment":[{"href":"https:\/\/blogdoeloiltoncajuhy.com.br\/site\/wp-json\/wp\/v2\/media?parent=87169"}],"wp:term":[{"taxonomy":"category","embeddable":true,"href":"https:\/\/blogdoeloiltoncajuhy.com.br\/site\/wp-json\/wp\/v2\/categories?post=87169"},{"taxonomy":"post_tag","embeddable":true,"href":"https:\/\/blogdoeloiltoncajuhy.com.br\/site\/wp-json\/wp\/v2\/tags?post=87169"}],"curies":[{"name":"wp","href":"https:\/\/api.w.org\/{rel}","templated":true}]}}