{"id":87160,"date":"2025-04-19T08:44:44","date_gmt":"2025-04-19T11:44:44","guid":{"rendered":"https:\/\/blogdoeloiltoncajuhy.com.br\/site\/?p=87160"},"modified":"2025-04-19T08:44:46","modified_gmt":"2025-04-19T11:44:46","slug":"luto-morre-o-ex-prefeito-de-campo-formoso-e-ex-deputado-jose-santana-aos-83-anos","status":"publish","type":"post","link":"https:\/\/blogdoeloiltoncajuhy.com.br\/site\/luto-morre-o-ex-prefeito-de-campo-formoso-e-ex-deputado-jose-santana-aos-83-anos\/","title":{"rendered":"Luto: Morre o ex-prefeito de Campo Formoso e ex-deputado Jos\u00e9 Santana, aos 83 anos"},"content":{"rendered":"\n<p class=\"has-medium-font-size\"><strong>Por Minha Cidade Senhor do Bonfim<\/strong><\/p>\n\n\n\n<figure class=\"wp-block-image aligncenter size-full is-resized\"><a href=\"https:\/\/i0.wp.com\/blogdoeloiltoncajuhy.com.br\/site\/wp-content\/uploads\/2025\/04\/Jose-Santana.png?ssl=1\"><img data-recalc-dims=\"1\" fetchpriority=\"high\" decoding=\"async\" width=\"661\" height=\"635\" src=\"https:\/\/i0.wp.com\/blogdoeloiltoncajuhy.com.br\/site\/wp-content\/uploads\/2025\/04\/Jose-Santana.png?resize=661%2C635&#038;ssl=1\" alt=\"\" class=\"wp-image-87161\" style=\"width:555px;height:auto\" srcset=\"https:\/\/i0.wp.com\/blogdoeloiltoncajuhy.com.br\/site\/wp-content\/uploads\/2025\/04\/Jose-Santana.png?w=661&amp;ssl=1 661w, https:\/\/i0.wp.com\/blogdoeloiltoncajuhy.com.br\/site\/wp-content\/uploads\/2025\/04\/Jose-Santana.png?resize=300%2C288&amp;ssl=1 300w\" sizes=\"(max-width: 661px) 100vw, 661px\" \/><\/a><figcaption class=\"wp-element-caption\"><sub>Foto: R\u00e1dio 98 FM de Campo Formoso<\/sub><\/figcaption><\/figure>\n\n\n\n<p>A Bahia se despede neste s\u00e1bado (19) de <strong><mark style=\"background-color:rgba(0, 0, 0, 0)\" class=\"has-inline-color has-black-color\">Jos\u00e9 Joaquim de Santana<\/mark><\/strong>, aos 83 anos. Nascido em Campo Formoso, filho de Araguacy e Ulysses Gon\u00e7alves, era bisneto do ex-governador da Bahia, Jos\u00e9 Gon\u00e7alves da Silva.<\/p>\n\n\n\n<p>Jos\u00e9 Santana construiu uma trajet\u00f3ria marcada pelo compromisso p\u00fablico e pelo desenvolvimento do munic\u00edpio.<\/p>\n\n\n\n<p>Advogado e pecuarista, foi vereador, vice-prefeito e por duas vezes prefeito de Campo Formoso. Tamb\u00e9m atuou como deputado estadual por dois mandatos, deixando sua marca em comiss\u00f5es importantes da Assembleia Legislativa da Bahia.<\/p>\n\n\n\n<p>Com passagens pela Ferbasa e por entidades como o Rotary Clube, foi uma lideran\u00e7a influente e respeitada em toda Bahia.<\/p>\n\n\n\n<figure class=\"wp-block-image aligncenter size-full is-resized\"><a href=\"https:\/\/i0.wp.com\/blogdoeloiltoncajuhy.com.br\/site\/wp-content\/uploads\/2025\/04\/MC_Jose-Santana.jpeg?ssl=1\"><img data-recalc-dims=\"1\" decoding=\"async\" width=\"720\" height=\"714\" src=\"https:\/\/i0.wp.com\/blogdoeloiltoncajuhy.com.br\/site\/wp-content\/uploads\/2025\/04\/MC_Jose-Santana.jpeg?resize=720%2C714&#038;ssl=1\" alt=\"\" class=\"wp-image-87162\" style=\"width:549px;height:auto\" srcset=\"https:\/\/i0.wp.com\/blogdoeloiltoncajuhy.com.br\/site\/wp-content\/uploads\/2025\/04\/MC_Jose-Santana.jpeg?w=720&amp;ssl=1 720w, https:\/\/i0.wp.com\/blogdoeloiltoncajuhy.com.br\/site\/wp-content\/uploads\/2025\/04\/MC_Jose-Santana.jpeg?resize=300%2C298&amp;ssl=1 300w, https:\/\/i0.wp.com\/blogdoeloiltoncajuhy.com.br\/site\/wp-content\/uploads\/2025\/04\/MC_Jose-Santana.jpeg?resize=150%2C150&amp;ssl=1 150w\" sizes=\"(max-width: 720px) 100vw, 720px\" \/><\/a><figcaption class=\"wp-element-caption\"><sub>Foto: Minha Cidade Senhor do Bonfim<\/sub><\/figcaption><\/figure>\n\n\n\n<p><a href=\"https:\/\/whatsapp.com\/channel\/0029VaAT7tDLI8Yfj5y9Z50Z\"><strong><mark style=\"background-color:rgba(0, 0, 0, 0)\" class=\"has-inline-color has-vivid-red-color\">Siga nosso canal no WhatsApp e veja mais not\u00edcias<\/mark><\/strong><\/a><\/p>\n","protected":false},"excerpt":{"rendered":"<p>Por Minha Cidade Senhor do Bonfim A Bahia se despede neste s\u00e1bado (19) de Jos\u00e9 Joaquim de Santana, aos 83 anos. Nascido em Campo Formoso, filho de Araguacy e Ulysses Gon\u00e7alves, era bisneto do ex-governador da Bahia, Jos\u00e9 Gon\u00e7alves da Silva. Jos\u00e9 Santana construiu uma trajet\u00f3ria marcada pelo compromisso p\u00fablico e pelo desenvolvimento do munic\u00edpio. [&hellip;]<\/p>\n","protected":false},"author":2,"featured_media":87161,"comment_status":"open","ping_status":"open","sticky":false,"template":"","format":"standard","meta":{"_acf_changed":false,"_monsterinsights_skip_tracking":false,"_monsterinsights_sitenote_active":false,"_monsterinsights_sitenote_note":"","_monsterinsights_sitenote_category":0,"_jetpack_memberships_contains_paid_content":false,"footnotes":"","jetpack_publicize_message":"","jetpack_publicize_feature_enabled":true,"jetpack_social_post_already_shared":true,"jetpack_social_options":{"image_generator_settings":{"template":"highway","default_image_id":0,"font":"","enabled":false},"version":2}},"categories":[11],"tags":[],"class_list":["post-87160","post","type-post","status-publish","format-standard","has-post-thumbnail","hentry","category-regional"],"acf":[],"jetpack_publicize_connections":[],"jetpack_featured_media_url":"https:\/\/i0.wp.com\/blogdoeloiltoncajuhy.com.br\/site\/wp-content\/uploads\/2025\/04\/Jose-Santana.png?fit=661%2C635&ssl=1","jetpack_sharing_enabled":true,"publishpress_future_workflow_manual_trigger":{"enabledWorkflows":[]},"_links":{"self":[{"href":"https:\/\/blogdoeloiltoncajuhy.com.br\/site\/wp-json\/wp\/v2\/posts\/87160","targetHints":{"allow":["GET"]}}],"collection":[{"href":"https:\/\/blogdoeloiltoncajuhy.com.br\/site\/wp-json\/wp\/v2\/posts"}],"about":[{"href":"https:\/\/blogdoeloiltoncajuhy.com.br\/site\/wp-json\/wp\/v2\/types\/post"}],"author":[{"embeddable":true,"href":"https:\/\/blogdoeloiltoncajuhy.com.br\/site\/wp-json\/wp\/v2\/users\/2"}],"replies":[{"embeddable":true,"href":"https:\/\/blogdoeloiltoncajuhy.com.br\/site\/wp-json\/wp\/v2\/comments?post=87160"}],"version-history":[{"count":1,"href":"https:\/\/blogdoeloiltoncajuhy.com.br\/site\/wp-json\/wp\/v2\/posts\/87160\/revisions"}],"predecessor-version":[{"id":87163,"href":"https:\/\/blogdoeloiltoncajuhy.com.br\/site\/wp-json\/wp\/v2\/posts\/87160\/revisions\/87163"}],"wp:featuredmedia":[{"embeddable":true,"href":"https:\/\/blogdoeloiltoncajuhy.com.br\/site\/wp-json\/wp\/v2\/media\/87161"}],"wp:attachment":[{"href":"https:\/\/blogdoeloiltoncajuhy.com.br\/site\/wp-json\/wp\/v2\/media?parent=87160"}],"wp:term":[{"taxonomy":"category","embeddable":true,"href":"https:\/\/blogdoeloiltoncajuhy.com.br\/site\/wp-json\/wp\/v2\/categories?post=87160"},{"taxonomy":"post_tag","embeddable":true,"href":"https:\/\/blogdoeloiltoncajuhy.com.br\/site\/wp-json\/wp\/v2\/tags?post=87160"}],"curies":[{"name":"wp","href":"https:\/\/api.w.org\/{rel}","templated":true}]}}