{"id":87148,"date":"2025-04-17T17:07:45","date_gmt":"2025-04-17T20:07:45","guid":{"rendered":"https:\/\/blogdoeloiltoncajuhy.com.br\/site\/?p=87148"},"modified":"2025-04-17T17:08:54","modified_gmt":"2025-04-17T20:08:54","slug":"governo-federal-lanca-acao-para-vacinar-23-milhoes-de-estudantes-de-escolas-publicas-da-bahia","status":"publish","type":"post","link":"https:\/\/blogdoeloiltoncajuhy.com.br\/site\/governo-federal-lanca-acao-para-vacinar-23-milhoes-de-estudantes-de-escolas-publicas-da-bahia\/","title":{"rendered":"Governo Federal lan\u00e7a a\u00e7\u00e3o para vacinar 2,3 milh\u00f5es de estudantes de escolas p\u00fablicas da Bahia"},"content":{"rendered":"\n<p class=\"has-medium-font-size\"><strong>Iniciativa da Sa\u00fade e da Educa\u00e7\u00e3o est\u00e1 voltada para alunos de at\u00e9 15 anos. De forma in\u00e9dita, fam\u00edlias poder\u00e3o acompanhar e receber notifica\u00e7\u00f5es para a vacina\u00e7\u00e3o com a Caderneta da Crian\u00e7a agora na vers\u00e3o digital.<\/strong><\/p>\n\n\n\n<p><strong>Blog do Eloilton Cajuhy \u2013 BEC<\/strong><\/p>\n\n\n\n<figure class=\"wp-block-image aligncenter size-large\"><a href=\"https:\/\/i0.wp.com\/blogdoeloiltoncajuhy.com.br\/site\/wp-content\/uploads\/2022\/08\/Vacina_Sarampo_Foto-Marcelo-Camargo-Agencia-Brasil.jpg\"><img data-recalc-dims=\"1\" fetchpriority=\"high\" decoding=\"async\" width=\"800\" height=\"479\" src=\"https:\/\/i0.wp.com\/blogdoeloiltoncajuhy.com.br\/site\/wp-content\/uploads\/2022\/08\/Vacina_Sarampo_Foto-Marcelo-Camargo-Agencia-Brasil.jpg?resize=800%2C479\" alt=\"\" class=\"wp-image-67585\" srcset=\"https:\/\/i0.wp.com\/blogdoeloiltoncajuhy.com.br\/site\/wp-content\/uploads\/2022\/08\/Vacina_Sarampo_Foto-Marcelo-Camargo-Agencia-Brasil.jpg?resize=1024%2C613&amp;ssl=1 1024w, https:\/\/i0.wp.com\/blogdoeloiltoncajuhy.com.br\/site\/wp-content\/uploads\/2022\/08\/Vacina_Sarampo_Foto-Marcelo-Camargo-Agencia-Brasil.jpg?resize=300%2C179&amp;ssl=1 300w, https:\/\/i0.wp.com\/blogdoeloiltoncajuhy.com.br\/site\/wp-content\/uploads\/2022\/08\/Vacina_Sarampo_Foto-Marcelo-Camargo-Agencia-Brasil.jpg?resize=768%2C459&amp;ssl=1 768w, https:\/\/i0.wp.com\/blogdoeloiltoncajuhy.com.br\/site\/wp-content\/uploads\/2022\/08\/Vacina_Sarampo_Foto-Marcelo-Camargo-Agencia-Brasil.jpg?w=1170&amp;ssl=1 1170w\" sizes=\"(max-width: 800px) 100vw, 800px\" \/><\/a><figcaption class=\"wp-element-caption\"><sub>Foto: Marcelo Camargo\/Ag\u00eancia Brasil<\/sub><\/figcaption><\/figure>\n\n\n\n<p>At\u00e9 o dia 25 de abril, escolas p\u00fablicas de todo o pa\u00eds estar\u00e3o mobilizadas para atualizar a caderneta de vacina\u00e7\u00e3o dos estudantes. A a\u00e7\u00e3o faz parte do <a href=\"https:\/\/www.gov.br\/saude\/pt-br\/composicao\/saps\/pse\"><strong><mark style=\"background-color:rgba(0, 0, 0, 0)\" class=\"has-inline-color has-vivid-cyan-blue-color\">Programa Sa\u00fade na Escola<\/mark><\/strong><\/a>, que une esfor\u00e7os dos minist\u00e9rios da Sa\u00fade e da Educa\u00e7\u00e3o para ampliar a cobertura vacinal e proteger crian\u00e7as e adolescentes. Participam 5.544 munic\u00edpios, envolvendo 27,8 milh\u00f5es de alunos de 109,8 mil escolas, que representam 80% das institui\u00e7\u00f5es da rede p\u00fablica de ensino. \u00c9 a maior ades\u00e3o da hist\u00f3ria do programa criado em 2007. Na Bahia, todos os 417 munic\u00edpios aderiram ao programa. S\u00e3o 2,3 milh\u00f5es de alunos atendidos e 11.535 escolas pactuadas.<\/p>\n\n\n\n<p>Conforme a faixa et\u00e1ria de indica\u00e7\u00e3o da vacina, ser\u00e3o aplicadas doses das vacinas contra febre amarela, tr\u00edplice viral (sarampo, caxumba e rub\u00e9ola), DTP (tr\u00edplice bacteriana), meningoc\u00f3cica ACWY e HPV. As a\u00e7\u00f5es contam com a participa\u00e7\u00e3o dos profissionais do SUS, cujas equipes v\u00e3o vacinar no ambiente escolar ou as institui\u00e7\u00f5es de ensino levar\u00e3o os estudantes at\u00e9 uma Unidade B\u00e1sica de Sa\u00fade, sempre com a autoriza\u00e7\u00e3o dos respons\u00e1veis. Haver\u00e1 ainda checagem das cadernetas de vacina\u00e7\u00e3o para alertar pais e respons\u00e1veis sobre a necessidade de atualiza\u00e7\u00e3o.<\/p>\n\n\n\n<p><a href=\"https:\/\/whatsapp.com\/channel\/0029VaAT7tDLI8Yfj5y9Z50Z\"><strong><mark style=\"background-color:rgba(0, 0, 0, 0)\" class=\"has-inline-color has-vivid-red-color\">Siga nosso canal no WhatsApp e veja mais not\u00edcias<\/mark><\/strong><\/a><\/p>\n\n\n\n<p>&#8220;A escola representa uma grande oportunidade para vacinarmos esse p\u00fablico. Estamos falando de crian\u00e7as e adolescentes entre 9 e 14 anos \u2014 uma faixa et\u00e1ria que, muitas vezes, frequenta menos as unidades b\u00e1sicas de sa\u00fade. N\u00e3o \u00e9 t\u00e3o comum que pais ou respons\u00e1veis os levem at\u00e9 l\u00e1. Por isso, aproveitar o espa\u00e7o escolar n\u00e3o apenas para divulgar, mas tamb\u00e9m, quando necess\u00e1rio, para realizar a vacina\u00e7\u00e3o e promover a campanha \u00e9 fundamental\u201d, afirmou o ministro da Sa\u00fade, Alexandre Padilha.<\/p>\n\n\n\n<p>Para viabilizar essa estrat\u00e9gia, o Minist\u00e9rio da Sa\u00fade destinou R$ 150 milh\u00f5es, sendo R$ 15,9 milh\u00f5es alocados para os estados e R$ 134 milh\u00f5es, para os munic\u00edpios, considerando o tamanho do territ\u00f3rio, as dificuldades log\u00edsticas, o n\u00famero de escolas e as caracter\u00edsticas e necessidades espec\u00edficas de cada regi\u00e3o. A Bahia recebeu R$ 967,4 mil, j\u00e1 para as cidades do estado foram destinados R$12 milh\u00f5es.<\/p>\n\n\n\n<p class=\"has-black-color has-white-background-color has-text-color has-background has-link-color wp-elements-9b2f6de07516c23caf71ffc5bbf7f751\"><strong><a href=\"https:\/\/www.in.gov.br\/en\/web\/dou\/-\/portaria-gm\/ms-n-6.715-de-17-de-marco-de-2025-618256215\">Acesse a lista do valor destinado para os munic\u00edpios da Bahia<\/a><\/strong><\/p>\n\n\n\n<p>A partir deste ano, a vacina\u00e7\u00e3o nas escolas passa a ser reconhecida como estrat\u00e9gia espec\u00edfica de imuniza\u00e7\u00e3o. As doses aplicadas nas escolas ou por encaminhamento escolar devem ser registradas com a op\u00e7\u00e3o \u201cVacina\u00e7\u00e3o Escolar\u201d. O registro padronizado permitir\u00e1 monitoramento mais preciso do impacto da iniciativa.<\/p>\n\n\n\n<p>Com a ades\u00e3o hist\u00f3rica de munic\u00edpios no Sa\u00fade na Escola, 4,3 milh\u00f5es de estudantes passaram a ter acesso \u00e0s a\u00e7\u00f5es de promo\u00e7\u00e3o da sa\u00fade e preven\u00e7\u00e3o promovidas pelo programa desde 2022. Das 109,8 mil escolas participantes, 53,6 mil escolas t\u00eam maioria de alunos do Bolsa Fam\u00edlia. Outras 2.220 escolas est\u00e3o em territ\u00f3rios quilombolas e 1.782 escolas possuem ind\u00edgenas inclu\u00eddos.<\/p>\n\n\n\n<p>Houve um crescimento nas a\u00e7\u00f5es realizadas pelo Programa Sa\u00fade na Escola com foco na promo\u00e7\u00e3o da sa\u00fade de crian\u00e7as e adolescentes. Entre 2022 e 2024, os maiores crescimentos foram registrados nas \u00e1reas de sa\u00fade mental (77,68%), atividade f\u00edsica (73,61%), sa\u00fade bucal (67,01%) e verifica\u00e7\u00e3o da situa\u00e7\u00e3o vacinal (35,30%), demonstrando o fortalecimento do cuidado integral no ambiente escolar.<\/p>\n\n\n\n<p class=\"has-black-color has-text-color has-link-color wp-elements-8465b65083da9a512336bd490fcbfd05\"><strong>Caderneta de Sa\u00fade da Crian\u00e7a ganha vers\u00e3o digital: fam\u00edlias receber\u00e3o alertas para a vacina\u00e7\u00e3o das crian\u00e7as<\/strong><\/p>\n\n\n\n<p>Como parte das a\u00e7\u00f5es voltadas \u00e0 sa\u00fade infantil, o Minist\u00e9rio da Sa\u00fade lan\u00e7a a Caderneta Digital de Sa\u00fade da Crian\u00e7a, agora integrada ao aplicativo Meu SUS Digital. Os dados ser\u00e3o lan\u00e7ados em tempo real por meio da Rede Nacional de Dados em Sa\u00fade. De forma in\u00e9dita, as fam\u00edlias poder\u00e3o acompanhar o hist\u00f3rico de vacinas, com previs\u00e3o para as pr\u00f3ximas doses e envio de notifica\u00e7\u00f5es com lembretes para a hora de vacinar a crian\u00e7a.<\/p>\n\n\n\n<p>O ministro detalhou os avan\u00e7os e a praticidade que a Caderneta Digital de Sa\u00fade da Crian\u00e7a trar\u00e1 para as fam\u00edlias e como auxiliar\u00e1 na promo\u00e7\u00e3o da sa\u00fade infantil. &#8220;S\u00e3o duas novidades que v\u00eam com a caderneta digital, duas grandes vantagens para os pais. A primeira \u00e9 o simples fato de ela existir: aquela situa\u00e7\u00e3o em que o pai ou a m\u00e3e chega \u00e0 unidade de sa\u00fade ou \u00e0 escola e esquece a caderneta f\u00edsica, agora est\u00e1 resolvida \u2014 ela estar\u00e1 dispon\u00edvel no aplicativo. A outra \u00e9 que a caderneta digital ter\u00e1 mensagens ativas, ou seja, vai enviar alertas para o respons\u00e1vel informando que chegou a hora de vacinar ou de tomar uma dose de refor\u00e7o\u201d, explicou Padilha.<\/p>\n\n\n\n<p>Com a vers\u00e3o digital da Caderneta, pais, m\u00e3es, respons\u00e1veis e cuidadores ganham uma nova aliada na promo\u00e7\u00e3o da sa\u00fade infantil. Pelo celular, as fam\u00edlias ter\u00e3o acesso a informa\u00e7\u00f5es essenciais sobre os cuidados e o desenvolvimento das crian\u00e7as desde os primeiros dias de vida. Ela re\u00fane duas \u00e1reas fundamentais de aten\u00e7\u00e3o \u00e0 sa\u00fade infantil: Registros de Sa\u00fade e Cuidados da Fam\u00edlia.<\/p>\n\n\n\n<p>Na se\u00e7\u00e3o Registros de Sa\u00fade, \u00e9 poss\u00edvel acompanhar um panorama completo da sa\u00fade da crian\u00e7a, com informa\u00e7\u00f5es sobre vacina\u00e7\u00e3o, crescimento, desenvolvimento infantil, sa\u00fade bucal e o hist\u00f3rico cl\u00ednico. J\u00e1 a \u00e1rea de Cuidados da Fam\u00edlia oferece conte\u00fados interativos e educativos, com orienta\u00e7\u00f5es pr\u00e1ticas sobre amamenta\u00e7\u00e3o, alimenta\u00e7\u00e3o saud\u00e1vel, preven\u00e7\u00e3o de acidentes, uso consciente de eletr\u00f4nicos, combate \u00e0 viol\u00eancia, prematuridade e outros aspectos essenciais para o bem-estar infantil. Todos os conte\u00fados educativos da vers\u00e3o f\u00edsica da Caderneta agora tamb\u00e9m est\u00e3o dispon\u00edveis de forma digital e interativa, em um espa\u00e7o exclusivo no app.<\/p>\n\n\n\n<p class=\"has-black-color has-text-color has-link-color wp-elements-29a8b79c9192aa937ff1db2b2695c940\"><strong>Como acessar a Caderneta Digital de Sa\u00fade da Crian\u00e7a<\/strong><\/p>\n\n\n\n<p>O acesso \u00e0 Caderneta Digital de Sa\u00fade da Crian\u00e7a no aplicativo Meu SUS Digital \u00e9 simples e permite que pais e respons\u00e1veis acompanhem de perto a sa\u00fade e o desenvolvimento infantil. Para utilizar o servi\u00e7o, \u00e9 necess\u00e1rio que tanto o respons\u00e1vel quanto a crian\u00e7a possuam contas ativas no Gov.br.<\/p>\n\n\n\n<p class=\"has-black-color has-white-background-color has-text-color has-background has-link-color wp-elements-943133fccef30fa6b2ca8440d03fb7dd\"><strong><a href=\"https:\/\/www.gov.br\/saude\/caderneta-digital-da-crianca\">Saiba mais sobre a Caderneta Digital da Crian\u00e7a<\/a><\/strong><\/p>\n","protected":false},"excerpt":{"rendered":"<p>Iniciativa da Sa\u00fade e da Educa\u00e7\u00e3o est\u00e1 voltada para alunos de at\u00e9 15 anos. De forma in\u00e9dita, fam\u00edlias poder\u00e3o acompanhar e receber notifica\u00e7\u00f5es para a vacina\u00e7\u00e3o com a Caderneta da Crian\u00e7a agora na vers\u00e3o digital. Blog do Eloilton Cajuhy \u2013 BEC At\u00e9 o dia 25 de abril, escolas p\u00fablicas de todo o pa\u00eds estar\u00e3o mobilizadas [&hellip;]<\/p>\n","protected":false},"author":2,"featured_media":37918,"comment_status":"open","ping_status":"open","sticky":false,"template":"","format":"standard","meta":{"_acf_changed":false,"_monsterinsights_skip_tracking":false,"_monsterinsights_sitenote_active":false,"_monsterinsights_sitenote_note":"","_monsterinsights_sitenote_category":0,"_jetpack_memberships_contains_paid_content":false,"footnotes":"","jetpack_publicize_message":"","jetpack_publicize_feature_enabled":true,"jetpack_social_post_already_shared":false,"jetpack_social_options":{"image_generator_settings":{"template":"highway","enabled":false},"version":2}},"categories":[7],"tags":[],"class_list":["post-87148","post","type-post","status-publish","format-standard","has-post-thumbnail","hentry","category-saude"],"acf":[],"jetpack_publicize_connections":[],"jetpack_featured_media_url":"https:\/\/i0.wp.com\/blogdoeloiltoncajuhy.com.br\/site\/wp-content\/uploads\/2019\/10\/VacinaSarampo_2019.jpg?fit=754%2C503&ssl=1","jetpack_sharing_enabled":true,"publishpress_future_workflow_manual_trigger":{"enabledWorkflows":[]},"_links":{"self":[{"href":"https:\/\/blogdoeloiltoncajuhy.com.br\/site\/wp-json\/wp\/v2\/posts\/87148","targetHints":{"allow":["GET"]}}],"collection":[{"href":"https:\/\/blogdoeloiltoncajuhy.com.br\/site\/wp-json\/wp\/v2\/posts"}],"about":[{"href":"https:\/\/blogdoeloiltoncajuhy.com.br\/site\/wp-json\/wp\/v2\/types\/post"}],"author":[{"embeddable":true,"href":"https:\/\/blogdoeloiltoncajuhy.com.br\/site\/wp-json\/wp\/v2\/users\/2"}],"replies":[{"embeddable":true,"href":"https:\/\/blogdoeloiltoncajuhy.com.br\/site\/wp-json\/wp\/v2\/comments?post=87148"}],"version-history":[{"count":2,"href":"https:\/\/blogdoeloiltoncajuhy.com.br\/site\/wp-json\/wp\/v2\/posts\/87148\/revisions"}],"predecessor-version":[{"id":87150,"href":"https:\/\/blogdoeloiltoncajuhy.com.br\/site\/wp-json\/wp\/v2\/posts\/87148\/revisions\/87150"}],"wp:featuredmedia":[{"embeddable":true,"href":"https:\/\/blogdoeloiltoncajuhy.com.br\/site\/wp-json\/wp\/v2\/media\/37918"}],"wp:attachment":[{"href":"https:\/\/blogdoeloiltoncajuhy.com.br\/site\/wp-json\/wp\/v2\/media?parent=87148"}],"wp:term":[{"taxonomy":"category","embeddable":true,"href":"https:\/\/blogdoeloiltoncajuhy.com.br\/site\/wp-json\/wp\/v2\/categories?post=87148"},{"taxonomy":"post_tag","embeddable":true,"href":"https:\/\/blogdoeloiltoncajuhy.com.br\/site\/wp-json\/wp\/v2\/tags?post=87148"}],"curies":[{"name":"wp","href":"https:\/\/api.w.org\/{rel}","templated":true}]}}