{"id":87139,"date":"2025-04-17T08:26:54","date_gmt":"2025-04-17T11:26:54","guid":{"rendered":"https:\/\/blogdoeloiltoncajuhy.com.br\/site\/?p=87139"},"modified":"2025-04-17T08:26:55","modified_gmt":"2025-04-17T11:26:55","slug":"idoso-foragido-da-justica-de-sergipe-e-preso-na-bahia-suspeito-diz-que-tem-mais-de-80-filhos-e-deve-pensao-alimenticia","status":"publish","type":"post","link":"https:\/\/blogdoeloiltoncajuhy.com.br\/site\/idoso-foragido-da-justica-de-sergipe-e-preso-na-bahia-suspeito-diz-que-tem-mais-de-80-filhos-e-deve-pensao-alimenticia\/","title":{"rendered":"Idoso foragido da Justi\u00e7a de Sergipe \u00e9 preso na Bahia; suspeito diz que tem mais de 80 filhos e deve pens\u00e3o aliment\u00edcia"},"content":{"rendered":"\n<p class=\"has-medium-font-size\"><strong>Homem teve mandado de pris\u00e3o cumprido por uso de documentos falsos e les\u00e3o corporal, nesta quarta-feira (16).<\/strong><\/p>\n\n\n\n<p><strong>Por g1 Feira de Santana e regi\u00e3o<\/strong><\/p>\n\n\n\n<figure class=\"wp-block-image aligncenter size-full is-resized\"><a href=\"https:\/\/i0.wp.com\/blogdoeloiltoncajuhy.com.br\/site\/wp-content\/uploads\/2023\/05\/viatura-PM-policia-O-Diario-de-Teresopolis.jpg\"><img data-recalc-dims=\"1\" fetchpriority=\"high\" decoding=\"async\" width=\"724\" height=\"543\" src=\"https:\/\/i0.wp.com\/blogdoeloiltoncajuhy.com.br\/site\/wp-content\/uploads\/2023\/05\/viatura-PM-policia-O-Diario-de-Teresopolis.jpg?resize=724%2C543\" alt=\"\" class=\"wp-image-74303\" style=\"width:660px;height:auto\" srcset=\"https:\/\/i0.wp.com\/blogdoeloiltoncajuhy.com.br\/site\/wp-content\/uploads\/2023\/05\/viatura-PM-policia-O-Diario-de-Teresopolis.jpg?w=724&amp;ssl=1 724w, https:\/\/i0.wp.com\/blogdoeloiltoncajuhy.com.br\/site\/wp-content\/uploads\/2023\/05\/viatura-PM-policia-O-Diario-de-Teresopolis.jpg?resize=300%2C225&amp;ssl=1 300w\" sizes=\"(max-width: 724px) 100vw, 724px\" \/><\/a><figcaption class=\"wp-element-caption\"><sub>Idoso foragido da Justi\u00e7a de Sergipe \u00e9 preso na Bahia; suspeito diz que tem mais de 80 filhos e deve pens\u00e3o aliment\u00edcia &#8211; Foto: Di\u00e1rio de Teres\u00f3polis<\/sub><\/figcaption><\/figure>\n\n\n\n<p>Um homem de 61 anos, que era considerado foragido da Justi\u00e7a de Sergipe, foi preso nesta quarta-feira (16), em Feira de Santana, segunda maior cidade da Bahia. Contra ele, havia mandado de pris\u00e3o em aberto por les\u00e3o corporal e uso de documentos falsos.<\/p>\n\n\n\n<p><a href=\"https:\/\/whatsapp.com\/channel\/0029VaAT7tDLI8Yfj5y9Z50Z\"><strong><mark style=\"background-color:rgba(0, 0, 0, 0)\" class=\"has-inline-color has-vivid-red-color\">Siga nosso canal no WhatsApp e veja mais not\u00edcias<\/mark><\/strong><\/a><\/p>\n\n\n\n<p>Segundo a Pol\u00edcia Militar (PM), durante o registro da ocorr\u00eancia, o suspeito declarou ser pai de 86 filhos, sendo 57 registrados por ele. Na delegacia, ficou comprovado, ainda, que ele possui d\u00edvida de pens\u00e3o aliment\u00edcia. O valor, no entanto, n\u00e3o foi divulgado.<\/p>\n\n\n\n<p>A pris\u00e3o foi realizada por equipes da 64\u00aa Companhia Independente da Pol\u00edcia Militar (CIPM), ap\u00f3s o Centro Integrado de Comunica\u00e7\u00e3o (Cicom) emitir um alerta com as caracter\u00edsticas do suspeito, cujas imagens foram captadas por c\u00e2meras na Rua Ol\u00edmpio Vital, no Centro da cidade. O nome dele n\u00e3o foi divulgado.<\/p>\n\n\n\n<p>O idoso foi localizado e abordado na Avenida Padre Jos\u00e9 de Anchieta, tamb\u00e9m na regi\u00e3o central da cidade. Ap\u00f3s a a\u00e7\u00e3o, a pol\u00edcia confirmou a identidade dele e a exist\u00eancia do mandado de pris\u00e3o pendente. As circunst\u00e2ncias dos crimes cometidos por ele n\u00e3o foram reveladas.<\/p>\n\n\n\n<p>Depois de apresentado na delegacia pelos policiais militares, o suspeito passou por exames de praxe e est\u00e1 \u00e0 disposi\u00e7\u00e3o da Justi\u00e7a. A pol\u00edcia n\u00e3o detalhou se ele ser\u00e1 transferido para Sergipe.<\/p>\n","protected":false},"excerpt":{"rendered":"<p>Homem teve mandado de pris\u00e3o cumprido por uso de documentos falsos e les\u00e3o corporal, nesta quarta-feira (16). Por g1 Feira de Santana e regi\u00e3o Um homem de 61 anos, que era considerado foragido da Justi\u00e7a de Sergipe, foi preso nesta quarta-feira (16), em Feira de Santana, segunda maior cidade da Bahia. Contra ele, havia mandado [&hellip;]<\/p>\n","protected":false},"author":2,"featured_media":74303,"comment_status":"open","ping_status":"open","sticky":false,"template":"","format":"standard","meta":{"_acf_changed":false,"_monsterinsights_skip_tracking":false,"_monsterinsights_sitenote_active":false,"_monsterinsights_sitenote_note":"","_monsterinsights_sitenote_category":0,"_jetpack_memberships_contains_paid_content":false,"footnotes":"","jetpack_publicize_message":"","jetpack_publicize_feature_enabled":true,"jetpack_social_post_already_shared":true,"jetpack_social_options":{"image_generator_settings":{"template":"highway","default_image_id":0,"font":"","enabled":false},"version":2}},"categories":[15],"tags":[],"class_list":["post-87139","post","type-post","status-publish","format-standard","has-post-thumbnail","hentry","category-policia"],"acf":[],"jetpack_publicize_connections":[],"jetpack_featured_media_url":"https:\/\/i0.wp.com\/blogdoeloiltoncajuhy.com.br\/site\/wp-content\/uploads\/2023\/05\/viatura-PM-policia-O-Diario-de-Teresopolis.jpg?fit=724%2C543&ssl=1","jetpack_sharing_enabled":true,"publishpress_future_workflow_manual_trigger":{"enabledWorkflows":[]},"_links":{"self":[{"href":"https:\/\/blogdoeloiltoncajuhy.com.br\/site\/wp-json\/wp\/v2\/posts\/87139","targetHints":{"allow":["GET"]}}],"collection":[{"href":"https:\/\/blogdoeloiltoncajuhy.com.br\/site\/wp-json\/wp\/v2\/posts"}],"about":[{"href":"https:\/\/blogdoeloiltoncajuhy.com.br\/site\/wp-json\/wp\/v2\/types\/post"}],"author":[{"embeddable":true,"href":"https:\/\/blogdoeloiltoncajuhy.com.br\/site\/wp-json\/wp\/v2\/users\/2"}],"replies":[{"embeddable":true,"href":"https:\/\/blogdoeloiltoncajuhy.com.br\/site\/wp-json\/wp\/v2\/comments?post=87139"}],"version-history":[{"count":1,"href":"https:\/\/blogdoeloiltoncajuhy.com.br\/site\/wp-json\/wp\/v2\/posts\/87139\/revisions"}],"predecessor-version":[{"id":87140,"href":"https:\/\/blogdoeloiltoncajuhy.com.br\/site\/wp-json\/wp\/v2\/posts\/87139\/revisions\/87140"}],"wp:featuredmedia":[{"embeddable":true,"href":"https:\/\/blogdoeloiltoncajuhy.com.br\/site\/wp-json\/wp\/v2\/media\/74303"}],"wp:attachment":[{"href":"https:\/\/blogdoeloiltoncajuhy.com.br\/site\/wp-json\/wp\/v2\/media?parent=87139"}],"wp:term":[{"taxonomy":"category","embeddable":true,"href":"https:\/\/blogdoeloiltoncajuhy.com.br\/site\/wp-json\/wp\/v2\/categories?post=87139"},{"taxonomy":"post_tag","embeddable":true,"href":"https:\/\/blogdoeloiltoncajuhy.com.br\/site\/wp-json\/wp\/v2\/tags?post=87139"}],"curies":[{"name":"wp","href":"https:\/\/api.w.org\/{rel}","templated":true}]}}