{"id":87136,"date":"2025-04-17T07:25:19","date_gmt":"2025-04-17T10:25:19","guid":{"rendered":"https:\/\/blogdoeloiltoncajuhy.com.br\/site\/?p=87136"},"modified":"2025-04-17T07:25:21","modified_gmt":"2025-04-17T10:25:21","slug":"cantor-netinho-recebe-alta-hospitalar-e-afirma-que-terminou-segunda-fase-do-tratamento-contra-cancer-linfatico","status":"publish","type":"post","link":"https:\/\/blogdoeloiltoncajuhy.com.br\/site\/cantor-netinho-recebe-alta-hospitalar-e-afirma-que-terminou-segunda-fase-do-tratamento-contra-cancer-linfatico\/","title":{"rendered":"Cantor Netinho recebe alta hospitalar e afirma que terminou segunda fase do tratamento contra c\u00e2ncer linf\u00e1tico"},"content":{"rendered":"\n<p class=\"has-medium-font-size\"><strong>Artista revelou o diagn\u00f3stico da doen\u00e7a em mar\u00e7o e contou que vai ser submetido a um transplante de medula \u00f3ssea.<\/strong><\/p>\n\n\n\n<p><strong>Por g1 BA<\/strong><\/p>\n\n\n\n<figure class=\"wp-block-image aligncenter size-full\"><a href=\"https:\/\/i0.wp.com\/blogdoeloiltoncajuhy.com.br\/site\/wp-content\/uploads\/2025\/04\/Cantor-Netinho-recebe-alta-%E2%80%94-Foto-Reproducao-Redes-Sociais.png?ssl=1\"><img data-recalc-dims=\"1\" fetchpriority=\"high\" decoding=\"async\" width=\"416\" height=\"525\" src=\"https:\/\/i0.wp.com\/blogdoeloiltoncajuhy.com.br\/site\/wp-content\/uploads\/2025\/04\/Cantor-Netinho-recebe-alta-%E2%80%94-Foto-Reproducao-Redes-Sociais.png?resize=416%2C525&#038;ssl=1\" alt=\"\" class=\"wp-image-87137\" srcset=\"https:\/\/i0.wp.com\/blogdoeloiltoncajuhy.com.br\/site\/wp-content\/uploads\/2025\/04\/Cantor-Netinho-recebe-alta-%E2%80%94-Foto-Reproducao-Redes-Sociais.png?w=416&amp;ssl=1 416w, https:\/\/i0.wp.com\/blogdoeloiltoncajuhy.com.br\/site\/wp-content\/uploads\/2025\/04\/Cantor-Netinho-recebe-alta-%E2%80%94-Foto-Reproducao-Redes-Sociais.png?resize=238%2C300&amp;ssl=1 238w\" sizes=\"(max-width: 416px) 100vw, 416px\" \/><\/a><figcaption class=\"wp-element-caption\"><sub>Cantor Netinho recebe alta e diz que terminou segunda fase do tratamento contra c\u00e2ncer linf\u00e1tico \u2014 Foto: Reprodu\u00e7\u00e3o\/Redes Sociais<\/sub><\/figcaption><\/figure>\n\n\n\n<p><a href=\"https:\/\/whatsapp.com\/channel\/0029VaAT7tDLI8Yfj5y9Z50Z\"><strong><mark style=\"background-color:rgba(0, 0, 0, 0)\" class=\"has-inline-color has-vivid-red-color\">Siga nosso canal no WhatsApp e veja mais not\u00edcias<\/mark><\/strong><\/a><\/p>\n\n\n\n<p>O cantor Netinho, de 58 anos, disse atrav\u00e9s das redes sociais, nesta quarta-feira (16), que recebeu alta hospitalar e encerrou a segunda fase do tratamento contra c\u00e2ncer no sistema linf\u00e1tico.<\/p>\n\n\n\n<p>O artista estava internado no hospital Alian\u00e7a Star, em Salvador. Ele revelou o diagn\u00f3stico do linfoma em mar\u00e7o e est\u00e1 mostrando as etapas do tratamento, pela internet.<\/p>\n\n\n\n<blockquote class=\"wp-block-quote is-layout-flow wp-block-quote-is-layout-flow\">\n<p><strong><mark style=\"background-color:rgba(0, 0, 0, 0)\" class=\"has-inline-color has-black-color\">&#8220;J\u00e1 estou de alta, indo para casa, \u00e9 minha segunda alta. Voltarei dia 28 para a terceira etapa da quimio&#8221;, disse o cantor.<\/mark><\/strong><\/p>\n<\/blockquote>\n\n\n\n<p>Netinho ainda exibiu uma flor que ele plantou quando foi internado pela primeira vez, em fevereiro, e agradeceu os atendimentos da equipe do hospital. &#8220;Como eu disse na primeira alta, cada flor que nasce aqui, d\u00e1 mais energia, sa\u00fade, for\u00e7a e coragem para todo mundo que est\u00e1 internado aqui no Alian\u00e7a&#8221;, falou o artista.<\/p>\n\n\n\n<h4 class=\"wp-block-heading\"><strong><mark style=\"background-color:rgba(0, 0, 0, 0)\" class=\"has-inline-color has-black-color\">Transplante<\/mark><\/strong><\/h4>\n\n\n\n<p>No dia 11 de abril, Netinho revelou nas redes sociais que vai ser submetido a um transplante de medula \u00f3ssea como parte do tratamento. O artista detalhou que, no total, ser\u00e3o seis fases.<\/p>\n\n\n\n<blockquote class=\"wp-block-quote is-layout-flow wp-block-quote-is-layout-flow\">\n<p><strong><mark style=\"background-color:rgba(0, 0, 0, 0)\" class=\"has-inline-color has-black-color\">&#8220;Ser\u00e1 sem doador, um transplante de mim para mim mesmo. Vou fazer as fases todas. Tudo indo muito certo&#8221;, afirmou.<\/mark><\/strong><\/p>\n<\/blockquote>\n\n\n\n<p>O transplante de medula \u00f3ssea \u00e9 um tipo de tratamento proposto para algumas doen\u00e7as que afetam as c\u00e9lulas do sangue, como o linfoma, e consiste na substitui\u00e7\u00e3o de uma medula \u00f3ssea doente ou deficit\u00e1ria por c\u00e9lulas normais, com o objetivo de reconstitui\u00e7\u00e3o de uma medula saud\u00e1vel.<\/p>\n\n\n\n<p>O transplante pode ser autog\u00eanico, quando a medula vem do pr\u00f3prio paciente, conforme dito pelo cantor Netinho. J\u00e1 no transplante alog\u00eanico, a medula vem de um doador.<\/p>\n\n\n\n<p>O procedimento ainda pode ser feito a partir de c\u00e9lulas precursoras de medula \u00f3ssea, isto \u00e9, obtidas do sangue circulante de um doador ou do cord\u00e3o umbilical.<\/p>\n","protected":false},"excerpt":{"rendered":"<p>Artista revelou o diagn\u00f3stico da doen\u00e7a em mar\u00e7o e contou que vai ser submetido a um transplante de medula \u00f3ssea. Por g1 BA Siga nosso canal no WhatsApp e veja mais not\u00edcias O cantor Netinho, de 58 anos, disse atrav\u00e9s das redes sociais, nesta quarta-feira (16), que recebeu alta hospitalar e encerrou a segunda fase [&hellip;]<\/p>\n","protected":false},"author":2,"featured_media":87137,"comment_status":"open","ping_status":"open","sticky":false,"template":"","format":"standard","meta":{"_acf_changed":false,"_monsterinsights_skip_tracking":false,"_monsterinsights_sitenote_active":false,"_monsterinsights_sitenote_note":"","_monsterinsights_sitenote_category":0,"_jetpack_memberships_contains_paid_content":false,"footnotes":"","jetpack_publicize_message":"","jetpack_publicize_feature_enabled":true,"jetpack_social_post_already_shared":true,"jetpack_social_options":{"image_generator_settings":{"template":"highway","default_image_id":0,"font":"","enabled":false},"version":2}},"categories":[8],"tags":[],"class_list":["post-87136","post","type-post","status-publish","format-standard","has-post-thumbnail","hentry","category-cultura"],"acf":[],"jetpack_publicize_connections":[],"jetpack_featured_media_url":"https:\/\/i0.wp.com\/blogdoeloiltoncajuhy.com.br\/site\/wp-content\/uploads\/2025\/04\/Cantor-Netinho-recebe-alta-%E2%80%94-Foto-Reproducao-Redes-Sociais.png?fit=416%2C525&ssl=1","jetpack_sharing_enabled":true,"publishpress_future_workflow_manual_trigger":{"enabledWorkflows":[]},"_links":{"self":[{"href":"https:\/\/blogdoeloiltoncajuhy.com.br\/site\/wp-json\/wp\/v2\/posts\/87136","targetHints":{"allow":["GET"]}}],"collection":[{"href":"https:\/\/blogdoeloiltoncajuhy.com.br\/site\/wp-json\/wp\/v2\/posts"}],"about":[{"href":"https:\/\/blogdoeloiltoncajuhy.com.br\/site\/wp-json\/wp\/v2\/types\/post"}],"author":[{"embeddable":true,"href":"https:\/\/blogdoeloiltoncajuhy.com.br\/site\/wp-json\/wp\/v2\/users\/2"}],"replies":[{"embeddable":true,"href":"https:\/\/blogdoeloiltoncajuhy.com.br\/site\/wp-json\/wp\/v2\/comments?post=87136"}],"version-history":[{"count":1,"href":"https:\/\/blogdoeloiltoncajuhy.com.br\/site\/wp-json\/wp\/v2\/posts\/87136\/revisions"}],"predecessor-version":[{"id":87138,"href":"https:\/\/blogdoeloiltoncajuhy.com.br\/site\/wp-json\/wp\/v2\/posts\/87136\/revisions\/87138"}],"wp:featuredmedia":[{"embeddable":true,"href":"https:\/\/blogdoeloiltoncajuhy.com.br\/site\/wp-json\/wp\/v2\/media\/87137"}],"wp:attachment":[{"href":"https:\/\/blogdoeloiltoncajuhy.com.br\/site\/wp-json\/wp\/v2\/media?parent=87136"}],"wp:term":[{"taxonomy":"category","embeddable":true,"href":"https:\/\/blogdoeloiltoncajuhy.com.br\/site\/wp-json\/wp\/v2\/categories?post=87136"},{"taxonomy":"post_tag","embeddable":true,"href":"https:\/\/blogdoeloiltoncajuhy.com.br\/site\/wp-json\/wp\/v2\/tags?post=87136"}],"curies":[{"name":"wp","href":"https:\/\/api.w.org\/{rel}","templated":true}]}}