{"id":87130,"date":"2025-04-16T17:26:30","date_gmt":"2025-04-16T20:26:30","guid":{"rendered":"https:\/\/blogdoeloiltoncajuhy.com.br\/site\/?p=87130"},"modified":"2025-04-16T17:26:32","modified_gmt":"2025-04-16T20:26:32","slug":"agricultora-baiana-tem-processo-de-beatificacao-iniciado-pelo-vaticano-e-pode-se-tornar-a-segunda-santa-do-estado","status":"publish","type":"post","link":"https:\/\/blogdoeloiltoncajuhy.com.br\/site\/agricultora-baiana-tem-processo-de-beatificacao-iniciado-pelo-vaticano-e-pode-se-tornar-a-segunda-santa-do-estado\/","title":{"rendered":"Agricultora baiana tem processo de beatifica\u00e7\u00e3o iniciado pelo Vaticano e pode se tornar a segunda santa do estado"},"content":{"rendered":"\n<p class=\"has-medium-font-size\"><strong>Maria Milza viveu em comunidade rural de Itaberaba, no interior da Bahia, e ficou conhecida por vida de ora\u00e7\u00e3o, caridade e dedica\u00e7\u00e3o aos pobres, assim como Santa Dulce dos Pobres. Estudo come\u00e7a em agosto.<\/strong><\/p>\n\n\n\n<p><strong>Por Alan Oliveira, Ketheleen Serra, g1 Feira de Santana e regi\u00e3o<\/strong><\/p>\n\n\n\n<figure class=\"wp-block-image aligncenter size-full is-resized\"><a href=\"https:\/\/i0.wp.com\/blogdoeloiltoncajuhy.com.br\/site\/wp-content\/uploads\/2025\/04\/Maria-Milza-dos-Santos-Fonseca-pode-ser-chamada-oficialmente-de-Serva-de-Deus-%E2%80%94-Foto-Raica-Beatriz-Pascom-Diocesana-de-Ruy-Barbosa.png?ssl=1\"><img data-recalc-dims=\"1\" fetchpriority=\"high\" decoding=\"async\" width=\"477\" height=\"482\" src=\"https:\/\/i0.wp.com\/blogdoeloiltoncajuhy.com.br\/site\/wp-content\/uploads\/2025\/04\/Maria-Milza-dos-Santos-Fonseca-pode-ser-chamada-oficialmente-de-Serva-de-Deus-%E2%80%94-Foto-Raica-Beatriz-Pascom-Diocesana-de-Ruy-Barbosa.png?resize=477%2C482&#038;ssl=1\" alt=\"\" class=\"wp-image-87131\" style=\"width:552px;height:auto\" srcset=\"https:\/\/i0.wp.com\/blogdoeloiltoncajuhy.com.br\/site\/wp-content\/uploads\/2025\/04\/Maria-Milza-dos-Santos-Fonseca-pode-ser-chamada-oficialmente-de-Serva-de-Deus-%E2%80%94-Foto-Raica-Beatriz-Pascom-Diocesana-de-Ruy-Barbosa.png?w=477&amp;ssl=1 477w, https:\/\/i0.wp.com\/blogdoeloiltoncajuhy.com.br\/site\/wp-content\/uploads\/2025\/04\/Maria-Milza-dos-Santos-Fonseca-pode-ser-chamada-oficialmente-de-Serva-de-Deus-%E2%80%94-Foto-Raica-Beatriz-Pascom-Diocesana-de-Ruy-Barbosa.png?resize=297%2C300&amp;ssl=1 297w\" sizes=\"(max-width: 477px) 100vw, 477px\" \/><\/a><figcaption class=\"wp-element-caption\"><sub>Maria Milza dos Santos Fonseca pode ser chamada oficialmente de Serva de Deus \u2014 Foto: Raica Beatriz\/Pascom-Diocesana de Ruy Barbosa<\/sub><\/figcaption><\/figure>\n\n\n\n<p>A agricultora Maria Milza dos Santos Fonseca, que viveu em Itaberaba, no interior da Bahia, teve o processo de beatifica\u00e7\u00e3o autorizado pelo Vaticano, em Roma. A partir de agora, ela j\u00e1 pode ser chamada oficialmente de Serva de Deus, primeiro passo no caminho para poss\u00edvel canoniza\u00e7\u00e3o.<\/p>\n\n\n\n<p>O an\u00fancio foi feito na ter\u00e7a-feira (15), ap\u00f3s o recebimento da carta oficial do Dicast\u00e9rio para as Causas dos Santos, \u00f3rg\u00e3o respons\u00e1vel pela condu\u00e7\u00e3o das causas de canoniza\u00e7\u00e3o na Igreja Cat\u00f3lica, assinada pelo cardeal Marcellus Semeraro, prefeito da Congrega\u00e7\u00e3o. O documento confirma que n\u00e3o h\u00e1 impedimentos para que o processo prossiga.<\/p>\n\n\n\n<p><a href=\"https:\/\/whatsapp.com\/channel\/0029VaAT7tDLI8Yfj5y9Z50Z\"><strong><mark style=\"background-color:rgba(0, 0, 0, 0)\" class=\"has-inline-color has-vivid-red-color\">Siga nosso canal no WhatsApp e veja mais not\u00edcias<\/mark><\/strong><\/a><\/p>\n\n\n\n<p>O pedido foi feito pelo bispo da Diocese de Ruy Barbosa, Dom Estevam dos Santos Silva Filho, em agosto de 2024. A resposta oficial do Vaticano chegou em fevereiro deste ano e foi anunciada publicamente nesta semana, com grande como\u00e7\u00e3o entre fi\u00e9is da regi\u00e3o.<\/p>\n\n\n\n<p>A primeira etapa do processo ser\u00e1 a fase diocesana, que come\u00e7a no dia 15 de agosto de 2025, data que marca os 102 anos do nascimento de Maria Milza. A cerim\u00f4nia ocorrer\u00e1 no povoado de Alagoas onde ela morava, e um tribunal eclesi\u00e1stico ser\u00e1 respons\u00e1vel por conduzir a investiga\u00e7\u00e3o sobre sua vida e virtudes.<\/p>\n\n\n\n<p>Esse tribunal ser\u00e1 respons\u00e1vel por reunir testemunhos, documentos e relatos sobre a vida e as virtudes de Maria Milza, al\u00e9m de investigar poss\u00edveis gra\u00e7as ou milagres atribu\u00eddos \u00e0 intercess\u00e3o dela.<\/p>\n\n\n\n<blockquote class=\"wp-block-quote is-layout-flow wp-block-quote-is-layout-flow\">\n<p><strong><mark style=\"background-color:rgba(0, 0, 0, 0)\" class=\"has-inline-color has-black-color\">\u201cEste importante passo nos enche de esperan\u00e7a, pois nos aproxima do momento em que poderemos testemunhar a santidade de Maria Milza, nossa M\u00e3ezinha, que partiu para a Casa do Pai em 1993\u201d, declarou a Diocese em nota oficial.<\/mark><\/strong><\/p>\n<\/blockquote>\n\n\n\n<p>Com a autoriza\u00e7\u00e3o do Vaticano e o in\u00edcio da fase diocesana, a causa seguir\u00e1 conforme as \u201cNormas a serem seguidas nas Inquiri\u00e7\u00f5es a serem feitas pelos Bispos nas Causas dos Santos\u201d, publicadas pelo pr\u00f3prio Dicast\u00e9rio em 1983.<\/p>\n\n\n\n<p>Se, ap\u00f3s a an\u00e1lise, for reconhecida a viv\u00eancia de virtudes heroicas e a comprova\u00e7\u00e3o de um milagre, Maria Milza poder\u00e1 ser declarada Beata. A canoniza\u00e7\u00e3o, que a tornaria oficialmente santa, exige um segundo milagre ap\u00f3s a beatifica\u00e7\u00e3o.<\/p>\n\n\n\n<p>Enquanto isso, a Diocese convida os fi\u00e9is a se unirem em ora\u00e7\u00e3o. \u201cCom f\u00e9 e esperan\u00e7a, seguimos firmes neste caminho, confiantes na intercess\u00e3o da nossa querida M\u00e3ezinha\u201d, diz o comunicado oficial da Diocese.<\/p>\n\n\n\n<h4 class=\"wp-block-heading\"><strong><mark style=\"background-color:rgba(0, 0, 0, 0)\" class=\"has-inline-color has-black-color\">Quem foi Maria Milza<\/mark><\/strong><\/h4>\n\n\n\n<p>Nascida em 15 de agosto de 1923, na comunidade de Alagoas, Maria Milza era a ca\u00e7ula de 12 irm\u00e3os e cresceu em um lar de agricultores. Desde jovem, se destacou pela vida de ora\u00e7\u00e3o, solidariedade e dedica\u00e7\u00e3o aos mais pobres.<\/p>\n\n\n\n<p>Mesmo com poucos recursos, dividia tudo o que tinha com quem mais precisava. Trabalhava na casa de farinha da fam\u00edlia e oferecia alimentos como beiju e farinha de mandioca a moradores em situa\u00e7\u00e3o de fome. Caminhava por longas dist\u00e2ncias para visitar doentes e levava consolo espiritual, ora\u00e7\u00f5es e medicamentos.<\/p>\n\n\n\n<p>Al\u00e9m disso, alfabetizava crian\u00e7as da comunidade usando cartilhas cat\u00f3licas, ensinando leitura, escrita e valores crist\u00e3os. Sua casa virou ponto de refer\u00eancia para fi\u00e9is em busca de orienta\u00e7\u00e3o e apoio. Seu exemplo de f\u00e9 e solidariedade tornou refer\u00eancia na regi\u00e3o.<\/p>\n\n\n\n<p>Ela faleceu em 17 de dezembro de 1993, mas a devo\u00e7\u00e3o popular continua viva. O t\u00famulo de Maria Milza, localizado na capela de Santo Ant\u00f4nio, na comunidade de Alagoas, se transformou em um local de peregrina\u00e7\u00e3o para fi\u00e9is de v\u00e1rias regi\u00f5es.<\/p>\n\n\n\n<h4 class=\"wp-block-heading\"><strong><mark style=\"background-color:rgba(0, 0, 0, 0)\" class=\"has-inline-color has-black-color\">Encontro com Irm\u00e3 Dulce<\/mark><\/strong><\/h4>\n\n\n\n<figure class=\"wp-block-image aligncenter size-full is-resized\"><a href=\"https:\/\/i0.wp.com\/blogdoeloiltoncajuhy.com.br\/site\/wp-content\/uploads\/2025\/04\/Milza-e-Irma-Dulce-%E2%80%94-Foto-Raica-Beatriz-Pascom-Diocesana-de-Ruy-Barbosa.png?ssl=1\"><img data-recalc-dims=\"1\" decoding=\"async\" width=\"461\" height=\"481\" src=\"https:\/\/i0.wp.com\/blogdoeloiltoncajuhy.com.br\/site\/wp-content\/uploads\/2025\/04\/Milza-e-Irma-Dulce-%E2%80%94-Foto-Raica-Beatriz-Pascom-Diocesana-de-Ruy-Barbosa.png?resize=461%2C481&#038;ssl=1\" alt=\"\" class=\"wp-image-87132\" style=\"width:551px;height:auto\" srcset=\"https:\/\/i0.wp.com\/blogdoeloiltoncajuhy.com.br\/site\/wp-content\/uploads\/2025\/04\/Milza-e-Irma-Dulce-%E2%80%94-Foto-Raica-Beatriz-Pascom-Diocesana-de-Ruy-Barbosa.png?w=461&amp;ssl=1 461w, https:\/\/i0.wp.com\/blogdoeloiltoncajuhy.com.br\/site\/wp-content\/uploads\/2025\/04\/Milza-e-Irma-Dulce-%E2%80%94-Foto-Raica-Beatriz-Pascom-Diocesana-de-Ruy-Barbosa.png?resize=288%2C300&amp;ssl=1 288w\" sizes=\"(max-width: 461px) 100vw, 461px\" \/><\/a><figcaption class=\"wp-element-caption\"><sub>Em Fotografia, Milza aparece visitando Irm\u00e3 Dulce quando ela j\u00e1 estava muito doente e acamada, em 1990 \u2014 Foto: Raica Beatriz\/Pascom-Diocesana de Ruy Barbosa<\/sub><\/figcaption><\/figure>\n\n\n\n<p>Embora tenham se encontrado poucas vezes, h\u00e1 registros que indicam uma rela\u00e7\u00e3o de respeito e afinidade espiritual entre Maria Milza e Irm\u00e3 Dulce, a primeira santa brasileira. Em uma das raras imagens registradas entre 19 \u00e0 21 de setembro 1990, Milza aparece visitando Irm\u00e3 Dulce quando ela j\u00e1 estava muito doente e acamada.<\/p>\n\n\n\n<p>Ambas partilhavam da mesma espiritualidade baseada no cuidado e na caridade com os pobres, sendo refer\u00eancias de amor ao pr\u00f3ximo.<\/p>\n\n\n\n<h4 class=\"wp-block-heading\"><strong><mark style=\"background-color:rgba(0, 0, 0, 0)\" class=\"has-inline-color has-black-color\">Casa Memorial de Maria Milza<\/mark><\/strong><\/h4>\n\n\n\n<p>A resid\u00eancia onde Maria Milza morava, conhecida carinhosamente como a Casa de M\u00e3ezinha, foi durante sua vida um ponto de acolhimento para doentes, romeiros e pessoas em busca de conselhos e ora\u00e7\u00f5es. Ali, muitos relatam terem encontrado conforto espiritual e ajuda material.<\/p>\n\n\n\n<p>Segundo a Irm\u00e3 Claudia Concei\u00e7\u00e3o, da Comiss\u00e3o Hist\u00f3rica do Santu\u00e1rio Diocesano da Caridade Nossa Senhora das Gra\u00e7as, com o tempo, a crescente manifesta\u00e7\u00e3o de f\u00e9 popular e o reconhecimento da import\u00e2ncia de sua hist\u00f3ria, levaram \u00e0 transforma\u00e7\u00e3o da antiga casa no Memorial Maria Milza, um espa\u00e7o que preserva sua mem\u00f3ria, acolhe os devotos e testemunha a for\u00e7a da f\u00e9 e da gratid\u00e3o expressas atrav\u00e9s de objetos e mensagens, deixados ao longo do tempo, como testemunhos silenciosos de gra\u00e7as alcan\u00e7adas por intercess\u00e3o da &#8220;M\u00e3ezinha&#8221; Maria Milza.<\/p>\n\n\n\n<p>Hoje, o espa\u00e7o, localizado no povoado de Alagoas, no munic\u00edpio de Itaberaba, passou a receber ainda mais visitantes e se transformou em um memorial, que guarda objetos, cartas e ex-votos deixados por fi\u00e9is que atribuem gra\u00e7as \u00e0 sua intercess\u00e3o.<\/p>\n\n\n\n<figure class=\"wp-block-image aligncenter size-full\"><a href=\"https:\/\/i0.wp.com\/blogdoeloiltoncajuhy.com.br\/site\/wp-content\/uploads\/2025\/04\/Memorial-Maria-Milza-%E2%80%94-Foto-Raica-Beatriz-Pascom-Diocesana-de-Ruy-Barbosa.jpeg?ssl=1\"><img data-recalc-dims=\"1\" decoding=\"async\" width=\"800\" height=\"480\" src=\"https:\/\/i0.wp.com\/blogdoeloiltoncajuhy.com.br\/site\/wp-content\/uploads\/2025\/04\/Memorial-Maria-Milza-%E2%80%94-Foto-Raica-Beatriz-Pascom-Diocesana-de-Ruy-Barbosa.jpeg?resize=800%2C480&#038;ssl=1\" alt=\"\" class=\"wp-image-87133\" srcset=\"https:\/\/i0.wp.com\/blogdoeloiltoncajuhy.com.br\/site\/wp-content\/uploads\/2025\/04\/Memorial-Maria-Milza-%E2%80%94-Foto-Raica-Beatriz-Pascom-Diocesana-de-Ruy-Barbosa.jpeg?w=984&amp;ssl=1 984w, https:\/\/i0.wp.com\/blogdoeloiltoncajuhy.com.br\/site\/wp-content\/uploads\/2025\/04\/Memorial-Maria-Milza-%E2%80%94-Foto-Raica-Beatriz-Pascom-Diocesana-de-Ruy-Barbosa.jpeg?resize=300%2C180&amp;ssl=1 300w, https:\/\/i0.wp.com\/blogdoeloiltoncajuhy.com.br\/site\/wp-content\/uploads\/2025\/04\/Memorial-Maria-Milza-%E2%80%94-Foto-Raica-Beatriz-Pascom-Diocesana-de-Ruy-Barbosa.jpeg?resize=768%2C460&amp;ssl=1 768w\" sizes=\"(max-width: 800px) 100vw, 800px\" \/><\/a><figcaption class=\"wp-element-caption\"><sub>Memorial Maria Milza est\u00e1 localizada no povoado de Alagoas, no munic\u00edpio de Itaberaba \u2014 Foto: Raica Beatriz\/Pascom-Diocesana de Ruy Barbosa<\/sub><\/figcaption><\/figure>\n\n\n\n<figure class=\"wp-block-image aligncenter size-full\"><a href=\"https:\/\/i0.wp.com\/blogdoeloiltoncajuhy.com.br\/site\/wp-content\/uploads\/2025\/04\/A-residencia-onde-Maria-Milza-viveu-%E2%80%94-Foto-Raica-Beatriz-Pascom-Diocesana-de-Ruy-Barbosa.jpeg?ssl=1\"><img data-recalc-dims=\"1\" loading=\"lazy\" decoding=\"async\" width=\"800\" height=\"480\" src=\"https:\/\/i0.wp.com\/blogdoeloiltoncajuhy.com.br\/site\/wp-content\/uploads\/2025\/04\/A-residencia-onde-Maria-Milza-viveu-%E2%80%94-Foto-Raica-Beatriz-Pascom-Diocesana-de-Ruy-Barbosa.jpeg?resize=800%2C480&#038;ssl=1\" alt=\"\" class=\"wp-image-87134\" srcset=\"https:\/\/i0.wp.com\/blogdoeloiltoncajuhy.com.br\/site\/wp-content\/uploads\/2025\/04\/A-residencia-onde-Maria-Milza-viveu-%E2%80%94-Foto-Raica-Beatriz-Pascom-Diocesana-de-Ruy-Barbosa.jpeg?w=984&amp;ssl=1 984w, https:\/\/i0.wp.com\/blogdoeloiltoncajuhy.com.br\/site\/wp-content\/uploads\/2025\/04\/A-residencia-onde-Maria-Milza-viveu-%E2%80%94-Foto-Raica-Beatriz-Pascom-Diocesana-de-Ruy-Barbosa.jpeg?resize=300%2C180&amp;ssl=1 300w, https:\/\/i0.wp.com\/blogdoeloiltoncajuhy.com.br\/site\/wp-content\/uploads\/2025\/04\/A-residencia-onde-Maria-Milza-viveu-%E2%80%94-Foto-Raica-Beatriz-Pascom-Diocesana-de-Ruy-Barbosa.jpeg?resize=768%2C460&amp;ssl=1 768w\" sizes=\"(max-width: 800px) 100vw, 800px\" \/><\/a><figcaption class=\"wp-element-caption\"><sub>A resid\u00eancia onde Maria Milza viveu, conhecida carinhosamente como a Casa de M\u00e3ezinha \u2014 Foto: Raica Beatriz\/Pascom-Diocesana de Ruy Barbosa<\/sub><\/figcaption><\/figure>\n","protected":false},"excerpt":{"rendered":"<p>Maria Milza viveu em comunidade rural de Itaberaba, no interior da Bahia, e ficou conhecida por vida de ora\u00e7\u00e3o, caridade e dedica\u00e7\u00e3o aos pobres, assim como Santa Dulce dos Pobres. Estudo come\u00e7a em agosto. Por Alan Oliveira, Ketheleen Serra, g1 Feira de Santana e regi\u00e3o A agricultora Maria Milza dos Santos Fonseca, que viveu em [&hellip;]<\/p>\n","protected":false},"author":2,"featured_media":87131,"comment_status":"open","ping_status":"open","sticky":false,"template":"","format":"standard","meta":{"_acf_changed":false,"_monsterinsights_skip_tracking":false,"_monsterinsights_sitenote_active":false,"_monsterinsights_sitenote_note":"","_monsterinsights_sitenote_category":0,"_jetpack_memberships_contains_paid_content":false,"footnotes":"","jetpack_publicize_message":"","jetpack_publicize_feature_enabled":true,"jetpack_social_post_already_shared":true,"jetpack_social_options":{"image_generator_settings":{"template":"highway","default_image_id":0,"font":"","enabled":false},"version":2}},"categories":[1],"tags":[],"class_list":["post-87130","post","type-post","status-publish","format-standard","has-post-thumbnail","hentry","category-noticias"],"acf":[],"jetpack_publicize_connections":[],"jetpack_featured_media_url":"https:\/\/i0.wp.com\/blogdoeloiltoncajuhy.com.br\/site\/wp-content\/uploads\/2025\/04\/Maria-Milza-dos-Santos-Fonseca-pode-ser-chamada-oficialmente-de-Serva-de-Deus-%E2%80%94-Foto-Raica-Beatriz-Pascom-Diocesana-de-Ruy-Barbosa.png?fit=477%2C482&ssl=1","jetpack_sharing_enabled":true,"publishpress_future_workflow_manual_trigger":{"enabledWorkflows":[]},"_links":{"self":[{"href":"https:\/\/blogdoeloiltoncajuhy.com.br\/site\/wp-json\/wp\/v2\/posts\/87130","targetHints":{"allow":["GET"]}}],"collection":[{"href":"https:\/\/blogdoeloiltoncajuhy.com.br\/site\/wp-json\/wp\/v2\/posts"}],"about":[{"href":"https:\/\/blogdoeloiltoncajuhy.com.br\/site\/wp-json\/wp\/v2\/types\/post"}],"author":[{"embeddable":true,"href":"https:\/\/blogdoeloiltoncajuhy.com.br\/site\/wp-json\/wp\/v2\/users\/2"}],"replies":[{"embeddable":true,"href":"https:\/\/blogdoeloiltoncajuhy.com.br\/site\/wp-json\/wp\/v2\/comments?post=87130"}],"version-history":[{"count":1,"href":"https:\/\/blogdoeloiltoncajuhy.com.br\/site\/wp-json\/wp\/v2\/posts\/87130\/revisions"}],"predecessor-version":[{"id":87135,"href":"https:\/\/blogdoeloiltoncajuhy.com.br\/site\/wp-json\/wp\/v2\/posts\/87130\/revisions\/87135"}],"wp:featuredmedia":[{"embeddable":true,"href":"https:\/\/blogdoeloiltoncajuhy.com.br\/site\/wp-json\/wp\/v2\/media\/87131"}],"wp:attachment":[{"href":"https:\/\/blogdoeloiltoncajuhy.com.br\/site\/wp-json\/wp\/v2\/media?parent=87130"}],"wp:term":[{"taxonomy":"category","embeddable":true,"href":"https:\/\/blogdoeloiltoncajuhy.com.br\/site\/wp-json\/wp\/v2\/categories?post=87130"},{"taxonomy":"post_tag","embeddable":true,"href":"https:\/\/blogdoeloiltoncajuhy.com.br\/site\/wp-json\/wp\/v2\/tags?post=87130"}],"curies":[{"name":"wp","href":"https:\/\/api.w.org\/{rel}","templated":true}]}}